{"id":273887,"date":"2025-07-31T11:00:00","date_gmt":"2025-07-31T09:00:00","guid":{"rendered":"https:\/\/www.tucomarca.com\/wordpress\/segunda\/?p=273887"},"modified":"2025-07-31T12:27:34","modified_gmt":"2025-07-31T10:27:34","slug":"dimiteix-el-comissionat-per-a-la-reconstruccio-de-la-dana-jose-maria-angel","status":"publish","type":"post","link":"https:\/\/www.tucomarca.com\/wordpress\/segunda\/ca\/dimiteix-el-comissionat-per-a-la-reconstruccio-de-la-dana-jose-maria-angel\/","title":{"rendered":"Dimiteix el comissionat per a la reconstrucci\u00f3 de la DANA, Jos\u00e9 Mar\u00eda \u00c1ngel, despr\u00e9s de l&#8217;acusaci\u00f3 de falsejar el seu curr\u00edculum"},"content":{"rendered":"\n<p>El comissionat per a la reconstrucci\u00f3 de la DANA, Jos\u00e9 Mar\u00eda \u00c1ngel, ha presentat la seua dimissi\u00f3 despr\u00e9s de la pol\u00e8mica sorgida per un presumpte t\u00edtol universitari fals. L&#8217;Ag\u00e8ncia Valenciana Antifrau va alertar de possibles irregularitats en el diploma de Diplomat en Arxiv\u00edstica i Biblioteconomia que figura en el seu expedient com a funcionari de la Diputaci\u00f3 de Val\u00e8ncia, i que hauria utilitzat per a accedir a la seua pla\u00e7a en 1986. La Fiscalia Anticorrupci\u00f3 ha obert dilig\u00e8ncies d&#8217;investigaci\u00f3.<\/p>\n\n\n\n<p>\u00c1ngel nega haver com\u00e9s cap irregularitat i assegura que defensar\u00e0 el seu honor &#8220;on procedisca&#8221;. Encara aix\u00ed, l&#8217;esc\u00e0ndol i la falta d&#8217;explicacions clares li han portat a apartar-se del c\u00e0rrec i acollir-se a la jubilaci\u00f3. El Govern, encara que va demanar prud\u00e8ncia, no li va donar un suport expl\u00edcit.<\/p>\n\n\n\n<p><strong>Zulima P\u00e9rez substituir\u00e0 a Jos\u00e9 Mar\u00eda \u00c1ngel<\/strong><\/p>\n\n\n\n<p>L&#8217;actual assessora de la secretaria d&#8217;Estat de Pol\u00edtica Territorial\u00a0Zulima P\u00e9rez Segu\u00ed\u00a0ser\u00e0 la nova comissionada del Govern per a la DANA despr\u00e9s de la dimissi\u00f3 de Jos\u00e9 Mar\u00eda \u00c1ngel, una substituci\u00f3 que s&#8217;ha cuit tamb\u00e9 durant aquest dijous al mat\u00ed. No obstant aix\u00f2, segons ha transcendit el Consell de Ministres no podr\u00e0 aprovar la seua designaci\u00f3 fins al 26 d&#8217;agost.<\/p>\n","protected":false},"excerpt":{"rendered":"<div class=\"mh-excerpt\">El comissionat per a la reconstrucci\u00f3 de la DANA, Jos\u00e9 Mar\u00eda \u00c1ngel, ha presentat la seua dimissi\u00f3 despr\u00e9s de la pol\u00e8mica sorgida per un presumpte t\u00edtol universitari fals. L&#8217;Ag\u00e8ncia Valenciana Antifrau va alertar de possibles <a class=\"mh-excerpt-more\" href=\"https:\/\/www.tucomarca.com\/wordpress\/segunda\/ca\/dimiteix-el-comissionat-per-a-la-reconstruccio-de-la-dana-jose-maria-angel\/\" title=\"Dimiteix el comissionat per a la reconstrucci\u00f3 de la DANA, Jos\u00e9 Mar\u00eda \u00c1ngel, despr\u00e9s de l&#8217;acusaci\u00f3 de falsejar el seu curr\u00edculum\">[+] <\/a><\/div>\n","protected":false},"author":12,"featured_media":273886,"comment_status":"open","ping_status":"open","sticky":false,"template":"","format":"standard","meta":{"footnotes":""},"categories":[10892,21466,10898,10948,10894,10904,10893,10947,10896,10897],"tags":[10899,8360,11246,22854,22855,10433,11172,2142],"class_list":{"0":"post-273887","1":"post","2":"type-post","3":"status-publish","4":"format-standard","5":"has-post-thumbnail","7":"category-camp-de-turia-ca","8":"category-dana-ca","9":"category-ventana-ca","10":"category-infraestructuras-ca","11":"category-la-comarca-ca","12":"category-sin-categorizar-ca","13":"category-leliana-ca","14":"category-politica","15":"category-seccion-ca","16":"category-sucesos-la-comarca-ca","17":"tag-camp-de-turia-ca","18":"tag-dana","19":"tag-diputacio-de-valencia-ca","20":"tag-el-comisionado-para-la-reconstruccion-de-la-dana-ca","21":"tag-jose-maria-angel-ca","22":"tag-leliana","23":"tag-leliana-ca-2","24":"tag-la-comunitat"},"_links":{"self":[{"href":"https:\/\/www.tucomarca.com\/wordpress\/segunda\/ca\/wp-json\/wp\/v2\/posts\/273887","targetHints":{"allow":["GET"]}}],"collection":[{"href":"https:\/\/www.tucomarca.com\/wordpress\/segunda\/ca\/wp-json\/wp\/v2\/posts"}],"about":[{"href":"https:\/\/www.tucomarca.com\/wordpress\/segunda\/ca\/wp-json\/wp\/v2\/types\/post"}],"author":[{"embeddable":true,"href":"https:\/\/www.tucomarca.com\/wordpress\/segunda\/ca\/wp-json\/wp\/v2\/users\/12"}],"replies":[{"embeddable":true,"href":"https:\/\/www.tucomarca.com\/wordpress\/segunda\/ca\/wp-json\/wp\/v2\/comments?post=273887"}],"version-history":[{"count":0,"href":"https:\/\/www.tucomarca.com\/wordpress\/segunda\/ca\/wp-json\/wp\/v2\/posts\/273887\/revisions"}],"wp:featuredmedia":[{"embeddable":true,"href":"https:\/\/www.tucomarca.com\/wordpress\/segunda\/ca\/wp-json\/wp\/v2\/media\/273886"}],"wp:attachment":[{"href":"https:\/\/www.tucomarca.com\/wordpress\/segunda\/ca\/wp-json\/wp\/v2\/media?parent=273887"}],"wp:term":[{"taxonomy":"category","embeddable":true,"href":"https:\/\/www.tucomarca.com\/wordpress\/segunda\/ca\/wp-json\/wp\/v2\/categories?post=273887"},{"taxonomy":"post_tag","embeddable":true,"href":"https:\/\/www.tucomarca.com\/wordpress\/segunda\/ca\/wp-json\/wp\/v2\/tags?post=273887"}],"curies":[{"name":"wp","href":"https:\/\/api.w.org\/{rel}","templated":true}]}}