{"id":273985,"date":"2025-07-31T09:55:00","date_gmt":"2025-07-31T07:55:00","guid":{"rendered":"https:\/\/www.tucomarca.com\/wordpress\/segunda\/?p=273985"},"modified":"2025-07-31T19:30:35","modified_gmt":"2025-07-31T17:30:35","slug":"la-diputacio-convoca-les-ajudes-impulsem-turisme-2025-per-a-inversions-que-configuren-productes-turistics-locals-mes-competitius","status":"publish","type":"post","link":"https:\/\/www.tucomarca.com\/wordpress\/segunda\/ca\/la-diputacio-convoca-les-ajudes-impulsem-turisme-2025-per-a-inversions-que-configuren-productes-turistics-locals-mes-competitius\/","title":{"rendered":"La Diputaci\u00f3 convoca les ajudes &#8216;Impulsem Turisme&#8217; 2025 per a inversions que configuren productes tur\u00edstics locals m\u00e9s competitius"},"content":{"rendered":"\n<h3 class=\"wp-block-heading\"><strong>La corporaci\u00f3 provincial destina un pressupost de 400.000 euros a les subvencions, destinades a municipis menors de 30.000 habitants de la prov\u00edncia de Val\u00e8ncia<\/strong>.<\/h3>\n\n\n\n<p>La Diputaci\u00f3 de Val\u00e8ncia ha convocat les subvencions anuals del programa &#8216;Impulsem Turisme&#8217; 2025 destinades a inversions en infraestructures i equipaments de recursos tur\u00edstics realitzats en municipis menors de 30.000 habitants, en el present exercici, que permeten configurar productes i experi\u00e8ncies tur\u00edstiques locals m\u00e9s competitius.<\/p>\n\n\n\n<p>La corporaci\u00f3 provincial va publicar ahir 30 de juliol, en el Butllet\u00ed Oficial de la Prov\u00edncia (BOP) la convocat\u00f2ria, a la qual ha destinat un pressupost total de 400.000 euros a trav\u00e9s del Centre de Turisme i Esports, amb un termini de presentaci\u00f3 de sol\u00b7licituds de 15 dies h\u00e0bils, conclour\u00e0 el pr\u00f2xim 21 d&#8217;agost.<\/p>\n\n\n\n<p>El diputat de Turisme i Esports, Pedro Cuesta, ha destacat que les ajudes \u201creforcen la promoci\u00f3 i el creixement tur\u00edstic de les localitats benefici\u00e0ries, a m\u00e9s de contribuir al desenvolupament i la millora del posicionament tur\u00edstic de tota la prov\u00edncia de Val\u00e8ncia en conjunt\u201d.<\/p>\n\n\n\n<p>Les actuacions subvencionables seran aquelles inversions per a la posada en valor dels recursos tur\u00edstics locals de car\u00e0cter natural, paisatg\u00edstic, historicoart\u00edstic i mediambiental. S&#8217;exclouen aquelles que formen part o s&#8217;executen dins d&#8217;altres accions\/activitats ja subvencionades pel Centre de Turisme i Esports de la Diputaci\u00f3 de Val\u00e8ncia.<\/p>\n\n\n\n<p>Entre els gastos subvencionables es troben els gastos corresponents a nous elements de senyalitzaci\u00f3 d&#8217;oficines d&#8217;informaci\u00f3 tur\u00edstica gestionats pel municipi; gastos per subministrament i instal\u00b7laci\u00f3 de la senyalitzaci\u00f3 tur\u00edstica posicional dels recursos tur\u00edstics, gastos per construcci\u00f3, reposici\u00f3 i\/o condicionament de miradors i observatoris; gastos per condicionament de zones de bany de car\u00e0cter continental i platges, sempre que siguen inventariables; gastos d&#8217;inversi\u00f3 (inventariables) destinats a la generaci\u00f3 i senyalitzaci\u00f3 de rutes d&#8217;art urb\u00e0; i honoraris per redacci\u00f3 de projectes i direcci\u00f3 d&#8217;obra.<\/p>\n\n\n\n<p>M\u00e9s informaci\u00f3 en <a href=\"https:\/\/turisme.dival.es\/area-profesional-y-tramites\">https:\/\/turisme.dival.es\/area-profesional-y-tramites<\/a><\/p>\n","protected":false},"excerpt":{"rendered":"<div class=\"mh-excerpt\">La corporaci\u00f3 provincial destina un pressupost de 400.000 euros a les subvencions, destinades a municipis menors de 30.000 habitants de la prov\u00edncia de Val\u00e8ncia. La Diputaci\u00f3 de Val\u00e8ncia ha convocat les subvencions anuals del programa <a class=\"mh-excerpt-more\" href=\"https:\/\/www.tucomarca.com\/wordpress\/segunda\/ca\/la-diputacio-convoca-les-ajudes-impulsem-turisme-2025-per-a-inversions-que-configuren-productes-turistics-locals-mes-competitius\/\" title=\"La Diputaci\u00f3 convoca les ajudes &#8216;Impulsem Turisme&#8217; 2025 per a inversions que configuren productes tur\u00edstics locals m\u00e9s competitius\">[+] <\/a><\/div>\n","protected":false},"author":13,"featured_media":273983,"comment_status":"open","ping_status":"open","sticky":false,"template":"","format":"standard","meta":{"footnotes":""},"categories":[10898,10948,10894,10904,10903,11007,10947,10896],"tags":[11199,21009,12962],"class_list":{"0":"post-273985","1":"post","2":"type-post","3":"status-publish","4":"format-standard","5":"has-post-thumbnail","7":"category-ventana-ca","8":"category-infraestructuras-ca","9":"category-la-comarca-ca","10":"category-sin-categorizar-ca","11":"category-medio-ambiente-la-comarca-ca","12":"category-ocio-y-cultura-ca","13":"category-politica","14":"category-seccion-ca","15":"tag-la-comunitat-ca","16":"tag-la-diputacio-de-valencia-ca","17":"tag-turismo-ca"},"_links":{"self":[{"href":"https:\/\/www.tucomarca.com\/wordpress\/segunda\/ca\/wp-json\/wp\/v2\/posts\/273985","targetHints":{"allow":["GET"]}}],"collection":[{"href":"https:\/\/www.tucomarca.com\/wordpress\/segunda\/ca\/wp-json\/wp\/v2\/posts"}],"about":[{"href":"https:\/\/www.tucomarca.com\/wordpress\/segunda\/ca\/wp-json\/wp\/v2\/types\/post"}],"author":[{"embeddable":true,"href":"https:\/\/www.tucomarca.com\/wordpress\/segunda\/ca\/wp-json\/wp\/v2\/users\/13"}],"replies":[{"embeddable":true,"href":"https:\/\/www.tucomarca.com\/wordpress\/segunda\/ca\/wp-json\/wp\/v2\/comments?post=273985"}],"version-history":[{"count":0,"href":"https:\/\/www.tucomarca.com\/wordpress\/segunda\/ca\/wp-json\/wp\/v2\/posts\/273985\/revisions"}],"wp:featuredmedia":[{"embeddable":true,"href":"https:\/\/www.tucomarca.com\/wordpress\/segunda\/ca\/wp-json\/wp\/v2\/media\/273983"}],"wp:attachment":[{"href":"https:\/\/www.tucomarca.com\/wordpress\/segunda\/ca\/wp-json\/wp\/v2\/media?parent=273985"}],"wp:term":[{"taxonomy":"category","embeddable":true,"href":"https:\/\/www.tucomarca.com\/wordpress\/segunda\/ca\/wp-json\/wp\/v2\/categories?post=273985"},{"taxonomy":"post_tag","embeddable":true,"href":"https:\/\/www.tucomarca.com\/wordpress\/segunda\/ca\/wp-json\/wp\/v2\/tags?post=273985"}],"curies":[{"name":"wp","href":"https:\/\/api.w.org\/{rel}","templated":true}]}}