{"id":274028,"date":"2025-08-01T13:00:00","date_gmt":"2025-08-01T11:00:00","guid":{"rendered":"https:\/\/www.tucomarca.com\/wordpress\/segunda\/?p=274028"},"modified":"2025-08-01T18:31:30","modified_gmt":"2025-08-01T16:31:30","slug":"la-generalitat-obri-al-transit-el-pont-de-lhortelano-a-bunyol-danyat-per-les-riuades-i-acabara-les-obres-del-pont-de-la-republica-abans-de-la-tomatina","status":"publish","type":"post","link":"https:\/\/www.tucomarca.com\/wordpress\/segunda\/ca\/la-generalitat-obri-al-transit-el-pont-de-lhortelano-a-bunyol-danyat-per-les-riuades-i-acabara-les-obres-del-pont-de-la-republica-abans-de-la-tomatina\/","title":{"rendered":"La Generalitat obri al tr\u00e0nsit el pont de l&#8217;Hortelano a Bunyol danyat per les riuades i acabar\u00e0 les obres del pont de la Rep\u00fablica abans de La Tomatina"},"content":{"rendered":"\n<h3 class=\"wp-block-heading\">La Conselleria de Medi Ambient, Infraestructures i Territori inverteix 800.000 euros en el municipi per a restaurar les infraestructures locals.<\/h3>\n\n\n\n<h3 class=\"wp-block-heading\">Aquests treballs formen part del pla \u2018Recuperem Val\u00e8ncia\u2019 que han perm\u00e9s ampliar el pont la seua ampl\u00e0ria a 5,70 metres per a permetre el pas de vianants.<\/h3>\n\n\n\n<h3 class=\"wp-block-heading\">Es treballa amb l&#8217;Ajuntament per a donar soluci\u00f3 a les vies de connexi\u00f3 pr\u00f2ximes per a recuperar la mobilitat de tota la zona.<\/h3>\n\n\n\n<p>La Generalitat ha finalitzat les obres de reconstrucci\u00f3 del pont de l&#8217;Hortelano sobre el riu Bunyol en la CV-427, que va resultar danyat per les inundacions ocorregudes el mes d&#8217;octubre passat en el municipi i ultima les actuacions assumides en tot el municipi.<\/p>\n\n\n\n<p>Aix\u00ed ho ha confirmat el conseller de Medi Ambient, Infraestructures i Territori, Vicente Mart\u00ednez Mus, en la seua visita al municipi al costat de l&#8217;alcaldessa de Bunyol, Virg\u00ednia Sanz, que ha confirmat que tamb\u00e9 acabaran les obres del pont de la Rep\u00fablica abans de La Tomatina.<\/p>\n\n\n\n<p>Amb un pressupost de m\u00e9s de 800.000 euros, la Conselleria de Medi Ambient, Infraestructures i Territori ha assumit el cost de la rehabilitaci\u00f3 d&#8217;aquest i un altre pont local despr\u00e9s que l&#8217;Ajuntament de Bunyol haja cedit les compet\u00e8ncies a la Generalitat, amb l&#8217;objectiu que estiguen finalitzats al m\u00e9s prompte possible.<\/p>\n\n\n\n<p>El titular d&#8217;Infraestructures ha destacat que ara es treballa amb l&#8217;Ajuntament \u201cper a donar soluci\u00f3 a les vies de connexi\u00f3 pr\u00f2ximes per a recuperar la mobilitat de tota la zona\u201d. En aquest sentit, l&#8217;alcaldessa ha agra\u00eft el treball de la Generalitat i ha anunciat que s&#8217;ha arribat a un acord per a obrir de manera provisional el cam\u00ed de l&#8217;Hortelano.<\/p>\n\n\n\n<figure class=\"wp-block-gallery has-nested-images columns-2 is-cropped wp-block-gallery-1 is-layout-flex wp-block-gallery-is-layout-flex\">\n<figure class=\"wp-block-image size-large\"><img loading=\"lazy\" decoding=\"async\" width=\"1024\" height=\"682\" data-id=\"274087\" src=\"https:\/\/www.tucomarca.com\/wordpress\/segunda\/wp-content\/uploads\/2025\/08\/BunolInaugurPuenteHortelano2-1024x682.jpg\" alt=\"\" class=\"wp-image-274087\" srcset=\"https:\/\/www.tucomarca.com\/wordpress\/segunda\/wp-content\/uploads\/2025\/08\/BunolInaugurPuenteHortelano2-1024x682.jpg 1024w, https:\/\/www.tucomarca.com\/wordpress\/segunda\/wp-content\/uploads\/2025\/08\/BunolInaugurPuenteHortelano2-300x200.jpg 300w, https:\/\/www.tucomarca.com\/wordpress\/segunda\/wp-content\/uploads\/2025\/08\/BunolInaugurPuenteHortelano2-768x512.jpg 768w, https:\/\/www.tucomarca.com\/wordpress\/segunda\/wp-content\/uploads\/2025\/08\/BunolInaugurPuenteHortelano2.jpg 1181w\" sizes=\"auto, (max-width: 1024px) 100vw, 1024px\" \/><\/figure>\n\n\n\n<figure class=\"wp-block-image size-large\"><img loading=\"lazy\" decoding=\"async\" width=\"1024\" height=\"682\" data-id=\"274089\" src=\"https:\/\/www.tucomarca.com\/wordpress\/segunda\/wp-content\/uploads\/2025\/08\/BunolInaugurPuenteHortelano3-1024x682.jpg\" alt=\"\" class=\"wp-image-274089\" srcset=\"https:\/\/www.tucomarca.com\/wordpress\/segunda\/wp-content\/uploads\/2025\/08\/BunolInaugurPuenteHortelano3-1024x682.jpg 1024w, https:\/\/www.tucomarca.com\/wordpress\/segunda\/wp-content\/uploads\/2025\/08\/BunolInaugurPuenteHortelano3-300x200.jpg 300w, https:\/\/www.tucomarca.com\/wordpress\/segunda\/wp-content\/uploads\/2025\/08\/BunolInaugurPuenteHortelano3-768x512.jpg 768w, https:\/\/www.tucomarca.com\/wordpress\/segunda\/wp-content\/uploads\/2025\/08\/BunolInaugurPuenteHortelano3.jpg 1181w\" sizes=\"auto, (max-width: 1024px) 100vw, 1024px\" \/><\/figure>\n\n\n\n<figure class=\"wp-block-image size-large\"><img loading=\"lazy\" decoding=\"async\" width=\"1024\" height=\"682\" data-id=\"274093\" src=\"https:\/\/www.tucomarca.com\/wordpress\/segunda\/wp-content\/uploads\/2025\/08\/BunolInaugurPuenteHortelano5-1024x682.jpg\" alt=\"\" class=\"wp-image-274093\" srcset=\"https:\/\/www.tucomarca.com\/wordpress\/segunda\/wp-content\/uploads\/2025\/08\/BunolInaugurPuenteHortelano5-1024x682.jpg 1024w, https:\/\/www.tucomarca.com\/wordpress\/segunda\/wp-content\/uploads\/2025\/08\/BunolInaugurPuenteHortelano5-300x200.jpg 300w, https:\/\/www.tucomarca.com\/wordpress\/segunda\/wp-content\/uploads\/2025\/08\/BunolInaugurPuenteHortelano5-768x512.jpg 768w, https:\/\/www.tucomarca.com\/wordpress\/segunda\/wp-content\/uploads\/2025\/08\/BunolInaugurPuenteHortelano5.jpg 1181w\" sizes=\"auto, (max-width: 1024px) 100vw, 1024px\" \/><\/figure>\n<\/figure>\n\n\n\n<p><\/p>\n\n\n\n<p>Cal recordar, que l&#8217;augment del cabal del riu Bunyol provocat per les pluges va ocasionar danys significatius en dos ponts situats en el nucli urb\u00e0 de la localitat: aquest pont sobre el riu de l&#8217;antiga carretera CV-427 i el pont de la Rep\u00fablica, situat en l&#8217;Avinguda del Pa\u00eds Valenci\u00e0, que va patir desperfectes en el formig\u00f3 que protegeix la seua fonamentaci\u00f3 i va caldre emplenar les soscavacions generades. El pont de 30 metres consta de tres obertures amb un ample de 5 metres i l&#8217;anterior tauler estava compost per bigues que recolzaven en piles rectangulars. Durant l&#8217;avinguda que es va produir en la riuada, l&#8217;aigua va passar per damunt del tauler del pont i va causar danys en aquest.<\/p>\n\n\n\n<figure class=\"wp-block-image size-large\"><img loading=\"lazy\" decoding=\"async\" width=\"1024\" height=\"858\" src=\"http:\/\/www.tucomarca.com\/wordpress\/segunda\/wp-content\/uploads\/2025\/08\/250801_MED_Puente_Bunol-1-1024x858.jpg\" alt=\"\" class=\"wp-image-274058\" srcset=\"https:\/\/www.tucomarca.com\/wordpress\/segunda\/wp-content\/uploads\/2025\/08\/250801_MED_Puente_Bunol-1-1024x858.jpg 1024w, https:\/\/www.tucomarca.com\/wordpress\/segunda\/wp-content\/uploads\/2025\/08\/250801_MED_Puente_Bunol-1-300x252.jpg 300w, https:\/\/www.tucomarca.com\/wordpress\/segunda\/wp-content\/uploads\/2025\/08\/250801_MED_Puente_Bunol-1-768x644.jpg 768w, https:\/\/www.tucomarca.com\/wordpress\/segunda\/wp-content\/uploads\/2025\/08\/250801_MED_Puente_Bunol-1-1536x1288.jpg 1536w, https:\/\/www.tucomarca.com\/wordpress\/segunda\/wp-content\/uploads\/2025\/08\/250801_MED_Puente_Bunol-1.jpg 1998w\" sizes=\"auto, (max-width: 1024px) 100vw, 1024px\" \/><\/figure>\n\n\n\n<p><\/p>\n\n\n\n<p><strong>Demolici\u00f3 del tauler del pont<\/strong><\/p>\n\n\n\n<p>Mart\u00ednez Mus ha recordat que despr\u00e9s de l&#8217;an\u00e0lisi estructural, \u201cva ser necessari la demolici\u00f3 del tauler\u201d. \u201cPer tant, la soluci\u00f3 de reparaci\u00f3 d&#8217;aquesta estructura aprofita les fonamentacions i piles, encara que s&#8217;ha hagut de construir un nou tauler, aix\u00ed com els elements de contenci\u00f3 per al pas segur dels vehicles\u201d, ha remarcat.<\/p>\n\n\n\n<p>D&#8217;aquesta manera, entre les actuacions que s&#8217;han realitzat est\u00e0 la instal\u00b7laci\u00f3 de nou bigues prefabricades i vint-i-cinc prelloses que conformen el nou tauler del pont. A m\u00e9s de la substituci\u00f3 completa del tauler original, seriosament danyat quan el cabal del riu va sobrepassar l&#8217;estructura, causant el col\u00b7lapse parcial del pont. L&#8217;actual tauler ha augmentat la seua ampl\u00e0ria a 5,70 metres amb l&#8217;objectiu d&#8217;establir un pas per als vianants.<\/p>\n\n\n\n<p>A m\u00e9s, sobre el tauler s&#8217;han est\u00e9s dues capes, de 3 cent\u00edmetres cadascuna, d&#8217;aglomerat asf\u00e0ltic, aix\u00ed com tamb\u00e9 s&#8217;ha dotat d&#8217;embornals que drenen directament al riu Bunyol. Les muralletes s&#8217;han resolt amb baranes i passamans met\u00e0l\u00b7lics, pintats de color blanc i tractament antioxidant. La intervenci\u00f3 s&#8217;ha completat amb la senyalitzaci\u00f3 vertical i horitzontal corresponent.<\/p>\n\n\n\n<figure class=\"wp-block-gallery has-nested-images columns-2 is-cropped wp-block-gallery-2 is-layout-flex wp-block-gallery-is-layout-flex\">\n<figure class=\"wp-block-image size-large\"><img loading=\"lazy\" decoding=\"async\" width=\"1024\" height=\"682\" data-id=\"274090\" src=\"https:\/\/www.tucomarca.com\/wordpress\/segunda\/wp-content\/uploads\/2025\/08\/BunolInaugurPuenteHortelano4-1024x682.jpg\" alt=\"\" class=\"wp-image-274090\" srcset=\"https:\/\/www.tucomarca.com\/wordpress\/segunda\/wp-content\/uploads\/2025\/08\/BunolInaugurPuenteHortelano4-1024x682.jpg 1024w, https:\/\/www.tucomarca.com\/wordpress\/segunda\/wp-content\/uploads\/2025\/08\/BunolInaugurPuenteHortelano4-300x200.jpg 300w, https:\/\/www.tucomarca.com\/wordpress\/segunda\/wp-content\/uploads\/2025\/08\/BunolInaugurPuenteHortelano4-768x512.jpg 768w, https:\/\/www.tucomarca.com\/wordpress\/segunda\/wp-content\/uploads\/2025\/08\/BunolInaugurPuenteHortelano4.jpg 1181w\" sizes=\"auto, (max-width: 1024px) 100vw, 1024px\" \/><\/figure>\n<\/figure>\n\n\n\n<p><\/p>\n\n\n\n<p><strong>\u2018Recuperem Val\u00e8ncia\u2019<\/strong><\/p>\n\n\n\n<p>Mart\u00ednez Mus ha recordat que els treballs de reconstrucci\u00f3 van comen\u00e7ar el 23 de gener i formen part del pla \u2018Recuperem Val\u00e8ncia\u2019, que contempla la restauraci\u00f3 d&#8217;infraestructures en m\u00e9s d&#8217;una vintena de municipis afectats en la Comunitat Valenciana, entre les quals es troben els dos ponts de Bunyol.<\/p>\n\n\n\n<p>El pla de recuperaci\u00f3 de carreteres, ponts i passarel\u00b7les locals acordat per la Conselleria de Medi Ambient, Infraestructures i Territori amb el Ministeri de Transports i Mobilitat Sostenible contempla la realitzaci\u00f3 per part de la Generalitat d&#8217;aproximadament mig centenar d&#8217;intervencions en infraestructures locals i que ha suposat la inversi\u00f3 d&#8217;entorn de 50 milions d&#8217;euros.<\/p>\n","protected":false},"excerpt":{"rendered":"<div class=\"mh-excerpt\">La Conselleria de Medi Ambient, Infraestructures i Territori inverteix 800.000 euros en el municipi per a restaurar les infraestructures locals. Aquests treballs formen part del pla \u2018Recuperem Val\u00e8ncia\u2019 que han perm\u00e9s ampliar el pont la <a class=\"mh-excerpt-more\" href=\"https:\/\/www.tucomarca.com\/wordpress\/segunda\/ca\/la-generalitat-obri-al-transit-el-pont-de-lhortelano-a-bunyol-danyat-per-les-riuades-i-acabara-les-obres-del-pont-de-la-republica-abans-de-la-tomatina\/\" title=\"La Generalitat obri al tr\u00e0nsit el pont de l&#8217;Hortelano a Bunyol danyat per les riuades i acabar\u00e0 les obres del pont de la Rep\u00fablica abans de La Tomatina\">[+] <\/a><\/div>\n","protected":false},"author":12,"featured_media":274026,"comment_status":"open","ping_status":"open","sticky":false,"template":"","format":"gallery","meta":{"footnotes":""},"categories":[10911,21466,10898,10948,10894,10904,10912,10903,10947,10896,10897],"tags":[10913,22174,12903,10914,21790,22859],"class_list":{"0":"post-274028","1":"post","2":"type-post","3":"status-publish","4":"format-gallery","5":"has-post-thumbnail","7":"category-bunol-ca","8":"category-dana-ca","9":"category-ventana-ca","10":"category-infraestructuras-ca","11":"category-la-comarca-ca","12":"category-sin-categorizar-ca","13":"category-la-hoya-ca","14":"category-medio-ambiente-la-comarca-ca","15":"category-politica","16":"category-seccion-ca","17":"category-sucesos-la-comarca-ca","18":"tag-bunol-ca","19":"tag-conselleria-medio-ambiente-ca","20":"tag-infraestructuras-ca","21":"tag-la-hoya-de-bunol-chiva-ca","22":"tag-pla-recuperem-valencia-ca","23":"tag-puente-del-hortelano-ca","24":"post_format-post-format-gallery"},"_links":{"self":[{"href":"https:\/\/www.tucomarca.com\/wordpress\/segunda\/ca\/wp-json\/wp\/v2\/posts\/274028","targetHints":{"allow":["GET"]}}],"collection":[{"href":"https:\/\/www.tucomarca.com\/wordpress\/segunda\/ca\/wp-json\/wp\/v2\/posts"}],"about":[{"href":"https:\/\/www.tucomarca.com\/wordpress\/segunda\/ca\/wp-json\/wp\/v2\/types\/post"}],"author":[{"embeddable":true,"href":"https:\/\/www.tucomarca.com\/wordpress\/segunda\/ca\/wp-json\/wp\/v2\/users\/12"}],"replies":[{"embeddable":true,"href":"https:\/\/www.tucomarca.com\/wordpress\/segunda\/ca\/wp-json\/wp\/v2\/comments?post=274028"}],"version-history":[{"count":0,"href":"https:\/\/www.tucomarca.com\/wordpress\/segunda\/ca\/wp-json\/wp\/v2\/posts\/274028\/revisions"}],"wp:featuredmedia":[{"embeddable":true,"href":"https:\/\/www.tucomarca.com\/wordpress\/segunda\/ca\/wp-json\/wp\/v2\/media\/274026"}],"wp:attachment":[{"href":"https:\/\/www.tucomarca.com\/wordpress\/segunda\/ca\/wp-json\/wp\/v2\/media?parent=274028"}],"wp:term":[{"taxonomy":"category","embeddable":true,"href":"https:\/\/www.tucomarca.com\/wordpress\/segunda\/ca\/wp-json\/wp\/v2\/categories?post=274028"},{"taxonomy":"post_tag","embeddable":true,"href":"https:\/\/www.tucomarca.com\/wordpress\/segunda\/ca\/wp-json\/wp\/v2\/tags?post=274028"}],"curies":[{"name":"wp","href":"https:\/\/api.w.org\/{rel}","templated":true}]}}