{"id":274052,"date":"2025-08-01T10:15:00","date_gmt":"2025-08-01T08:15:00","guid":{"rendered":"https:\/\/www.tucomarca.com\/wordpress\/segunda\/?p=274052"},"modified":"2025-08-01T18:16:29","modified_gmt":"2025-08-01T16:16:29","slug":"comenca-a-prendre-forma-el-centre-dinnovacio-territorial-ruraltec-en-aras-de-los-olmos","status":"publish","type":"post","link":"https:\/\/www.tucomarca.com\/wordpress\/segunda\/ca\/comenca-a-prendre-forma-el-centre-dinnovacio-territorial-ruraltec-en-aras-de-los-olmos\/","title":{"rendered":"Comen\u00e7a a prendre forma el Centre d&#8217;Innovaci\u00f3 Territorial RuralTEC en Aras de los Olmos"},"content":{"rendered":"\n<h3 class=\"wp-block-heading\">L&#8217;Ajuntament impulsa aquest projecte pioner de digitalitzaci\u00f3 rural amb finan\u00e7ament p\u00fablic.<\/h3>\n\n\n\n<p>Aras de los Olmos ha iniciat les obres de construcci\u00f3 del Centre&nbsp; d&#8217;Innovaci\u00f3 Territorial RuralTEC, un projecte innovador per al desenvolupament tecnol\u00f2gic del medi rural valenci\u00e0. L&#8217;actuaci\u00f3, impulsada i finan\u00e7ada en gran manera per l&#8217;Ajuntament, compta amb el suport del Pla IRTA i de l&#8217;IVACE de la Generalitat Valenciana.<\/p>\n\n\n\n<p>El nou edifici, situat en s\u00f2l municipal, ha comen\u00e7at la seua fase d&#8217;execuci\u00f3 amb una duraci\u00f3 aproximada de huit mesos. El CIT RuralTEC d&#8217;Aras de los Olmos que ja impulsa projectes des de la seua constituci\u00f3 fa ara 8 mesos es converteix en una infraestructura clau per a facilitar la transici\u00f3 digital, la innovaci\u00f3, la millora de la qualitat de vida de les persones que viuen en aquests territoris i l&#8217;atracci\u00f3 de talent en zones d&#8217;interior.<\/p>\n\n\n\n<p>RuralTEC impulsa la seua activitat a l&#8217;entorn de l&#8217;Alt T\u00faria i el Rac\u00f3 d&#8217;Adem\u00fas des del centre d&#8217;Aras de los Olmos, mentre que comen\u00e7a tamb\u00e9 a desenvolupar projectes estrat\u00e8gics a la comarca Utiel requena des del municipi de Venta del Moro.<\/p>\n\n\n\n<p>El CIT fomenta projectes tecnol\u00f2gics que responguen a reptes concrets del medi rural, amb especial atenci\u00f3 a la connectivitat, la innovaci\u00f3 i les noves tecnologies..<\/p>\n\n\n\n<p>L&#8217;edifici que comen\u00e7a ara a al\u00e7ar-se, es contempla sota criteris d&#8217;efici\u00e8ncia&nbsp; energ\u00e8tica i arquitectura bioclim\u00e0tica, emprant materials de proximitat com a fusta, suro o pedra, i tecnologies d&#8217;autoconsum com l&#8217;energia fotovoltaica, biomassa, e\u00f2lica o hidr\u00e0ulica.<\/p>\n\n\n\n<p>El CIT RuralTEC es troba integrat en la&nbsp;Xarxa Nacional de Centres d&#8217;Innovaci\u00f3 Territorial (CITs), impulsada pel Ministeri&nbsp; per a la Transici\u00f3 Ecol\u00f2gica i el Repte Demogr\u00e0fic (MITECO), per a territoris en risc de despoblaci\u00f3, depenent estructuralment de la Diputaci\u00f3 de Val\u00e8ncia<\/p>\n\n\n\n<p>L&#8217;estrat\u00e8gia de desplegament territorial de RuralTEC contempla la recuperaci\u00f3 d&#8217;un segon centre en el municipi ve\u00ed de&nbsp;Venta del Moro, que es preveu entre en funcionament en els&nbsp;primers mesos de 2026.<\/p>\n\n\n\n<p><strong>Sobre RuralTEC<\/strong><\/p>\n\n\n\n<p>El CIT RuralTEC \u00e9s una iniciativa promoguda pel Ministeri de Transformaci\u00f3 digital i Repte Demogr\u00e0fic i la Diputaci\u00f3 de Val\u00e8ncia dirigida a desenvolupar projectes i aportar solucions que ajuden a la transformaci\u00f3 dels pobles aplicant processos innovadors mitjan\u00e7ant l&#8217;\u00fas de noves tecnologies.&nbsp;<\/p>\n\n\n\n<p>El projecte \u00e9s el primer d&#8217;aquestes caracter\u00edstiques que es desenvolupa a la Comunitat Valenciana i un dels pioners a nivell nacional.<\/p>\n\n\n\n<p>Entre els seus objectius, RuralTEC treballa en la promoci\u00f3 d&#8217;accions innovadores en entorns rurals especialment sensibles afectats per la despoblaci\u00f3 i les dificultats per a accedir a serveis TIC d&#8217;alta qualitat.<\/p>\n","protected":false},"excerpt":{"rendered":"<div class=\"mh-excerpt\">L&#8217;Ajuntament impulsa aquest projecte pioner de digitalitzaci\u00f3 rural amb finan\u00e7ament p\u00fablic. Aras de los Olmos ha iniciat les obres de construcci\u00f3 del Centre&nbsp; d&#8217;Innovaci\u00f3 Territorial RuralTEC, un projecte innovador per al desenvolupament tecnol\u00f2gic del medi <a class=\"mh-excerpt-more\" href=\"https:\/\/www.tucomarca.com\/wordpress\/segunda\/ca\/comenca-a-prendre-forma-el-centre-dinnovacio-territorial-ruraltec-en-aras-de-los-olmos\/\" title=\"Comen\u00e7a a prendre forma el Centre d&#8217;Innovaci\u00f3 Territorial RuralTEC en Aras de los Olmos\">[+] <\/a><\/div>\n","protected":false},"author":12,"featured_media":274051,"comment_status":"open","ping_status":"open","sticky":false,"template":"","format":"standard","meta":{"footnotes":""},"categories":[11042,11046,10948,10894,10904,10903,10947,10896],"tags":[14714,11080,20815],"class_list":{"0":"post-274052","1":"post","2":"type-post","3":"status-publish","4":"format-standard","5":"has-post-thumbnail","7":"category-aras-de-olmos-ca","8":"category-los-serranos-ca","9":"category-infraestructuras-ca","10":"category-la-comarca-ca","11":"category-sin-categorizar-ca","12":"category-medio-ambiente-la-comarca-ca","13":"category-politica","14":"category-seccion-ca","15":"tag-aras-de-los-olmos-ca","16":"tag-los-serranos-ca","17":"tag-ruraltec-ca"},"_links":{"self":[{"href":"https:\/\/www.tucomarca.com\/wordpress\/segunda\/ca\/wp-json\/wp\/v2\/posts\/274052","targetHints":{"allow":["GET"]}}],"collection":[{"href":"https:\/\/www.tucomarca.com\/wordpress\/segunda\/ca\/wp-json\/wp\/v2\/posts"}],"about":[{"href":"https:\/\/www.tucomarca.com\/wordpress\/segunda\/ca\/wp-json\/wp\/v2\/types\/post"}],"author":[{"embeddable":true,"href":"https:\/\/www.tucomarca.com\/wordpress\/segunda\/ca\/wp-json\/wp\/v2\/users\/12"}],"replies":[{"embeddable":true,"href":"https:\/\/www.tucomarca.com\/wordpress\/segunda\/ca\/wp-json\/wp\/v2\/comments?post=274052"}],"version-history":[{"count":0,"href":"https:\/\/www.tucomarca.com\/wordpress\/segunda\/ca\/wp-json\/wp\/v2\/posts\/274052\/revisions"}],"wp:featuredmedia":[{"embeddable":true,"href":"https:\/\/www.tucomarca.com\/wordpress\/segunda\/ca\/wp-json\/wp\/v2\/media\/274051"}],"wp:attachment":[{"href":"https:\/\/www.tucomarca.com\/wordpress\/segunda\/ca\/wp-json\/wp\/v2\/media?parent=274052"}],"wp:term":[{"taxonomy":"category","embeddable":true,"href":"https:\/\/www.tucomarca.com\/wordpress\/segunda\/ca\/wp-json\/wp\/v2\/categories?post=274052"},{"taxonomy":"post_tag","embeddable":true,"href":"https:\/\/www.tucomarca.com\/wordpress\/segunda\/ca\/wp-json\/wp\/v2\/tags?post=274052"}],"curies":[{"name":"wp","href":"https:\/\/api.w.org\/{rel}","templated":true}]}}