{"id":274202,"date":"2025-08-03T03:00:00","date_gmt":"2025-08-03T01:00:00","guid":{"rendered":"https:\/\/www.tucomarca.com\/wordpress\/segunda\/?p=274202"},"modified":"2025-08-03T03:12:13","modified_gmt":"2025-08-03T01:12:13","slug":"video-reportatge-bunyol-demana-ajuda-a-la-generalitat-per-a-reparar-i-obrir-la-carretera-dacces-al-pont-del-hortelano-durant-la-seua-reobertura","status":"publish","type":"post","link":"https:\/\/www.tucomarca.com\/wordpress\/segunda\/ca\/video-reportatge-bunyol-demana-ajuda-a-la-generalitat-per-a-reparar-i-obrir-la-carretera-dacces-al-pont-del-hortelano-durant-la-seua-reobertura\/","title":{"rendered":"V\u00eddeo-reportatge: Bunyol demana ajuda a la Generalitat per a reparar i poder obrir la carretera d&#8217;acc\u00e9s al pont del Hortelano durant la seua reobertura"},"content":{"rendered":"\n<figure class=\"wp-block-embed is-type-video is-provider-youtube wp-block-embed-youtube wp-embed-aspect-16-9 wp-has-aspect-ratio\"><div class=\"wp-block-embed__wrapper\">\n<iframe loading=\"lazy\" title=\"V\u00eddeo: reapertura del puente del Hortelano y adecuaci\u00f3n provisional de la carretera de acceso\" width=\"500\" height=\"281\" src=\"https:\/\/www.youtube.com\/embed\/vF0dKeKpD8k?feature=oembed\" frameborder=\"0\" allow=\"accelerometer; autoplay; clipboard-write; encrypted-media; gyroscope; picture-in-picture; web-share\" referrerpolicy=\"strict-origin-when-cross-origin\" allowfullscreen><\/iframe>\n<\/div><\/figure>\n\n\n\n<p>El conseller de Medi Ambient, Infraestructures i Territori de la Generalitat Valenciana, Vicente Mart\u00ednez Mus, ha valorat per a <strong>tucomarca televisi\u00f3<\/strong> la reobertura del pont del Hortelano, a Bunyol; una infraestructura que ha visitat en companyia de l&#8217;alcaldessa de la localitat, Virginia Sanz; i del Primer Tinent d&#8217;Alcalde, Sergio Galarza.<\/p>\n\n\n\n<p>Els tres responsables p\u00fablics han confirmat a m\u00e9s la finalitzaci\u00f3 de les obres del pont de la Rep\u00fablica abans de La Tomatina aix\u00ed com l&#8217;ajuda sol\u00b7licitada per part del govern municipal per a la reparaci\u00f3 provisional de la carretera del Hortelano que permeta que puga ser utilitzada durant el per\u00edode festiu d&#8217;aquest mes d&#8217;agost.<\/p>\n","protected":false},"excerpt":{"rendered":"<div class=\"mh-excerpt\">El conseller de Medi Ambient, Infraestructures i Territori de la Generalitat Valenciana, Vicente Mart\u00ednez Mus, ha valorat per a tucomarca televisi\u00f3 la reobertura del pont del Hortelano, a Bunyol; una infraestructura que ha visitat en <a class=\"mh-excerpt-more\" href=\"https:\/\/www.tucomarca.com\/wordpress\/segunda\/ca\/video-reportatge-bunyol-demana-ajuda-a-la-generalitat-per-a-reparar-i-obrir-la-carretera-dacces-al-pont-del-hortelano-durant-la-seua-reobertura\/\" title=\"V\u00eddeo-reportatge: Bunyol demana ajuda a la Generalitat per a reparar i poder obrir la carretera d&#8217;acc\u00e9s al pont del Hortelano durant la seua reobertura\">[+] <\/a><\/div>\n","protected":false},"author":1,"featured_media":274171,"comment_status":"open","ping_status":"open","sticky":false,"template":"","format":"video","meta":{"footnotes":""},"categories":[10911,21466,10898,10948,10894,10904,10912,10903,10947,10896,10897,11062],"tags":[19792,15409,10914,22864],"class_list":{"0":"post-274202","1":"post","2":"type-post","3":"status-publish","4":"format-video","5":"has-post-thumbnail","7":"category-bunol-ca","8":"category-dana-ca","9":"category-ventana-ca","10":"category-infraestructuras-ca","11":"category-la-comarca-ca","12":"category-sin-categorizar-ca","13":"category-la-hoya-ca","14":"category-medio-ambiente-la-comarca-ca","15":"category-politica","16":"category-seccion-ca","17":"category-sucesos-la-comarca-ca","18":"category-videos","19":"tag-conselleria-de-medio-ambiente-ca","20":"tag-dana-2-ca","21":"tag-la-hoya-de-bunol-chiva-ca","22":"tag-vicente-martinez-mus-2-ca","23":"post_format-post-format-video"},"_links":{"self":[{"href":"https:\/\/www.tucomarca.com\/wordpress\/segunda\/ca\/wp-json\/wp\/v2\/posts\/274202","targetHints":{"allow":["GET"]}}],"collection":[{"href":"https:\/\/www.tucomarca.com\/wordpress\/segunda\/ca\/wp-json\/wp\/v2\/posts"}],"about":[{"href":"https:\/\/www.tucomarca.com\/wordpress\/segunda\/ca\/wp-json\/wp\/v2\/types\/post"}],"author":[{"embeddable":true,"href":"https:\/\/www.tucomarca.com\/wordpress\/segunda\/ca\/wp-json\/wp\/v2\/users\/1"}],"replies":[{"embeddable":true,"href":"https:\/\/www.tucomarca.com\/wordpress\/segunda\/ca\/wp-json\/wp\/v2\/comments?post=274202"}],"version-history":[{"count":0,"href":"https:\/\/www.tucomarca.com\/wordpress\/segunda\/ca\/wp-json\/wp\/v2\/posts\/274202\/revisions"}],"wp:featuredmedia":[{"embeddable":true,"href":"https:\/\/www.tucomarca.com\/wordpress\/segunda\/ca\/wp-json\/wp\/v2\/media\/274171"}],"wp:attachment":[{"href":"https:\/\/www.tucomarca.com\/wordpress\/segunda\/ca\/wp-json\/wp\/v2\/media?parent=274202"}],"wp:term":[{"taxonomy":"category","embeddable":true,"href":"https:\/\/www.tucomarca.com\/wordpress\/segunda\/ca\/wp-json\/wp\/v2\/categories?post=274202"},{"taxonomy":"post_tag","embeddable":true,"href":"https:\/\/www.tucomarca.com\/wordpress\/segunda\/ca\/wp-json\/wp\/v2\/tags?post=274202"}],"curies":[{"name":"wp","href":"https:\/\/api.w.org\/{rel}","templated":true}]}}