{"id":274403,"date":"2025-08-05T10:57:31","date_gmt":"2025-08-05T08:57:31","guid":{"rendered":"https:\/\/www.tucomarca.com\/wordpress\/segunda\/?p=274403"},"modified":"2025-08-05T10:58:02","modified_gmt":"2025-08-05T08:58:02","slug":"detenen-a-un-home-de-57-anys-per-tancar-a-la-seua-parella-en-el-seu-domicili-durant-12-dies-a-lliria","status":"publish","type":"post","link":"https:\/\/www.tucomarca.com\/wordpress\/segunda\/ca\/detenen-a-un-home-de-57-anys-per-tancar-a-la-seua-parella-en-el-seu-domicili-durant-12-dies-a-lliria\/","title":{"rendered":"Detenen a un home de 57 anys per tancar a la seua parella en el seu domicili durant 12 dies a Ll\u00edria"},"content":{"rendered":"\n<h3 class=\"wp-block-heading\">El detingut la tancava baix clau sense acc\u00e9s a internet ni a tel\u00e8fons m\u00f2bils i l&#8217;obligava a mantindre relacions sexuals que, a m\u00e9s, gravava sense el seu consentiment.<\/h3>\n\n\n\n<h3 class=\"wp-block-heading\">En el registre s&#8217;han intervingut nombroses armes de foc modificades i il\u00b7legals, a m\u00e9s de munici\u00f3, coca\u00efna, \u00fatils per al tr\u00e0nsit i material inform\u00e0tic.<\/h3>\n\n\n\n<p>La Gu\u00e0rdia Civil det\u00e9 a un home de 57 anys per tancar a la seua parella sentimental en el seu domicili de la localitat de Ll\u00edria (Val\u00e8ncia) durant 12 dies i sotmetre-la a un control constant per a impedir la seua fugida.<\/p>\n\n\n\n<p>L&#8217;Operaci\u00f3 \u2018Amarraments\u2019 va comen\u00e7ar despr\u00e9s de la interposici\u00f3 de la den\u00fancia d&#8217;un home que va comunicar que la seua exparella s&#8217;havia posat en contacte amb ell a trav\u00e9s de missatgeria manifestant-li que estava retinguda contra la seua voluntat a casa de la seua actual parella sentimental des de feia 12 dies. Durant la compareixen\u00e7a de l&#8217;exparella en l&#8217;aquarterament, la dona va poder contactar novament amb ell, manifestant-li que havia aprofitat un descuit de la persona que la mantenia tancada i havia aconseguit escapar, personant-se en depend\u00e8ncies de la Gu\u00e0rdia Civil de Ll\u00edria.<\/p>\n\n\n\n<p>La v\u00edctima va comunicar als agents que la seua parella, durant aquest per\u00edode de temps, la va obligar a mantindre nombroses relacions sexuals, arribant a gravar algunes d&#8217;aquestes. La dona comunica que totes aquestes relacions i gravacions van ser realitzades sense el seu consentiment.<\/p>\n\n\n\n<p>Durant la manifestaci\u00f3, la v\u00edctima participa que, per a evitar que escapara del domicili, la seua parella la sotmetia a un control constant i que, quan el mateix marxava del domicili, la tancava amb clau a l&#8217;interior. A m\u00e9s, durant eixe temps no li va deixar acc\u00e9s ni a internet, ni a cap tel\u00e8fon m\u00f2bil perqu\u00e8 no poguera comunicar-se amb ning\u00fa de l&#8217;exterior i advertir del que estava ocorrent.<\/p>\n\n\n\n<p>Fruit d&#8217;un descuit del seu captor, la v\u00edctima va aconseguir escapar i denunciar els fets. Va afegir que la seua parella era una persona molt agressiva i que posse\u00efa diverses armes de foc il\u00b7legals en el seu domicili, a m\u00e9s de dedicar-se al tr\u00e0fic de drogues.<\/p>\n\n\n\n<figure class=\"wp-block-gallery has-nested-images columns-2 is-cropped wp-block-gallery-1 is-layout-flex wp-block-gallery-is-layout-flex\">\n<figure class=\"wp-block-image size-large\"><img loading=\"lazy\" decoding=\"async\" width=\"1024\" height=\"683\" data-id=\"274398\" src=\"https:\/\/www.tucomarca.com\/wordpress\/segunda\/wp-content\/uploads\/2025\/08\/GC_armasLliria3-1024x683.jpg\" alt=\"\" class=\"wp-image-274398\" srcset=\"https:\/\/www.tucomarca.com\/wordpress\/segunda\/wp-content\/uploads\/2025\/08\/GC_armasLliria3-1024x683.jpg 1024w, https:\/\/www.tucomarca.com\/wordpress\/segunda\/wp-content\/uploads\/2025\/08\/GC_armasLliria3-300x200.jpg 300w, https:\/\/www.tucomarca.com\/wordpress\/segunda\/wp-content\/uploads\/2025\/08\/GC_armasLliria3-768x512.jpg 768w, https:\/\/www.tucomarca.com\/wordpress\/segunda\/wp-content\/uploads\/2025\/08\/GC_armasLliria3-1536x1024.jpg 1536w, https:\/\/www.tucomarca.com\/wordpress\/segunda\/wp-content\/uploads\/2025\/08\/GC_armasLliria3-2048x1365.jpg 2048w\" sizes=\"auto, (max-width: 1024px) 100vw, 1024px\" \/><\/figure>\n\n\n\n<figure class=\"wp-block-image size-large\"><img loading=\"lazy\" decoding=\"async\" width=\"1024\" height=\"683\" data-id=\"274396\" src=\"https:\/\/www.tucomarca.com\/wordpress\/segunda\/wp-content\/uploads\/2025\/08\/GC_armasLliria2-1024x683.jpg\" alt=\"\" class=\"wp-image-274396\" srcset=\"https:\/\/www.tucomarca.com\/wordpress\/segunda\/wp-content\/uploads\/2025\/08\/GC_armasLliria2-1024x683.jpg 1024w, https:\/\/www.tucomarca.com\/wordpress\/segunda\/wp-content\/uploads\/2025\/08\/GC_armasLliria2-300x200.jpg 300w, https:\/\/www.tucomarca.com\/wordpress\/segunda\/wp-content\/uploads\/2025\/08\/GC_armasLliria2-768x512.jpg 768w, https:\/\/www.tucomarca.com\/wordpress\/segunda\/wp-content\/uploads\/2025\/08\/GC_armasLliria2-1536x1024.jpg 1536w, https:\/\/www.tucomarca.com\/wordpress\/segunda\/wp-content\/uploads\/2025\/08\/GC_armasLliria2-2048x1365.jpg 2048w\" sizes=\"auto, (max-width: 1024px) 100vw, 1024px\" \/><\/figure>\n\n\n\n<figure class=\"wp-block-image size-large\"><img loading=\"lazy\" decoding=\"async\" width=\"1024\" height=\"683\" data-id=\"274394\" src=\"https:\/\/www.tucomarca.com\/wordpress\/segunda\/wp-content\/uploads\/2025\/08\/GC_armasLliria1-1024x683.jpg\" alt=\"\" class=\"wp-image-274394\" srcset=\"https:\/\/www.tucomarca.com\/wordpress\/segunda\/wp-content\/uploads\/2025\/08\/GC_armasLliria1-1024x683.jpg 1024w, https:\/\/www.tucomarca.com\/wordpress\/segunda\/wp-content\/uploads\/2025\/08\/GC_armasLliria1-300x200.jpg 300w, https:\/\/www.tucomarca.com\/wordpress\/segunda\/wp-content\/uploads\/2025\/08\/GC_armasLliria1-768x512.jpg 768w, https:\/\/www.tucomarca.com\/wordpress\/segunda\/wp-content\/uploads\/2025\/08\/GC_armasLliria1-1536x1024.jpg 1536w, https:\/\/www.tucomarca.com\/wordpress\/segunda\/wp-content\/uploads\/2025\/08\/GC_armasLliria1-2048x1365.jpg 2048w\" sizes=\"auto, (max-width: 1024px) 100vw, 1024px\" \/><\/figure>\n<\/figure>\n\n\n\n<p>En relaci\u00f3 als fets denunciats, es va continuar amb l&#8217;operatiu per agents especialitzats de la Gu\u00e0rdia Civil que van voltar discretament el domicili de l&#8217;autor dels fets per a evitar la seua fugida. De manera paral\u00b7lela, es va sol\u00b7licitar una autoritzaci\u00f3 judicial per a l&#8217;entrada i registre del domicili relacionat.<\/p>\n\n\n\n<p>Rebuda la citada autoritzaci\u00f3, l&#8217;entrada i registre es va realitzar durant la matinada del dia 28 de juliol per diversos efectius de la Gu\u00e0rdia Civil, intervenint-se: dos rev\u00f2lvers, una pistola, una escopeta del calibre 12, nombrosa munici\u00f3, 47 grams de Coca\u00efna, \u00fatils per a processar la droga per a la seua venda i diversos dispositius inform\u00e0tics d&#8217;emmagatzematge de dades, corroborant-se el denunciat per la v\u00edctima. Les armes de foc estaven modificades i eren il\u00b7legals. Del material inform\u00e0tic, els agents van poder confirmar que contenia arxius de gravacions sexuals, tant de la v\u00edctima com de les seues exparelles.<\/p>\n\n\n\n<p>Despr\u00e9s del registre es va procedir a la detenci\u00f3 de l&#8217;autor dels fets, un home de 57 anys i nacionalitat espanyola. Se li atribueixen els seg\u00fcents delictes: detenci\u00f3 il\u00b7legal, agressi\u00f3 sexual, tots dos d&#8217;ells en l&#8217;\u00e0mbit del delicte de maltractaments en l&#8217;\u00e0mbit familiar (viol\u00e8ncia de genere); a m\u00e9s dels delictes de tinen\u00e7a il\u00b7l\u00edcita d&#8217;armes i municions i delicte de tr\u00e0fic de drogues.<\/p>\n\n\n\n<p>La investigaci\u00f3 ha sigut duta a terme per agents de la Gu\u00e0rdia Civil de la Policia Judicial de Ll\u00edria.<\/p>\n\n\n\n<p>Les dilig\u00e8ncies van ser entregades en el Jutjat de Primera Inst\u00e0ncia i Instrucci\u00f3 n\u00famero 4 de Ll\u00edria.<\/p>\n","protected":false},"excerpt":{"rendered":"<div class=\"mh-excerpt\">El detingut la tancava baix clau sense acc\u00e9s a internet ni a tel\u00e8fons m\u00f2bils i l&#8217;obligava a mantindre relacions sexuals que, a m\u00e9s, gravava sense el seu consentiment. En el registre s&#8217;han intervingut nombroses armes <a class=\"mh-excerpt-more\" href=\"https:\/\/www.tucomarca.com\/wordpress\/segunda\/ca\/detenen-a-un-home-de-57-anys-per-tancar-a-la-seua-parella-en-el-seu-domicili-durant-12-dies-a-lliria\/\" title=\"Detenen a un home de 57 anys per tancar a la seua parella en el seu domicili durant 12 dies a Ll\u00edria\">[+] <\/a><\/div>\n","protected":false},"author":12,"featured_media":274401,"comment_status":"open","ping_status":"open","sticky":false,"template":"","format":"gallery","meta":{"footnotes":""},"categories":[10892,10898,10894,10928,10896,10897],"tags":[10899,11118,11070],"class_list":{"0":"post-274403","1":"post","2":"type-post","3":"status-publish","4":"format-gallery","5":"has-post-thumbnail","7":"category-camp-de-turia-ca","8":"category-ventana-ca","9":"category-la-comarca-ca","10":"category-lliria-ca","11":"category-seccion-ca","12":"category-sucesos-la-comarca-ca","13":"tag-camp-de-turia-ca","14":"tag-guardia-civil-ca","15":"tag-lliria-ca","16":"post_format-post-format-gallery"},"_links":{"self":[{"href":"https:\/\/www.tucomarca.com\/wordpress\/segunda\/ca\/wp-json\/wp\/v2\/posts\/274403","targetHints":{"allow":["GET"]}}],"collection":[{"href":"https:\/\/www.tucomarca.com\/wordpress\/segunda\/ca\/wp-json\/wp\/v2\/posts"}],"about":[{"href":"https:\/\/www.tucomarca.com\/wordpress\/segunda\/ca\/wp-json\/wp\/v2\/types\/post"}],"author":[{"embeddable":true,"href":"https:\/\/www.tucomarca.com\/wordpress\/segunda\/ca\/wp-json\/wp\/v2\/users\/12"}],"replies":[{"embeddable":true,"href":"https:\/\/www.tucomarca.com\/wordpress\/segunda\/ca\/wp-json\/wp\/v2\/comments?post=274403"}],"version-history":[{"count":0,"href":"https:\/\/www.tucomarca.com\/wordpress\/segunda\/ca\/wp-json\/wp\/v2\/posts\/274403\/revisions"}],"wp:featuredmedia":[{"embeddable":true,"href":"https:\/\/www.tucomarca.com\/wordpress\/segunda\/ca\/wp-json\/wp\/v2\/media\/274401"}],"wp:attachment":[{"href":"https:\/\/www.tucomarca.com\/wordpress\/segunda\/ca\/wp-json\/wp\/v2\/media?parent=274403"}],"wp:term":[{"taxonomy":"category","embeddable":true,"href":"https:\/\/www.tucomarca.com\/wordpress\/segunda\/ca\/wp-json\/wp\/v2\/categories?post=274403"},{"taxonomy":"post_tag","embeddable":true,"href":"https:\/\/www.tucomarca.com\/wordpress\/segunda\/ca\/wp-json\/wp\/v2\/tags?post=274403"}],"curies":[{"name":"wp","href":"https:\/\/api.w.org\/{rel}","templated":true}]}}