{"id":274473,"date":"2025-08-05T10:30:00","date_gmt":"2025-08-05T08:30:00","guid":{"rendered":"https:\/\/www.tucomarca.com\/wordpress\/segunda\/?p=274473"},"modified":"2025-08-05T14:40:11","modified_gmt":"2025-08-05T12:40:11","slug":"la-diputacio-dona-llum-verda-a-10-nous-projectes-del-pla-obert-a-la-ribera-amb-una-inversio-proxima-als-tres-milions","status":"publish","type":"post","link":"https:\/\/www.tucomarca.com\/wordpress\/segunda\/ca\/la-diputacio-dona-llum-verda-a-10-nous-projectes-del-pla-obert-a-la-ribera-amb-una-inversio-proxima-als-tres-milions\/","title":{"rendered":"La Diputaci\u00f3 dona llum verda a 10 nous projectes del Pla Obert a la Ribera amb una inversi\u00f3 pr\u00f2xima als tres milions"},"content":{"rendered":"\n<h3 class=\"wp-block-heading\">Les actuacions m\u00e9s destacades s\u00f3n la renovaci\u00f3 integral del carrer Val\u00e8ncia a Cullera, a la Ribera Baixa, i la construcci\u00f3 de dos pistes semicobertes en el poliesportiu de Tulell d&#8217;Alzira, a la Ribera Alta.<\/h3>\n\n\n\n<h3 class=\"wp-block-heading\">La vicepresidenta Nat\u00e0lia Enguix destaca \u201cl&#8217;esfor\u00e7 inversor en les dos comarques, que disposen de 67 milions d&#8217;euros en el Pla Obert, 12 milions m\u00e9s que amb els plans d&#8217;inversi\u00f3 de la passada legislatura.<\/h3>\n\n\n\n<p>La Diputaci\u00f3 de Val\u00e8ncia ha donat llum verda a nou projectes del Pla Obert a la Ribera Alta, amb una inversi\u00f3 global d&#8217;1.335.000 euros, que se sumen a l&#8217;actuaci\u00f3 aprovada a Cullera, en la Ribera Baixa, per a renovar el carrer Val\u00e8ncia amb una actuaci\u00f3 valorada en 1.518.000 euros. En total, l&#8217;\u00faltim decret del principal programa inversor de la Diputaci\u00f3 contempla una inversi\u00f3 pr\u00f2xima als tres milions d&#8217;euros en les dos comarques, dels prop de 67 milions que tenen assignats en el Pla Obert, 12 milions m\u00e9s que en l&#8217;anterior legislatura.<\/p>\n\n\n\n<p>A la Ribera Alta, l&#8217;obra m\u00e9s destacada en el nou decret \u00e9s la construcci\u00f3 de dos pistes semicobertes en el poliesportiu de Tulell d&#8217;Alzira, amb un cost de 850.000 euros. A m\u00e9s, Rafelguaraf reurbanitzar\u00e0 diferents carrers del nucli urb\u00e0 (200.000 euros); Guadassuar realitzar\u00e0 millores en les conduccions d&#8217;aigua potable de diferents carrers (86.000 euros) i reformar\u00e0 el parc infantil al costat del col\u00b7legi Balmes (47.500 euros); Sellent emprendr\u00e0 millores en la piscina i l&#8217;\u00e0rea recreativa de la Font del Pinar (27.000 euros); i Benimodo millorar\u00e0 la senyal\u00edtica del nucli urb\u00e0 per a refor\u00e7ar l&#8217;accessibilitat i la seguretat vi\u00e0ria (20.000 euros).<\/p>\n\n\n\n<p>Sense abandonar la comarca, la mancomunitat de servicis de benestar social La Comuna, que presta servici als municipis de L&#8217;\u00c9nova, Manuel, Rafelguaraf, Sant Joanet i Senyera, emprendr\u00e0 la segona fase de reforma de la seua seu, situada en la pla\u00e7a del Progr\u00e9s de Sant Joanet (103.000 euros). A la Ribera Baixa, l&#8217;\u00e0rea provincial de Cooperaci\u00f3 que coordina Nat\u00e0lia Enguix ha aprovat la renovaci\u00f3 integral de les infraestructures hidr\u00e0uliques i la reurbanitzaci\u00f3 del carrer Val\u00e8ncia de Cullera, un ambici\u00f3s projecte en el qual s&#8217;invertir\u00e0 una mica m\u00e9s d&#8217;un mili\u00f3 i mig d&#8217;euros dels prop de tres milions que t\u00e9 assignats el municipi en el Pla Obert.<\/p>\n\n\n\n<p>En paraules de Nat\u00e0lia Enguix, \u201cestes actuacions que ens proposen els municipis s\u00f3n part de l&#8217;ess\u00e8ncia del Pla Obert, un programa sense terminis ni imposicions, on els responsables locals ens traslladen les necessitats dels seus pobles perqu\u00e8 la Diputaci\u00f3 ajude a solucionar-les\u201d. En el cas de la Ribera Alta i la Ribera Baixa, \u201cl&#8217;assignaci\u00f3 del Pla Obert, que \u00e9s una xifra hist\u00f2rica, \u00e9s nom\u00e9s una part dels recursos destinats a les comarques en la present legislatura, amb la millora d&#8217;infraestructures i servicis en els municipis, per\u00f2 tamb\u00e9 amb actuacions en carreteres, camins, trinquets, casernes de la Gu\u00e0rdia Civil i b\u00e9ns d&#8217;inter\u00e9s cultural i rellev\u00e0ncia local\u201d.&nbsp;<\/p>\n\n\n\n<p><strong>Nou decret<\/strong><\/p>\n\n\n\n<p>El nou decret, que va veure la llum a la fi del mes de juliol amb 45 sol\u00b7licituds aprovades a 34 ajuntaments i dos mancomunitats, eleva a 575 els projectes en marxa o ja executats, amb una inversi\u00f3 de 87,1 milions dels 350 milions d&#8217;euros dels quals consta el principal programa inversor de la Diputaci\u00f3. Sobre este tema, Nat\u00e0lia Enguix subratlla que els municipis \u201ccompten amb plena llibertat per a continuar presentant els seus projectes en qualsevol moment, assegurant aix\u00ed una execuci\u00f3 flexible fins a 2027\u201d. La vicepresidenta insistix que amb el Pla Obert \u201c\u00e9s la Diputaci\u00f3 la que s&#8217;adapta als pobles i no al rev\u00e9s. Ac\u00ed manen els ajuntaments, i nosaltres acompanyem amb agilitat, confian\u00e7a i recursos\u201d.<\/p>\n\n\n\n<p>Enguix ha posat en valor \u201cla visi\u00f3 municipalista que compartix l&#8217;equip de govern de la Diputaci\u00f3, que no sols ha incrementat els recursos econ\u00f2mics per als nostres municipis sin\u00f3 que ha posat a la disposici\u00f3 dels responsables i t\u00e8cnics locals l&#8217;assessorament necessari per a agilitzar els processos i executar els projectes\u201d.<\/p>\n\n\n\n<p>En la mateixa l\u00ednia, el president de la instituci\u00f3 provincial, Vicent Momp\u00f3, considera que el Pla Obert \u201c\u00e9s molt m\u00e9s que un programa d&#8217;inversions\u201d. En la seua opini\u00f3, el programa \u201c\u00e9s una ferramenta d&#8217;acompanyament real, a trav\u00e9s de la qual escoltem els ajuntaments, eliminem traves i posem a la seua disposici\u00f3 els recursos perqu\u00e8 puguen executar les seues prioritats amb autonomia i responsabilitat\u201d.<\/p>\n","protected":false},"excerpt":{"rendered":"<div class=\"mh-excerpt\">Les actuacions m\u00e9s destacades s\u00f3n la renovaci\u00f3 integral del carrer Val\u00e8ncia a Cullera, a la Ribera Baixa, i la construcci\u00f3 de dos pistes semicobertes en el poliesportiu de Tulell d&#8217;Alzira, a la Ribera Alta. La <a class=\"mh-excerpt-more\" href=\"https:\/\/www.tucomarca.com\/wordpress\/segunda\/ca\/la-diputacio-dona-llum-verda-a-10-nous-projectes-del-pla-obert-a-la-ribera-amb-una-inversio-proxima-als-tres-milions\/\" title=\"La Diputaci\u00f3 dona llum verda a 10 nous projectes del Pla Obert a la Ribera amb una inversi\u00f3 pr\u00f2xima als tres milions\">[+] <\/a><\/div>\n","protected":false},"author":12,"featured_media":261100,"comment_status":"open","ping_status":"open","sticky":false,"template":"","format":"standard","meta":{"footnotes":""},"categories":[10889,10988,10898,10994,10948,10894,10902,10947,11002,10896,11050],"tags":[11246,19988,11356],"class_list":{"0":"post-274473","1":"post","2":"type-post","3":"status-publish","4":"format-standard","5":"has-post-thumbnail","7":"category-alzira-cat","8":"category-benimodo-ca","9":"category-ventana-ca","10":"category-guadassuar-ca","11":"category-infraestructuras-ca","12":"category-la-comarca-ca","13":"category-la-ribera-ca","14":"category-politica","15":"category-rafelguaraf-ca","16":"category-seccion-ca","17":"category-sellent-ca","18":"tag-diputacio-de-valencia-ca","19":"tag-pla-obert-dinversions-ca","20":"tag-ribera-alta-ca"},"_links":{"self":[{"href":"https:\/\/www.tucomarca.com\/wordpress\/segunda\/ca\/wp-json\/wp\/v2\/posts\/274473","targetHints":{"allow":["GET"]}}],"collection":[{"href":"https:\/\/www.tucomarca.com\/wordpress\/segunda\/ca\/wp-json\/wp\/v2\/posts"}],"about":[{"href":"https:\/\/www.tucomarca.com\/wordpress\/segunda\/ca\/wp-json\/wp\/v2\/types\/post"}],"author":[{"embeddable":true,"href":"https:\/\/www.tucomarca.com\/wordpress\/segunda\/ca\/wp-json\/wp\/v2\/users\/12"}],"replies":[{"embeddable":true,"href":"https:\/\/www.tucomarca.com\/wordpress\/segunda\/ca\/wp-json\/wp\/v2\/comments?post=274473"}],"version-history":[{"count":0,"href":"https:\/\/www.tucomarca.com\/wordpress\/segunda\/ca\/wp-json\/wp\/v2\/posts\/274473\/revisions"}],"wp:featuredmedia":[{"embeddable":true,"href":"https:\/\/www.tucomarca.com\/wordpress\/segunda\/ca\/wp-json\/wp\/v2\/media\/261100"}],"wp:attachment":[{"href":"https:\/\/www.tucomarca.com\/wordpress\/segunda\/ca\/wp-json\/wp\/v2\/media?parent=274473"}],"wp:term":[{"taxonomy":"category","embeddable":true,"href":"https:\/\/www.tucomarca.com\/wordpress\/segunda\/ca\/wp-json\/wp\/v2\/categories?post=274473"},{"taxonomy":"post_tag","embeddable":true,"href":"https:\/\/www.tucomarca.com\/wordpress\/segunda\/ca\/wp-json\/wp\/v2\/tags?post=274473"}],"curies":[{"name":"wp","href":"https:\/\/api.w.org\/{rel}","templated":true}]}}