{"id":274515,"date":"2025-08-05T10:10:00","date_gmt":"2025-08-05T08:10:00","guid":{"rendered":"https:\/\/www.tucomarca.com\/wordpress\/segunda\/?p=274515"},"modified":"2025-08-05T18:56:50","modified_gmt":"2025-08-05T16:56:50","slug":"la-diputacio-culmina-la-restauracio-de-la-cupula-de-lesglesia-de-la-nostra-senyora-del-remei-de-lliria","status":"publish","type":"post","link":"https:\/\/www.tucomarca.com\/wordpress\/segunda\/ca\/la-diputacio-culmina-la-restauracio-de-la-cupula-de-lesglesia-de-la-nostra-senyora-del-remei-de-lliria\/","title":{"rendered":"La Diputaci\u00f3 culmina la restauraci\u00f3 de la c\u00fapula de l&#8217;Esgl\u00e9sia de La nostra Senyora del Remei de Ll\u00edria"},"content":{"rendered":"\n<h3 class=\"wp-block-heading\">Les vicepresidentes Nat\u00e0lia Enguix i Reme Mazzolari visiten les obres finalitzades en el camar\u00ed i destaquen la import\u00e0ncia de preservar el patrimoni hist\u00f2ric i cultural dels municipis valencians.<\/h3>\n\n\n\n<h3 class=\"wp-block-heading\">Enguix afirma que \u201ccuidar el nostre patrimoni \u00e9s preservar la nostra hist\u00f2ria i mem\u00f2ria col\u00b7lectiva. Treballem perqu\u00e8 cada poble puga conservar els espais que formen part de la nostra identitat\u201d.<\/h3>\n\n\n\n<p>La Diputaci\u00f3 de Val\u00e8ncia ha finalitzat amb \u00e8xit la restauraci\u00f3 de la c\u00fapula del camar\u00ed de l&#8217;Esgl\u00e9sia de La nostra Senyora del Remei de Ll\u00edria, una actuaci\u00f3 que forma part del conveni firmat amb l&#8217;Arquebisbat de Val\u00e8ncia per a la recuperaci\u00f3 del patrimoni eclesi\u00e0stic, una iniciativa de la vicepresidenta primera Nat\u00e0lia Enguix que ha perm\u00e9s actuar en immobles amb un alt valor hist\u00f2ric i simb\u00f2lic de la prov\u00edncia, cas d&#8217;este temple de la capital del Camp de T\u00faria.<\/p>\n\n\n\n<p>Durant la visita institucional a l&#8217;espai restaurat, la vicepresidenta i diputada de Cooperaci\u00f3 Municipal, Nat\u00e0lia Enguix, acompanyada per la vicepresidenta segona i diputada provincial per Ll\u00edria, Reme Mazzolari, va destacar la rellev\u00e0ncia d&#8217;este tipus d&#8217;actuacions. Enguix va mostrar la seua satisfacci\u00f3 en veure acabada \u201cuna obra tan significativa per al poble de Ll\u00edria i per a la Confraria de la Mare de D\u00e9u del Remei. Preservar el nostre patrimoni \u00e9s preservar la nostra hist\u00f2ria i mem\u00f2ria col\u00b7lectiva\u201d, va expressar la responsable provincial.<\/p>\n\n\n\n<p>La restauraci\u00f3 s&#8217;ha centrat en resoldre els greus problemes estructurals que afectaven tant la coberta com l&#8217;interior del camar\u00ed. Les filtracions d&#8217;aigua havien provocat forats a la f\u00e0brica original del segle XIX, la qual cosa va permetre l&#8217;entrada d&#8217;humitat, causant l&#8217;oxidaci\u00f3 de l&#8217;estructura interna de ferro, la proliferaci\u00f3 de microorganismes, la deterioraci\u00f3 de les pintures murals i l&#8217;enfosquiment dels elements daurats originals. Tamb\u00e9 es van detectar danys importants en les escultures que coronen la c\u00fapula, algunes en risc de despreniment.<\/p>\n\n\n\n<p><strong>Recuperar l&#8217;esplendor de la c\u00fapula<\/strong><\/p>\n\n\n\n<p>Segons va explicar Sof\u00eda Mart\u00ednez, directora t\u00e8cnica de la restauraci\u00f3, \u201cens varem trobar amb una estructura molt deteriorada pel pas del temps i, sobretot, per l&#8217;efecte de l&#8217;aigua. El nostre treball ha consistit en garantir l&#8217;estabilitat del conjunt i recuperar l&#8217;esplendor original de la c\u00fapula, respectant sempre els materials i t\u00e8cniques tradicionals. Era fonamental frenar la deterioraci\u00f3 i protegir cada detall ornamental\u201d. Mart\u00ednez tamb\u00e9 va subratllar la complexitat del treball en altura i la necessitat d&#8217;una intervenci\u00f3 molt especialitzada, sobretot en les escultures que coronen el conjunt.<\/p>\n\n\n\n<p>Entre els treballs realitzats s&#8217;inclouen el cosit dels forats amb varetes de fibra de vidre, tractaments fungicides, consolidaci\u00f3 de les pintures murals i reintegraci\u00f3 del daurat ornamental amb t\u00e8cniques mixtes tradicionals. Aix\u00ed mateix, es van dur a terme mesures d&#8217;impermeabilitzaci\u00f3 per a evitar futures filtracions i es va intervindre sobre les escultures amb labors de neteja, consolidaci\u00f3 i protecci\u00f3. Tot el proc\u00e9s s&#8217;ha desenvolupat respectant l&#8217;est\u00e8tica i els materials originals, i complint amb la normativa de conservaci\u00f3 i seguretat patrimonial vigent.<\/p>\n\n\n\n<p>L&#8217;actuaci\u00f3 ha comptat amb una subvenci\u00f3 directa de 50.000 euros concedida per la Diputaci\u00f3 de Val\u00e8ncia, distribu\u00efda entre els exercicis 2024, 2025 i 2026, dins del marc de suport econ\u00f2mic a la recuperaci\u00f3 del patrimoni local en els municipis de la prov\u00edncia.<\/p>\n\n\n\n<p><strong>Espai de culte<\/strong><\/p>\n\n\n\n<p>La vicepresidenta segona i diputada provincial per Ll\u00edria, Reme Mazzolari, va posar en valor la import\u00e0ncia d&#8217;esta intervenci\u00f3 per a la ciutat. \u201cEstes obres de restauraci\u00f3 han sigut possibles gr\u00e0cies a l&#8217;aportaci\u00f3 de la Diputaci\u00f3, que treballa per la conservaci\u00f3 del patrimoni, en este cas del patrimoni eclesi\u00e0stic dels nostres pobles. Ll\u00edria estar\u00e0 escortada per la seua Verge, i hui estem veient el resultat de l&#8217;actuaci\u00f3, que en breu podrem disfrutar totes les llirianes i llirians\u201d, va declarar.<\/p>\n\n\n\n<p>La visita tamb\u00e9 va comptar amb la pres\u00e8ncia dels representants de la Confraria de la Mare de D\u00e9u del Remei. En este cas, Mario Arastey va expressar el seu agra\u00efment pel suport rebut. \u201cLa restauraci\u00f3 era molt necess\u00e0ria i per a nosaltres suposa una gran alegria veure recuperat el camar\u00ed, que \u00e9s un espai central per a la devoci\u00f3 del nostre poble. Sense la implicaci\u00f3 de la Diputaci\u00f3 hauria sigut dif\u00edcil assumir el projecte\u201d, va afirmar.<\/p>\n\n\n\n<p>En el tancament de la visita, Natalia Enguix va reiterar la implicaci\u00f3 de la instituci\u00f3 provincial amb la protecci\u00f3 del patrimoni historicoart\u00edstic dels municipis valencians. \u201cTreballem perqu\u00e8 cada poble, gran o xicotet, puga conservar els espais que formen part de la seua identitat. Amb accions com esta, assegurem que les nostres tradicions, el nostre art i la nostra hist\u00f2ria perduren per a les generacions futures\u201d, va concloure la vicepresidenta primera.<\/p>\n\n\n\n<p><\/p>\n","protected":false},"excerpt":{"rendered":"<div class=\"mh-excerpt\">Les vicepresidentes Nat\u00e0lia Enguix i Reme Mazzolari visiten les obres finalitzades en el camar\u00ed i destaquen la import\u00e0ncia de preservar el patrimoni hist\u00f2ric i cultural dels municipis valencians. Enguix afirma que \u201ccuidar el nostre patrimoni <a class=\"mh-excerpt-more\" href=\"https:\/\/www.tucomarca.com\/wordpress\/segunda\/ca\/la-diputacio-culmina-la-restauracio-de-la-cupula-de-lesglesia-de-la-nostra-senyora-del-remei-de-lliria\/\" title=\"La Diputaci\u00f3 culmina la restauraci\u00f3 de la c\u00fapula de l&#8217;Esgl\u00e9sia de La nostra Senyora del Remei de Ll\u00edria\">[+] <\/a><\/div>\n","protected":false},"author":12,"featured_media":274514,"comment_status":"open","ping_status":"open","sticky":false,"template":"","format":"standard","meta":{"footnotes":""},"categories":[10892,10898,10948,10894,10928,11007,10947,10896],"tags":[10899,11246,11070,20404,22875,19433],"class_list":{"0":"post-274515","1":"post","2":"type-post","3":"status-publish","4":"format-standard","5":"has-post-thumbnail","7":"category-camp-de-turia-ca","8":"category-ventana-ca","9":"category-infraestructuras-ca","10":"category-la-comarca-ca","11":"category-lliria-ca","12":"category-ocio-y-cultura-ca","13":"category-politica","14":"category-seccion-ca","15":"tag-camp-de-turia-ca","16":"tag-diputacio-de-valencia-ca","17":"tag-lliria-ca","18":"tag-natalia-enguix-2-ca","19":"tag-nuestra-senora-del-remedio-ca","20":"tag-reme-mazzolari-ca"},"_links":{"self":[{"href":"https:\/\/www.tucomarca.com\/wordpress\/segunda\/ca\/wp-json\/wp\/v2\/posts\/274515","targetHints":{"allow":["GET"]}}],"collection":[{"href":"https:\/\/www.tucomarca.com\/wordpress\/segunda\/ca\/wp-json\/wp\/v2\/posts"}],"about":[{"href":"https:\/\/www.tucomarca.com\/wordpress\/segunda\/ca\/wp-json\/wp\/v2\/types\/post"}],"author":[{"embeddable":true,"href":"https:\/\/www.tucomarca.com\/wordpress\/segunda\/ca\/wp-json\/wp\/v2\/users\/12"}],"replies":[{"embeddable":true,"href":"https:\/\/www.tucomarca.com\/wordpress\/segunda\/ca\/wp-json\/wp\/v2\/comments?post=274515"}],"version-history":[{"count":0,"href":"https:\/\/www.tucomarca.com\/wordpress\/segunda\/ca\/wp-json\/wp\/v2\/posts\/274515\/revisions"}],"wp:featuredmedia":[{"embeddable":true,"href":"https:\/\/www.tucomarca.com\/wordpress\/segunda\/ca\/wp-json\/wp\/v2\/media\/274514"}],"wp:attachment":[{"href":"https:\/\/www.tucomarca.com\/wordpress\/segunda\/ca\/wp-json\/wp\/v2\/media?parent=274515"}],"wp:term":[{"taxonomy":"category","embeddable":true,"href":"https:\/\/www.tucomarca.com\/wordpress\/segunda\/ca\/wp-json\/wp\/v2\/categories?post=274515"},{"taxonomy":"post_tag","embeddable":true,"href":"https:\/\/www.tucomarca.com\/wordpress\/segunda\/ca\/wp-json\/wp\/v2\/tags?post=274515"}],"curies":[{"name":"wp","href":"https:\/\/api.w.org\/{rel}","templated":true}]}}