{"id":274613,"date":"2025-08-06T11:45:00","date_gmt":"2025-08-06T09:45:00","guid":{"rendered":"https:\/\/www.tucomarca.com\/wordpress\/segunda\/?p=274613"},"modified":"2025-08-06T19:05:16","modified_gmt":"2025-08-06T17:05:16","slug":"la-generalitat-desenrotlla-una-ferramenta-digital-per-a-simular-escenaris-de-risc-davant-possibles-fenomens-climatics-extrems","status":"publish","type":"post","link":"https:\/\/www.tucomarca.com\/wordpress\/segunda\/ca\/la-generalitat-desenrotlla-una-ferramenta-digital-per-a-simular-escenaris-de-risc-davant-possibles-fenomens-climatics-extrems\/","title":{"rendered":"La Generalitat desenrotlla una ferramenta digital per a simular escenaris de risc davant possibles fen\u00f2mens clim\u00e0tics extrems"},"content":{"rendered":"\n<h3 class=\"wp-block-heading\">El sistema denominat \u2018r\u00e8plica digital\u2019 permetr\u00e0 actuacions actuals i futures en la gesti\u00f3 d\u2019emerg\u00e8ncies, la planificaci\u00f3 preventiva i l\u2019anticipaci\u00f3.<\/h3>\n\n\n\n<h3 class=\"wp-block-heading\">Juan Carlos Valderrama i Vicente Mart\u00ednez Mus s\u2019han reunit amb la directora de l\u2019Institut Cartogr\u00e0fic Valenci\u00e0 per a ultimar el seu desenrotllament.<\/h3>\n\n\n\n<p>La Generalitat afronta la fase final del desenrotllament d\u2019una ferramenta digital per a simular escenaris de risc davant possibles fen\u00f2mens clim\u00e0tics extrems que permeta millorar la gesti\u00f3 de les emerg\u00e8ncies, la planificaci\u00f3 preventiva i l\u2019anticipaci\u00f3 davant desastres naturals.<\/p>\n\n\n\n<p>El conseller d\u2019Emerg\u00e8ncies i Interior, Juan Carlos Valderrama, i el conseller de Medi Ambient, Infraestructures i Territori, Vicente Mart\u00ednez Mus, s\u2019han reunit amb la directora de l\u2019Institut Cartogr\u00e0fic Valenci\u00e0 (ICV), Montse Tello, per a impulsar un sistema basat en l\u2019\u00fas de tecnologia cartogr\u00e0fica i de la denominada \u2018r\u00e8plica digital\u2019 que permeta actuacions actuals i futures en l\u2019\u00e0mbit de la gesti\u00f3 d\u2019emerg\u00e8ncies.<\/p>\n\n\n\n<p>Juan Carlos Valderrama ha explicat que este nou sistema, que s\u2019emmarca en el recentment aprovat Pla Endavant de recuperaci\u00f3 i reconstrucci\u00f3 de la Comunitat Valenciana, \u201cajudar\u00e0 al fet que puguem anticipar-nos i donar una resposta m\u00e9s r\u00e0pida a fen\u00f2mens extrems com inundacions o incendis\u201d.<\/p>\n\n\n\n<p>De fet, ha detallat que esta \u2018r\u00e8plica digital\u2019 permetr\u00e0 dur a terme la simulaci\u00f3 d\u2019escenaris de risc basats en models hidrol\u00f2gics, geot\u00e8cnics i clim\u00e0tics, \u201ci servir\u00e0 com una ferramenta de suport a l\u2019hora d\u2019identificar, per exemple, rutes segures per a dur a terme una evacuaci\u00f3 en cas que siga necessari\u201d.<\/p>\n\n\n\n<p>Valderrama ha destacat que l\u2019elaboraci\u00f3 d\u2019este nou mapa intel\u00b7ligent \u201cafavorir\u00e0 l\u2019anticipaci\u00f3, i no solament la reacci\u00f3, davant riscos clim\u00e0tics\u201d.&nbsp;<\/p>\n\n\n\n<p>A m\u00e9s, ha precisat que la ciutadania podr\u00e0 accedir a esta ferramenta, la qual cosa facilitar\u00e0 que puga aplicar mesures d\u2019autoprotecci\u00f3 i saber com actuar davant els diferents nivells d\u2019alerta, aprofundint aix\u00ed en la cultura preventiva entre la poblaci\u00f3.<\/p>\n\n\n\n<p>Per la seua part, Vicente Mart\u00ednez Mus ha assenyalat que es tracta d\u2019una ferramenta \u201cpotent\u201d que permetr\u00e0 actuar amb efic\u00e0cia davant situacions d\u2019emerg\u00e8ncia. De manera transversal, ha assegurat, \u201cser\u00e0 \u00fatil no solament per a t\u00e8cnics en medi ambient o emerg\u00e8ncies, sin\u00f3 tamb\u00e9 per a urbanisme, infraestructures i ordenaci\u00f3 del territori\u201d.<\/p>\n\n\n\n<p>El titular de Territori ha confirmat que en les pr\u00f2ximes setmanes la ferramenta permetr\u00e0 incorporar algoritmes per a fer diferents simulacres davant, per exemple, possibles riuades, vendavals o fins i tot incendis forestals. En este sentit, Mart\u00ednez Mus ha assegurat que el desenrotllament est\u00e0 m\u00e9s avan\u00e7at per a la prov\u00edncia de Val\u00e8ncia, encara que s\u2019estendr\u00e0 al conjunt de la Comunitat Valenciana.<\/p>\n\n\n\n<p>\u201cEstem conven\u00e7uts que esta ferramenta suposa un canvi de paradigma en la manera de gestionar el territori i confiem que este siga nom\u00e9s l\u2019inici d\u2019una etapa en la qual tecnologia, cooperaci\u00f3 institucional i anticipaci\u00f3 es convertisquen en els pilars d\u2019una Comunitat Valenciana m\u00e9s resilient\u201d, ha destacat.<\/p>\n\n\n\n<p><strong>\u2018R\u00e8plica digital\u2019<\/strong><\/p>\n\n\n\n<p>En octubre, despr\u00e9s de les intenses pluges provocades per la dana, l\u2019ICV va activar un vol fotogram\u00e8tric d\u2019emerg\u00e8ncia per a obtindre imatges a\u00e8ries actualitzades i d\u2019alta resoluci\u00f3 per a documentar els efectes de les inundacions, facilitar el treball del personal t\u00e8cnic d\u2019emerg\u00e8ncies i protecci\u00f3 civil i ajudar en la valoraci\u00f3 de danys agr\u00edcoles, infraestructurals i mediambientals.<\/p>\n\n\n\n<p>D\u2019este vol es van generar ortofotografies, models digitals del terreny i comparatives visuals amb imatges pr\u00e8vies, disponibles per a totes les conselleries, ajuntaments i organismes implicats.<\/p>\n\n\n\n<p>Despr\u00e9s d\u2019este vol fotogram\u00e8tric, que va cobrir tota la prov\u00edncia de Val\u00e8ncia, l\u2019ICV est\u00e0 desenrotllant la \u2018r\u00e8plica digital\u2019 de la prov\u00edncia, que permetr\u00e0 planificar i coordinar actuacions davant de riscos com inundacions, incendis o lliscaments de terreny.<\/p>\n\n\n\n<p>Este sistema oferix una visi\u00f3 tridimensional del territori, simula escenaris de risc i facilita la planificaci\u00f3 d\u2019evacuacions i la identificaci\u00f3 d\u2019infraestructures cr\u00edtiques. Tamb\u00e9 permet comparar imatges abans i despr\u00e9s d\u2019un esdeveniment per a avaluar danys i planificar la recuperaci\u00f3.<\/p>\n\n\n\n<p>Tant el vol d\u2019emerg\u00e8ncia com el desenrotllament de la \u2018r\u00e8plica digital\u2019 han sigut possibles gr\u00e0cies a la coordinaci\u00f3 entre la Conselleria de Medi Ambient, Infraestructures i Territori, l\u2019ICV i l\u2019Ag\u00e8ncia Valenciana de Seguretat i Resposta a les Emerg\u00e8ncies (AVSRE).<\/p>\n\n\n\n<p>L\u2019ICV compta, a m\u00e9s, amb un servici espec\u00edfic de cartografia d\u2019emerg\u00e8ncies, que pot activar-se davant situacions d\u2019especial gravetat per a proporcionar imatges actualitzades i productes cartogr\u00e0fics de suport a la gesti\u00f3 operativa.<\/p>\n\n\n\n<figure class=\"wp-block-image size-large\"><img loading=\"lazy\" decoding=\"async\" width=\"1024\" height=\"768\" src=\"http:\/\/www.tucomarca.com\/wordpress\/segunda\/wp-content\/uploads\/2025\/08\/Gemelo-Digital-Emergencias-2-1024x768.jpeg\" alt=\"\" class=\"wp-image-274610\" srcset=\"https:\/\/www.tucomarca.com\/wordpress\/segunda\/wp-content\/uploads\/2025\/08\/Gemelo-Digital-Emergencias-2-1024x768.jpeg 1024w, https:\/\/www.tucomarca.com\/wordpress\/segunda\/wp-content\/uploads\/2025\/08\/Gemelo-Digital-Emergencias-2-300x225.jpeg 300w, https:\/\/www.tucomarca.com\/wordpress\/segunda\/wp-content\/uploads\/2025\/08\/Gemelo-Digital-Emergencias-2-768x576.jpeg 768w, https:\/\/www.tucomarca.com\/wordpress\/segunda\/wp-content\/uploads\/2025\/08\/Gemelo-Digital-Emergencias-2-1536x1152.jpeg 1536w, https:\/\/www.tucomarca.com\/wordpress\/segunda\/wp-content\/uploads\/2025\/08\/Gemelo-Digital-Emergencias-2-2048x1536.jpeg 2048w, https:\/\/www.tucomarca.com\/wordpress\/segunda\/wp-content\/uploads\/2025\/08\/Gemelo-Digital-Emergencias-2-678x509.jpeg 678w, https:\/\/www.tucomarca.com\/wordpress\/segunda\/wp-content\/uploads\/2025\/08\/Gemelo-Digital-Emergencias-2-326x245.jpeg 326w, https:\/\/www.tucomarca.com\/wordpress\/segunda\/wp-content\/uploads\/2025\/08\/Gemelo-Digital-Emergencias-2-80x60.jpeg 80w\" sizes=\"auto, (max-width: 1024px) 100vw, 1024px\" \/><\/figure>\n","protected":false},"excerpt":{"rendered":"<div class=\"mh-excerpt\">El sistema denominat \u2018r\u00e8plica digital\u2019 permetr\u00e0 actuacions actuals i futures en la gesti\u00f3 d\u2019emerg\u00e8ncies, la planificaci\u00f3 preventiva i l\u2019anticipaci\u00f3. Juan Carlos Valderrama i Vicente Mart\u00ednez Mus s\u2019han reunit amb la directora de l\u2019Institut Cartogr\u00e0fic Valenci\u00e0 <a class=\"mh-excerpt-more\" href=\"https:\/\/www.tucomarca.com\/wordpress\/segunda\/ca\/la-generalitat-desenrotlla-una-ferramenta-digital-per-a-simular-escenaris-de-risc-davant-possibles-fenomens-climatics-extrems\/\" title=\"La Generalitat desenrotlla una ferramenta digital per a simular escenaris de risc davant possibles fen\u00f2mens clim\u00e0tics extrems\">[+] <\/a><\/div>\n","protected":false},"author":13,"featured_media":274609,"comment_status":"open","ping_status":"open","sticky":false,"template":"","format":"standard","meta":{"footnotes":""},"categories":[21466,10898,10948,10894,10904,10903,10947,10896,10897],"tags":[15409,11199,12166],"class_list":{"0":"post-274613","1":"post","2":"type-post","3":"status-publish","4":"format-standard","5":"has-post-thumbnail","7":"category-dana-ca","8":"category-ventana-ca","9":"category-infraestructuras-ca","10":"category-la-comarca-ca","11":"category-sin-categorizar-ca","12":"category-medio-ambiente-la-comarca-ca","13":"category-politica","14":"category-seccion-ca","15":"category-sucesos-la-comarca-ca","16":"tag-dana-2-ca","17":"tag-la-comunitat-ca","18":"tag-medio-ambiente-ca"},"_links":{"self":[{"href":"https:\/\/www.tucomarca.com\/wordpress\/segunda\/ca\/wp-json\/wp\/v2\/posts\/274613","targetHints":{"allow":["GET"]}}],"collection":[{"href":"https:\/\/www.tucomarca.com\/wordpress\/segunda\/ca\/wp-json\/wp\/v2\/posts"}],"about":[{"href":"https:\/\/www.tucomarca.com\/wordpress\/segunda\/ca\/wp-json\/wp\/v2\/types\/post"}],"author":[{"embeddable":true,"href":"https:\/\/www.tucomarca.com\/wordpress\/segunda\/ca\/wp-json\/wp\/v2\/users\/13"}],"replies":[{"embeddable":true,"href":"https:\/\/www.tucomarca.com\/wordpress\/segunda\/ca\/wp-json\/wp\/v2\/comments?post=274613"}],"version-history":[{"count":0,"href":"https:\/\/www.tucomarca.com\/wordpress\/segunda\/ca\/wp-json\/wp\/v2\/posts\/274613\/revisions"}],"wp:featuredmedia":[{"embeddable":true,"href":"https:\/\/www.tucomarca.com\/wordpress\/segunda\/ca\/wp-json\/wp\/v2\/media\/274609"}],"wp:attachment":[{"href":"https:\/\/www.tucomarca.com\/wordpress\/segunda\/ca\/wp-json\/wp\/v2\/media?parent=274613"}],"wp:term":[{"taxonomy":"category","embeddable":true,"href":"https:\/\/www.tucomarca.com\/wordpress\/segunda\/ca\/wp-json\/wp\/v2\/categories?post=274613"},{"taxonomy":"post_tag","embeddable":true,"href":"https:\/\/www.tucomarca.com\/wordpress\/segunda\/ca\/wp-json\/wp\/v2\/tags?post=274613"}],"curies":[{"name":"wp","href":"https:\/\/api.w.org\/{rel}","templated":true}]}}