{"id":274623,"date":"2025-08-06T11:05:00","date_gmt":"2025-08-06T09:05:00","guid":{"rendered":"https:\/\/www.tucomarca.com\/wordpress\/segunda\/?p=274623"},"modified":"2025-08-06T19:25:26","modified_gmt":"2025-08-06T17:25:26","slug":"el-consell-amplia-les-entitats-beneficiaries-de-les-ajudes-per-a-la-promocio-de-la-igualtat-i-incrementa-les-bonificacions-per-a-les-que-es-troben-en-municipis-afectats-per-la-riuada","status":"publish","type":"post","link":"https:\/\/www.tucomarca.com\/wordpress\/segunda\/ca\/el-consell-amplia-les-entitats-beneficiaries-de-les-ajudes-per-a-la-promocio-de-la-igualtat-i-incrementa-les-bonificacions-per-a-les-que-es-troben-en-municipis-afectats-per-la-riuada\/","title":{"rendered":"El Consell amplia les entitats benefici\u00e0ries de les ajudes per a la promoci\u00f3 de la igualtat i incrementa les bonificacions per a les que es troben en municipis afectats per la riuada"},"content":{"rendered":"\n<h3 class=\"wp-block-heading\">Servicis Socials adapta la normativa a les noves realitats de les pol\u00edtiques d\u2019igualtat actuals.<\/h3>\n\n\n\n<h3 class=\"wp-block-heading\">La dotaci\u00f3 econ\u00f2mica total \u00e9s d\u20191.000.000 euros i es distribu\u00efx entre les diferents entitats benefici\u00e0ries.<\/h3>\n\n\n\n<p>La Vicepresid\u00e8ncia Primera i Conselleria de Servicis Socials, Igualtat i Vivenda ha actualitzat les bases reguladores que regiran el procediment de concessi\u00f3 d\u2019ajudes econ\u00f2miques per a fomentar el moviment associatiu de dones i per a la promoci\u00f3 de la igualtat en la Comunitat Valenciana, segons ha publicat el&nbsp;<a href=\"https:\/\/dogv.gva.es\/va\/resultat-dogv?signatura=2025\/28445\">Diari Oficial de la Generalitat Valenciana<\/a>&nbsp;(DOGV).<\/p>\n\n\n\n<p>La principal novetat d\u2019esta nova actualitzaci\u00f3 de la normativa potencia el comprom\u00eds de la Generalitat amb la reconstrucci\u00f3 de les zones afectades per la dana i incorpora una bonificaci\u00f3 de deu punts m\u00e9s a les entitats el domicili social de les quals es trobe en municipis danyats per la riuada, impulsant aix\u00ed la seua recomposici\u00f3 socioecon\u00f2mica.<\/p>\n\n\n\n<p>Altres novetats de les actuals bases reguladores \u00e9s que aposten per adaptar-se a les noves realitats de les pol\u00edtiques d\u2019igualtat ampliant les entitats benefici\u00e0ries que promocionen i fomenten la igualtat d\u2019oportunitats.<\/p>\n\n\n\n<p>A m\u00e9s, s\u2019aclarix el tipus d\u2019accions que poden dur-se a terme en cada projecte subvencionable, com les campanyes de sensibilitzaci\u00f3 o els projectes d\u2019estudi, divulgaci\u00f3 i investigaci\u00f3.<\/p>\n\n\n\n<p>Tamb\u00e9 es preveu l\u2019objectivaci\u00f3 dels criteris de valoraci\u00f3 per a fomentar la qualitat t\u00e8cnica i varietat dels projectes que es presenten. La dotaci\u00f3 econ\u00f2mica total \u00e9s d\u20191.000.000 euros i es distribu\u00efx entre les diferents entitats benefici\u00e0ries.<\/p>\n\n\n\n<p>La secret\u00e0ria auton\u00f2mica d\u2019Igualtat i Diversitat, Asunci\u00f3n Quinz\u00e1, ha destacat que \u201ceste avan\u00e7 en l\u2019acc\u00e9s a les ajudes suposa mantindre una l\u00ednia de progr\u00e9s i d\u2019aposta ferma per aconseguir la igualtat real entre h\u00f2mens i dones des de la gesti\u00f3 i des de l\u2019impuls de la Conselleria a les entitats compromeses amb la sensibilitzaci\u00f3 i la promoci\u00f3 de projectes enfocats a la igualtat real en tots els \u00e0mbits de la vida\u201d.<\/p>\n\n\n\n<p>D\u2019esta manera, \u201cla Conselleria fomenta i impulsa els projectes relacionats amb trobades territorials entre diferents associacions de dones i les activitats dirigides a la prevenci\u00f3 de la viol\u00e8ncia contra les dones i a fomentar la igualtat en l\u2019\u00e0mbit educatiu, cultural i art\u00edstic, aix\u00ed com en el laboral i de lideratge femen\u00ed, en el de la salut, en el de l\u2019esport, en el rural i en el de la conciliaci\u00f3 i la corresponsabilitat\u201d, ha assenyalat Quinz\u00e1.<\/p>\n","protected":false},"excerpt":{"rendered":"<div class=\"mh-excerpt\">Servicis Socials adapta la normativa a les noves realitats de les pol\u00edtiques d\u2019igualtat actuals. La dotaci\u00f3 econ\u00f2mica total \u00e9s d\u20191.000.000 euros i es distribu\u00efx entre les diferents entitats benefici\u00e0ries. La Vicepresid\u00e8ncia Primera i Conselleria de <a class=\"mh-excerpt-more\" href=\"https:\/\/www.tucomarca.com\/wordpress\/segunda\/ca\/el-consell-amplia-les-entitats-beneficiaries-de-les-ajudes-per-a-la-promocio-de-la-igualtat-i-incrementa-les-bonificacions-per-a-les-que-es-troben-en-municipis-afectats-per-la-riuada\/\" title=\"El Consell amplia les entitats benefici\u00e0ries de les ajudes per a la promoci\u00f3 de la igualtat i incrementa les bonificacions per a les que es troben en municipis afectats per la riuada\">[+] <\/a><\/div>\n","protected":false},"author":13,"featured_media":244298,"comment_status":"open","ping_status":"open","sticky":false,"template":"","format":"standard","meta":{"footnotes":""},"categories":[21466,10898,10948,10894,10904,10903,10947,10896,10897],"tags":[15409,12903,11199],"class_list":{"0":"post-274623","1":"post","2":"type-post","3":"status-publish","4":"format-standard","5":"has-post-thumbnail","7":"category-dana-ca","8":"category-ventana-ca","9":"category-infraestructuras-ca","10":"category-la-comarca-ca","11":"category-sin-categorizar-ca","12":"category-medio-ambiente-la-comarca-ca","13":"category-politica","14":"category-seccion-ca","15":"category-sucesos-la-comarca-ca","16":"tag-dana-2-ca","17":"tag-infraestructuras-ca","18":"tag-la-comunitat-ca"},"_links":{"self":[{"href":"https:\/\/www.tucomarca.com\/wordpress\/segunda\/ca\/wp-json\/wp\/v2\/posts\/274623","targetHints":{"allow":["GET"]}}],"collection":[{"href":"https:\/\/www.tucomarca.com\/wordpress\/segunda\/ca\/wp-json\/wp\/v2\/posts"}],"about":[{"href":"https:\/\/www.tucomarca.com\/wordpress\/segunda\/ca\/wp-json\/wp\/v2\/types\/post"}],"author":[{"embeddable":true,"href":"https:\/\/www.tucomarca.com\/wordpress\/segunda\/ca\/wp-json\/wp\/v2\/users\/13"}],"replies":[{"embeddable":true,"href":"https:\/\/www.tucomarca.com\/wordpress\/segunda\/ca\/wp-json\/wp\/v2\/comments?post=274623"}],"version-history":[{"count":0,"href":"https:\/\/www.tucomarca.com\/wordpress\/segunda\/ca\/wp-json\/wp\/v2\/posts\/274623\/revisions"}],"wp:featuredmedia":[{"embeddable":true,"href":"https:\/\/www.tucomarca.com\/wordpress\/segunda\/ca\/wp-json\/wp\/v2\/media\/244298"}],"wp:attachment":[{"href":"https:\/\/www.tucomarca.com\/wordpress\/segunda\/ca\/wp-json\/wp\/v2\/media?parent=274623"}],"wp:term":[{"taxonomy":"category","embeddable":true,"href":"https:\/\/www.tucomarca.com\/wordpress\/segunda\/ca\/wp-json\/wp\/v2\/categories?post=274623"},{"taxonomy":"post_tag","embeddable":true,"href":"https:\/\/www.tucomarca.com\/wordpress\/segunda\/ca\/wp-json\/wp\/v2\/tags?post=274623"}],"curies":[{"name":"wp","href":"https:\/\/api.w.org\/{rel}","templated":true}]}}