{"id":274799,"date":"2025-08-08T11:00:00","date_gmt":"2025-08-08T09:00:00","guid":{"rendered":"https:\/\/www.tucomarca.com\/wordpress\/segunda\/?p=274799"},"modified":"2025-08-08T14:21:11","modified_gmt":"2025-08-08T12:21:11","slug":"el-excomisionado-del-govern-per-a-la-reconstruccio-de-la-dana-jose-maria-angel-hospitalitzat-a-lliria-despres-dun-intent-de-suicidi","status":"publish","type":"post","link":"https:\/\/www.tucomarca.com\/wordpress\/segunda\/ca\/el-excomisionado-del-govern-per-a-la-reconstruccio-de-la-dana-jose-maria-angel-hospitalitzat-a-lliria-despres-dun-intent-de-suicidi\/","title":{"rendered":"El excomisionado del Govern per a la reconstrucci\u00f3 de la DANA, Jos\u00e9 Mar\u00eda \u00c1ngel, hospitalitzat a Ll\u00edria despr\u00e9s d&#8217;un intent de su\u00efcidi"},"content":{"rendered":"\n<h3 class=\"wp-block-heading\">El excomisionado del Govern per a la reconstrucci\u00f3 de la DANA, Jos\u00e9 Mar\u00eda \u00c1ngel Batalla, es troba ingressat a l&#8217;hospital de Ll\u00edria en estat estable despr\u00e9s d&#8217;un episodi d&#8217;intent de su\u00efcidi que ha requerit atenci\u00f3 m\u00e8dica urgent.<\/h3>\n\n\n\n<p>Segons ha pogut saber aquest diari, Jos\u00e9 Mar\u00eda \u00c1ngel ha sigut at\u00e9s d&#8217;urg\u00e8ncia despr\u00e9s de ser trobat inconscient en els voltants del cementeri municipal de l&#8217;Eliana durant el mat\u00ed de hui. La persona que ho va localitzar va donar av\u00eds al tel\u00e8fon d&#8217;emerg\u00e8ncies 112 a les 8,45 hores, i immediatament es va activar el protocol corresponent amb l&#8217;enviament d&#8217;una ambul\u00e0ncia del SAMU.<\/p>\n\n\n\n<p>L&#8217;equip sanitari va aconseguir estabilitzar-lo i procedir al seu trasllat urgent a l&#8217;Hospital de Ll\u00edria, on roman ingressat baix observaci\u00f3 m\u00e8dica. Fonts hospital\u00e0ries han confirmat que el seu estat \u00e9s estable.<\/p>\n\n\n\n<p>Jos\u00e9 Mar\u00eda \u00c1ngel havia presentat recentment la seua dimissi\u00f3 com comissionat del Govern per a la reconstrucci\u00f3 de la DANA, c\u00e0rrec que va ocupar fins a la setmana passada. Segons fonts pr\u00f2ximes, en els \u00faltims dies havia sigut objecte d&#8217;una forta pressi\u00f3 medi\u00e0tica i a trav\u00e9s de xarxes socials.<\/p>\n\n\n\n<p><strong>Desitge de r\u00e0pida recuperaci\u00f3 des del Consell<\/strong><\/p>\n\n\n\n<p>Des del Consell han manifestat el seu &#8220;desig per la r\u00e0pida recuperaci\u00f3 de l&#8217;ex Secretari Auton\u00f2mic d&#8217;Emerg\u00e8ncies de la Generalitat Valenciana, Jos\u00e9 Mar\u00eda \u00c1ngel Batalla&#8221;, i ha transm\u00e9s el seu &#8220;m\u00e9s sincer agra\u00efment als serveis sanitaris i de bombers per la seua r\u00e0pida actuaci\u00f3&#8221;.<\/p>\n","protected":false},"excerpt":{"rendered":"<div class=\"mh-excerpt\">El excomisionado del Govern per a la reconstrucci\u00f3 de la DANA, Jos\u00e9 Mar\u00eda \u00c1ngel Batalla, es troba ingressat a l&#8217;hospital de Ll\u00edria en estat estable despr\u00e9s d&#8217;un episodi d&#8217;intent de su\u00efcidi que ha requerit atenci\u00f3 <a class=\"mh-excerpt-more\" href=\"https:\/\/www.tucomarca.com\/wordpress\/segunda\/ca\/el-excomisionado-del-govern-per-a-la-reconstruccio-de-la-dana-jose-maria-angel-hospitalitzat-a-lliria-despres-dun-intent-de-suicidi\/\" title=\"El excomisionado del Govern per a la reconstrucci\u00f3 de la DANA, Jos\u00e9 Mar\u00eda \u00c1ngel, hospitalitzat a Ll\u00edria despr\u00e9s d&#8217;un intent de su\u00efcidi\">[+] <\/a><\/div>\n","protected":false},"author":12,"featured_media":274794,"comment_status":"open","ping_status":"open","sticky":false,"template":"","format":"standard","meta":{"footnotes":""},"categories":[10892,21466,10898,10894,10904,10928,10893,10947,10896,10897],"tags":[10395,8360,10433,10396],"class_list":{"0":"post-274799","1":"post","2":"type-post","3":"status-publish","4":"format-standard","5":"has-post-thumbnail","7":"category-camp-de-turia-ca","8":"category-dana-ca","9":"category-ventana-ca","10":"category-la-comarca-ca","11":"category-sin-categorizar-ca","12":"category-lliria-ca","13":"category-leliana-ca","14":"category-politica","15":"category-seccion-ca","16":"category-sucesos-la-comarca-ca","17":"tag-camp-de-turia","18":"tag-dana","19":"tag-leliana","20":"tag-lliria"},"_links":{"self":[{"href":"https:\/\/www.tucomarca.com\/wordpress\/segunda\/ca\/wp-json\/wp\/v2\/posts\/274799","targetHints":{"allow":["GET"]}}],"collection":[{"href":"https:\/\/www.tucomarca.com\/wordpress\/segunda\/ca\/wp-json\/wp\/v2\/posts"}],"about":[{"href":"https:\/\/www.tucomarca.com\/wordpress\/segunda\/ca\/wp-json\/wp\/v2\/types\/post"}],"author":[{"embeddable":true,"href":"https:\/\/www.tucomarca.com\/wordpress\/segunda\/ca\/wp-json\/wp\/v2\/users\/12"}],"replies":[{"embeddable":true,"href":"https:\/\/www.tucomarca.com\/wordpress\/segunda\/ca\/wp-json\/wp\/v2\/comments?post=274799"}],"version-history":[{"count":0,"href":"https:\/\/www.tucomarca.com\/wordpress\/segunda\/ca\/wp-json\/wp\/v2\/posts\/274799\/revisions"}],"wp:featuredmedia":[{"embeddable":true,"href":"https:\/\/www.tucomarca.com\/wordpress\/segunda\/ca\/wp-json\/wp\/v2\/media\/274794"}],"wp:attachment":[{"href":"https:\/\/www.tucomarca.com\/wordpress\/segunda\/ca\/wp-json\/wp\/v2\/media?parent=274799"}],"wp:term":[{"taxonomy":"category","embeddable":true,"href":"https:\/\/www.tucomarca.com\/wordpress\/segunda\/ca\/wp-json\/wp\/v2\/categories?post=274799"},{"taxonomy":"post_tag","embeddable":true,"href":"https:\/\/www.tucomarca.com\/wordpress\/segunda\/ca\/wp-json\/wp\/v2\/tags?post=274799"}],"curies":[{"name":"wp","href":"https:\/\/api.w.org\/{rel}","templated":true}]}}