{"id":274835,"date":"2025-08-08T12:00:00","date_gmt":"2025-08-08T10:00:00","guid":{"rendered":"https:\/\/www.tucomarca.com\/wordpress\/segunda\/?p=274835"},"modified":"2025-08-08T15:07:10","modified_gmt":"2025-08-08T13:07:10","slug":"mazon-obrim-la-cv-50-penultima-de-les-18-carreteres-autonomiques-restituides-en-temps-record-despres-de-les-riuades","status":"publish","type":"post","link":"https:\/\/www.tucomarca.com\/wordpress\/segunda\/ca\/mazon-obrim-la-cv-50-penultima-de-les-18-carreteres-autonomiques-restituides-en-temps-record-despres-de-les-riuades\/","title":{"rendered":"Maz\u00f3n: \u201cObrim la CV-50, pen\u00faltima de les 18 carreteres auton\u00f2miques restitu\u00efdes en temps r\u00e8cord despr\u00e9s de les riuades\u201d"},"content":{"rendered":"\n<h3 class=\"wp-block-heading\">El viaducte de Cheste es restablix \u00edntegrament en millors condicions i refor\u00e7at despr\u00e9s d\u2019invertir 8,7 milions d\u2019euros.<\/h3>\n\n\n\n<h3 class=\"wp-block-heading\">El president advoca per la col\u00b7laboraci\u00f3 entre administracions per a accelerar la reconstrucci\u00f3 i afirma que \u201cquan el soroll pol\u00edtic dona pas a la coordinaci\u00f3, el di\u00e0leg i la lleialtat institucional, les coses funcionen\u201d.<\/h3>\n\n\n\n<p>El president de la Generalitat, Carlos Maz\u00f3n, ha destacat que amb la reobertura del viaducte sobre la CV-50 en el terme municipal de Cheste, \u201chem completat la recuperaci\u00f3 de 17 de les 18 carreteres auton\u00f2miques danyades en les riuades d\u2019octubre\u201d.<\/p>\n\n\n\n<p>El cap del Consell ha visitat hui la zona amb motiu de la reobertura total de la carretera despr\u00e9s de l\u2019actuaci\u00f3 realitzada en la localitat, a on ha destacat que des de la Generalitat \u201chem complit el nostre comprom\u00eds d\u2019obrir completament en un temps r\u00e8cord les vies afectades per les inundacions per a retornar la mobilitat i connexi\u00f3 a les poblacions i recuperar la normalitat al m\u00e9s prompte possible\u201d.<\/p>\n\n\n\n<p>Aix\u00ed, ha real\u00e7at que en desembre, \u201cnom\u00e9s sis setmanes despr\u00e9s de la riuada, recuper\u00e0rem la circulaci\u00f3 en les 18 carreteres danyades amb solucions provisionals i transit\u00f2ries mentres es desenrotllaven els treballs definitius\u201d. En la reparaci\u00f3 de totes estes vies la Generalitat ha invertit 75 milions d\u2019euros.&nbsp;<\/p>\n\n\n\n<p>Maz\u00f3n ha ressaltat la col\u00b7laboraci\u00f3 entre administracions per a portar avant projectes com el de la CV-50, a pesar ser de diferent signe pol\u00edtic. En este sentit, ha indicat que \u201cquan el soroll dels pol\u00edtics deixa pas a la coordinaci\u00f3, al di\u00e0leg, a la lleialtat institucional i al treball, les coses funcionen\u201d.<\/p>\n\n\n\n<p>El president ha advocat perqu\u00e8 les diferents institucions continuen treballant de manera unida, ja que \u201cel que esperen els ciutadans, i especialment els afectats i les v\u00edctimes, \u00e9s que prioritzem accelerar la reconstrucci\u00f3, el treball, els fets i els resultats\u201d.<\/p>\n\n\n\n<p><strong>Viaducte CV-50<\/strong><\/p>\n\n\n\n<p>El cap de l\u2019executiu valenci\u00e0 ha recordat la devastaci\u00f3 que va provocar la riuada del passat mes d\u2019octubre, que va causar importants danys en les infraestructures vi\u00e0ries en les quals es va comen\u00e7ar a treballar \u201cdes del minut u\u201d per a la seua recuperaci\u00f3.<\/p>\n\n\n\n<p>Aix\u00ed, ha ressaltat l\u2019obertura del viaducte sobre la CV-50 a Cheste, una infraestructura en la qual s\u2019han invertit 8,7 milions d\u2019euros i que entra en funcionament de manera definitiva en millors condicions i m\u00e9s refor\u00e7ada davant de futures avingudes.<\/p>\n\n\n\n<p>L\u2019obertura d\u2019este pont, que connecta el municipi amb l\u2019A-3, suposar\u00e0 una millora notable en la connectivitat i mobilitat de la zona i en els accessos a una localitat que veu multiplicada la seua poblaci\u00f3 durant el Gran Premi de Motociclisme, que enguany se celebrar\u00e0 del 14 al 16 de novembre en el Circuit Ricardo Tormo.<\/p>\n\n\n\n<p>La reconstrucci\u00f3 del viaducte sobre la CV-50 s\u2019ha dut a terme en tres fases, la primera amb la instal\u00b7laci\u00f3 d\u2019un pont\u00f3 militar per part de la UME en col\u00b7laboraci\u00f3 amb la Generalitat, que va permetre recuperar la connexi\u00f3 i restablir el transport amb autob\u00fas i una segona amb un pas provisional en el qual la Generalitat va invertir 1,3 milions d\u2019euros.<\/p>\n\n\n\n<p><strong>Fita en la hist\u00f2ria de l\u2019obra civil<\/strong><\/p>\n\n\n\n<p>En la tercera fase, ha afegit, s\u2019ha recuperat el viaducte original amb una biga de 36 metres i 190 tones de formig\u00f3 armat portada des de Sevilla que suposa una fita en la hist\u00f2ria de l\u2019obra civil valenciana, amb la qual cosa ha quedat completament recuperada la funcionalitat i seguretat de la CV-50. A m\u00e9s, s\u2019ha augmentat la capacitat hidr\u00e0ulica del pont, i amb aix\u00f2 s\u2019incrementa la seguretat de cara a futures avingudes.<\/p>\n\n\n\n<p><strong>Mobilitat<\/strong><\/p>\n\n\n\n<p>El cap de l\u2019executiu valenci\u00e0 ha ressaltat, aix\u00ed mateix, altres accions desenrotllades pel Consell per a recuperar la mobilitat de les zones afectades per les riuades, com la reconstrucci\u00f3 de les l\u00ednies de Metrovalencia, en la qual s\u2019han invertit m\u00e9s de 140 milions d\u2019euros, i que ha estat a punt \u201cen menys de huit mesos, quan els t\u00e8cnics valoraven m\u00e9s de dos anys\u201d.<\/p>\n\n\n\n<p>Una altra iniciativa encaminada a restablir les connexions que s\u2019est\u00e0 executant ha sigut l\u2019assumpci\u00f3 de la reconstrucci\u00f3 de m\u00e9s de mig centenar infraestructures de titularitat local, com vies, passarel\u00b7les o ponts de 25 municipis, als quals es destinen 50 milions d\u2019euros.<\/p>\n\n\n\n<p>Aix\u00ed mateix, ha destacat la labor realitzada pel Consell per a acabar amb els residus generats per les riuades, \u201cuna quantitat que mai ning\u00fa va poder imaginar\u201d. Aix\u00ed, ha assenyalat que aproximadament el 90 % d\u2019estes restes \u201cja s\u00f3n hist\u00f2ria\u201d, i que \u201cno solament s\u2019han arreplegat, sin\u00f3 que s\u2019han tractat mediambientalment, s\u2019han reciclat i s\u2019han reutilitzat per a construir nous elements\u201d.<\/p>\n\n\n\n<figure class=\"wp-block-gallery has-nested-images columns-2 is-cropped wp-block-gallery-1 is-layout-flex wp-block-gallery-is-layout-flex\">\n<figure class=\"wp-block-image size-large\"><img loading=\"lazy\" decoding=\"async\" width=\"1024\" height=\"721\" data-id=\"274826\" src=\"http:\/\/www.tucomarca.com\/wordpress\/segunda\/wp-content\/uploads\/2025\/08\/MazonCheste01-1024x721.jpeg\" alt=\"\" class=\"wp-image-274826\" srcset=\"https:\/\/www.tucomarca.com\/wordpress\/segunda\/wp-content\/uploads\/2025\/08\/MazonCheste01-1024x721.jpeg 1024w, https:\/\/www.tucomarca.com\/wordpress\/segunda\/wp-content\/uploads\/2025\/08\/MazonCheste01-300x211.jpeg 300w, https:\/\/www.tucomarca.com\/wordpress\/segunda\/wp-content\/uploads\/2025\/08\/MazonCheste01-768x541.jpeg 768w, https:\/\/www.tucomarca.com\/wordpress\/segunda\/wp-content\/uploads\/2025\/08\/MazonCheste01-1536x1081.jpeg 1536w, https:\/\/www.tucomarca.com\/wordpress\/segunda\/wp-content\/uploads\/2025\/08\/MazonCheste01-2048x1442.jpeg 2048w\" sizes=\"auto, (max-width: 1024px) 100vw, 1024px\" \/><\/figure>\n\n\n\n<figure class=\"wp-block-image size-large\"><img loading=\"lazy\" decoding=\"async\" width=\"1024\" height=\"667\" data-id=\"274828\" src=\"https:\/\/www.tucomarca.com\/wordpress\/segunda\/wp-content\/uploads\/2025\/08\/MazonCheste02-1024x667.jpeg\" alt=\"\" class=\"wp-image-274828\" srcset=\"https:\/\/www.tucomarca.com\/wordpress\/segunda\/wp-content\/uploads\/2025\/08\/MazonCheste02-1024x667.jpeg 1024w, https:\/\/www.tucomarca.com\/wordpress\/segunda\/wp-content\/uploads\/2025\/08\/MazonCheste02-300x195.jpeg 300w, https:\/\/www.tucomarca.com\/wordpress\/segunda\/wp-content\/uploads\/2025\/08\/MazonCheste02-768x500.jpeg 768w, https:\/\/www.tucomarca.com\/wordpress\/segunda\/wp-content\/uploads\/2025\/08\/MazonCheste02-1536x1000.jpeg 1536w, https:\/\/www.tucomarca.com\/wordpress\/segunda\/wp-content\/uploads\/2025\/08\/MazonCheste02-2048x1333.jpeg 2048w\" sizes=\"auto, (max-width: 1024px) 100vw, 1024px\" \/><\/figure>\n\n\n\n<figure class=\"wp-block-image size-large\"><img loading=\"lazy\" decoding=\"async\" width=\"1024\" height=\"766\" data-id=\"274832\" src=\"https:\/\/www.tucomarca.com\/wordpress\/segunda\/wp-content\/uploads\/2025\/08\/MazonCheste04-1024x766.jpeg\" alt=\"\" class=\"wp-image-274832\" srcset=\"https:\/\/www.tucomarca.com\/wordpress\/segunda\/wp-content\/uploads\/2025\/08\/MazonCheste04-1024x766.jpeg 1024w, https:\/\/www.tucomarca.com\/wordpress\/segunda\/wp-content\/uploads\/2025\/08\/MazonCheste04-300x224.jpeg 300w, https:\/\/www.tucomarca.com\/wordpress\/segunda\/wp-content\/uploads\/2025\/08\/MazonCheste04-768x574.jpeg 768w, https:\/\/www.tucomarca.com\/wordpress\/segunda\/wp-content\/uploads\/2025\/08\/MazonCheste04-1536x1149.jpeg 1536w, https:\/\/www.tucomarca.com\/wordpress\/segunda\/wp-content\/uploads\/2025\/08\/MazonCheste04-2048x1532.jpeg 2048w, https:\/\/www.tucomarca.com\/wordpress\/segunda\/wp-content\/uploads\/2025\/08\/MazonCheste04-326x245.jpeg 326w, https:\/\/www.tucomarca.com\/wordpress\/segunda\/wp-content\/uploads\/2025\/08\/MazonCheste04-80x60.jpeg 80w\" sizes=\"auto, (max-width: 1024px) 100vw, 1024px\" \/><\/figure>\n<\/figure>\n","protected":false},"excerpt":{"rendered":"<div class=\"mh-excerpt\">El viaducte de Cheste es restablix \u00edntegrament en millors condicions i refor\u00e7at despr\u00e9s d\u2019invertir 8,7 milions d\u2019euros. El president advoca per la col\u00b7laboraci\u00f3 entre administracions per a accelerar la reconstrucci\u00f3 i afirma que \u201cquan el <a class=\"mh-excerpt-more\" href=\"https:\/\/www.tucomarca.com\/wordpress\/segunda\/ca\/mazon-obrim-la-cv-50-penultima-de-les-18-carreteres-autonomiques-restituides-en-temps-record-despres-de-les-riuades\/\" title=\"Maz\u00f3n: \u201cObrim la CV-50, pen\u00faltima de les 18 carreteres auton\u00f2miques restitu\u00efdes en temps r\u00e8cord despr\u00e9s de les riuades\u201d\">[+] <\/a><\/div>\n","protected":false},"author":13,"featured_media":274831,"comment_status":"open","ping_status":"open","sticky":false,"template":"","format":"gallery","meta":{"footnotes":""},"categories":[21466,10898,10948,10894,10904,10912,10903,10947,10896,10897,10974],"tags":[11071,15409,12903,11199,10914],"class_list":{"0":"post-274835","1":"post","2":"type-post","3":"status-publish","4":"format-gallery","5":"has-post-thumbnail","7":"category-dana-ca","8":"category-ventana-ca","9":"category-infraestructuras-ca","10":"category-la-comarca-ca","11":"category-sin-categorizar-ca","12":"category-la-hoya-ca","13":"category-medio-ambiente-la-comarca-ca","14":"category-politica","15":"category-seccion-ca","16":"category-sucesos-la-comarca-ca","17":"category-cheste-ca","18":"tag-cheste","19":"tag-dana-2-ca","20":"tag-infraestructuras-ca","21":"tag-la-comunitat-ca","22":"tag-la-hoya-de-bunol-chiva-ca","23":"post_format-post-format-gallery"},"_links":{"self":[{"href":"https:\/\/www.tucomarca.com\/wordpress\/segunda\/ca\/wp-json\/wp\/v2\/posts\/274835","targetHints":{"allow":["GET"]}}],"collection":[{"href":"https:\/\/www.tucomarca.com\/wordpress\/segunda\/ca\/wp-json\/wp\/v2\/posts"}],"about":[{"href":"https:\/\/www.tucomarca.com\/wordpress\/segunda\/ca\/wp-json\/wp\/v2\/types\/post"}],"author":[{"embeddable":true,"href":"https:\/\/www.tucomarca.com\/wordpress\/segunda\/ca\/wp-json\/wp\/v2\/users\/13"}],"replies":[{"embeddable":true,"href":"https:\/\/www.tucomarca.com\/wordpress\/segunda\/ca\/wp-json\/wp\/v2\/comments?post=274835"}],"version-history":[{"count":0,"href":"https:\/\/www.tucomarca.com\/wordpress\/segunda\/ca\/wp-json\/wp\/v2\/posts\/274835\/revisions"}],"wp:featuredmedia":[{"embeddable":true,"href":"https:\/\/www.tucomarca.com\/wordpress\/segunda\/ca\/wp-json\/wp\/v2\/media\/274831"}],"wp:attachment":[{"href":"https:\/\/www.tucomarca.com\/wordpress\/segunda\/ca\/wp-json\/wp\/v2\/media?parent=274835"}],"wp:term":[{"taxonomy":"category","embeddable":true,"href":"https:\/\/www.tucomarca.com\/wordpress\/segunda\/ca\/wp-json\/wp\/v2\/categories?post=274835"},{"taxonomy":"post_tag","embeddable":true,"href":"https:\/\/www.tucomarca.com\/wordpress\/segunda\/ca\/wp-json\/wp\/v2\/tags?post=274835"}],"curies":[{"name":"wp","href":"https:\/\/api.w.org\/{rel}","templated":true}]}}