{"id":274967,"date":"2025-08-10T17:00:00","date_gmt":"2025-08-10T15:00:00","guid":{"rendered":"https:\/\/www.tucomarca.com\/wordpress\/segunda\/?p=274967"},"modified":"2025-08-10T21:27:56","modified_gmt":"2025-08-10T19:27:56","slug":"mazon-anuncia-un-nou-pla-de-residus-per-a-auxiliar-als-ajuntaments-i-retirar-els-enderrocs-generats-per-la-reconstruccio","status":"publish","type":"post","link":"https:\/\/www.tucomarca.com\/wordpress\/segunda\/ca\/mazon-anuncia-un-nou-pla-de-residus-per-a-auxiliar-als-ajuntaments-i-retirar-els-enderrocs-generats-per-la-reconstruccio\/","title":{"rendered":"Maz\u00f3n anuncia un nou pla de residus per a auxiliar als Ajuntaments i retirar els enderrocs generats per la reconstrucci\u00f3"},"content":{"rendered":"\n<h3 class=\"wp-block-heading\">Ressalta que aquesta actuaci\u00f3 s&#8217;uneix al dispositiu inicial dotat amb 180 milions per a gestionar 800.000 tones de residus i buidar espais que han tornat a ser omplits en les tasques de rehabilitaci\u00f3.<\/h3>\n\n\n\n<h3 class=\"wp-block-heading\">Subratlla el suport del Consell per a respondre a les necessitats de localitats afectades per la riuada i destaca que la Generalitat torna a assumir la gesti\u00f3 de residus dom\u00e8stics de titularitat municipal a petici\u00f3 dels ajuntaments.<\/h3>\n\n\n\n<p>El president de la Generalitat, Carlos Maz\u00f3n, ha anunciat la posada en marxa d&#8217;un nou pla de gesti\u00f3 de residus per a ajudar als ajuntaments en la gesti\u00f3 dels enderrocs procedents de les obres de reconstrucci\u00f3 dutes a terme despr\u00e9s de les inundacions del passat mes d&#8217;octubre.<\/p>\n\n\n\n<p>El cap del Consell ha explicat que la Generalitat ha enviat una notificaci\u00f3 als diferents ajuntaments afectats per les inundacions perqu\u00e8 concreten en quins espais tenen emmagatzemats residus, especialment enderrocs derivats de les tasques de rehabilitaci\u00f3, que majorit\u00e0riament es troben en punts on les setmanes posteriors a les riuades es van acumular estris i voluminosos que ja van ser retirats.<\/p>\n\n\n\n<p>Tal com ha destacat Maz\u00f3n, aquest nou pla \u201cse suma al dispositiu de xoc inicial de la Generalitat per a retirar i gestionar m\u00e9s de 800.000 tones de residus\u201d, incloent-hi voluminosos i estris mesclats amb fang, vehicles sinistrats i llots. Tots ells, considerats residus dom\u00e8stics de titularitat municipal, van ser gestionats per l&#8217;executiu auton\u00f2mic per a agilitzar la recuperaci\u00f3.<\/p>\n\n\n\n<p>Una vegada finalitzada l&#8217;extracci\u00f3 de residus dels Punts d&#8217;Apilament Local dels municipis, aquests espais van ser van tancar i els residus traslladats als punts de transfer\u00e8ncia previs als abocadors. Ara, ha assenyalat el president, \u201chan tornat a ser omplits i diversos municipis han sol\u00b7licitat a la Generalitat secunde per a l&#8217;eliminaci\u00f3 de nous apilaments d&#8217;enderrocs que s&#8217;han anat generant en obres menors de demolici\u00f3 i construcci\u00f3\u201d.<\/p>\n\n\n\n<p>El president ha aclarit que, encara que que la gesti\u00f3 d&#8217;aquests residus dom\u00e8stics correspon a les entitats locals conforme a la normativa vigent, el comprom\u00eds del Consell \u00e9s continuar secundant i ajudant en la reconstrucci\u00f3 dels municipis afectats.<\/p>\n\n\n\n<p>En aquest sentit, ha apuntat que \u201catendrem aquestes peticions amb l&#8217;objectiu de deixar les parcel\u00b7les lliures i facilitar que, en el futur, puguen tornar a gestionar-se seguint els llits habituals\u201d.<\/p>\n\n\n\n<p>Per a aix\u00f2, des de la Generalitat s&#8217;ha sol\u00b7licitat als consistoris que formalitzen les peticions d&#8217;ajuda, especificant les ubicacions on s&#8217;han acumulat els enderrocs, amb la finalitat de coordinar la seua retirada de manera efica\u00e7.<\/p>\n\n\n\n<p><strong>Pla de xoc inicial<\/strong><\/p>\n\n\n\n<p>Les inundacions van produir m\u00e9s de 800.000 tones de residus, l&#8217;equivalent als residus urbans de tot un any en la Comunitat Valenciana o l&#8217;11\u202f% del total anual generat a Espanya.<\/p>\n\n\n\n<p>Per a abordar aquesta situaci\u00f3, ha recordat el president, des de la Generalitat \u201cactivem un pla de xoc per a retirar els residus de les zones urbanes, traslladar-los als punts de transfer\u00e8ncia habilitats i reduir el seu impacte ambiental i sanitari en un programa dotat amb quasi 180 milions d&#8217;euros\u201d.<\/p>\n","protected":false},"excerpt":{"rendered":"<div class=\"mh-excerpt\">Ressalta que aquesta actuaci\u00f3 s&#8217;uneix al dispositiu inicial dotat amb 180 milions per a gestionar 800.000 tones de residus i buidar espais que han tornat a ser omplits en les tasques de rehabilitaci\u00f3. Subratlla el <a class=\"mh-excerpt-more\" href=\"https:\/\/www.tucomarca.com\/wordpress\/segunda\/ca\/mazon-anuncia-un-nou-pla-de-residus-per-a-auxiliar-als-ajuntaments-i-retirar-els-enderrocs-generats-per-la-reconstruccio\/\" title=\"Maz\u00f3n anuncia un nou pla de residus per a auxiliar als Ajuntaments i retirar els enderrocs generats per la reconstrucci\u00f3\">[+] <\/a><\/div>\n","protected":false},"author":12,"featured_media":274966,"comment_status":"open","ping_status":"open","sticky":false,"template":"","format":"standard","meta":{"footnotes":""},"categories":[21466,10898,10948,10894,10904,10903,10947,10896,10897],"tags":[15409,11498,22894,21976],"class_list":{"0":"post-274967","1":"post","2":"type-post","3":"status-publish","4":"format-standard","5":"has-post-thumbnail","7":"category-dana-ca","8":"category-ventana-ca","9":"category-infraestructuras-ca","10":"category-la-comarca-ca","11":"category-sin-categorizar-ca","12":"category-medio-ambiente-la-comarca-ca","13":"category-politica","14":"category-seccion-ca","15":"category-sucesos-la-comarca-ca","16":"tag-dana-2-ca","17":"tag-generalitat-valenciana-ca","18":"tag-plande-residuos-ca","19":"tag-reconstruccion-ca"},"_links":{"self":[{"href":"https:\/\/www.tucomarca.com\/wordpress\/segunda\/ca\/wp-json\/wp\/v2\/posts\/274967","targetHints":{"allow":["GET"]}}],"collection":[{"href":"https:\/\/www.tucomarca.com\/wordpress\/segunda\/ca\/wp-json\/wp\/v2\/posts"}],"about":[{"href":"https:\/\/www.tucomarca.com\/wordpress\/segunda\/ca\/wp-json\/wp\/v2\/types\/post"}],"author":[{"embeddable":true,"href":"https:\/\/www.tucomarca.com\/wordpress\/segunda\/ca\/wp-json\/wp\/v2\/users\/12"}],"replies":[{"embeddable":true,"href":"https:\/\/www.tucomarca.com\/wordpress\/segunda\/ca\/wp-json\/wp\/v2\/comments?post=274967"}],"version-history":[{"count":0,"href":"https:\/\/www.tucomarca.com\/wordpress\/segunda\/ca\/wp-json\/wp\/v2\/posts\/274967\/revisions"}],"wp:featuredmedia":[{"embeddable":true,"href":"https:\/\/www.tucomarca.com\/wordpress\/segunda\/ca\/wp-json\/wp\/v2\/media\/274966"}],"wp:attachment":[{"href":"https:\/\/www.tucomarca.com\/wordpress\/segunda\/ca\/wp-json\/wp\/v2\/media?parent=274967"}],"wp:term":[{"taxonomy":"category","embeddable":true,"href":"https:\/\/www.tucomarca.com\/wordpress\/segunda\/ca\/wp-json\/wp\/v2\/categories?post=274967"},{"taxonomy":"post_tag","embeddable":true,"href":"https:\/\/www.tucomarca.com\/wordpress\/segunda\/ca\/wp-json\/wp\/v2\/tags?post=274967"}],"curies":[{"name":"wp","href":"https:\/\/api.w.org\/{rel}","templated":true}]}}