{"id":275074,"date":"2025-08-11T09:50:00","date_gmt":"2025-08-11T07:50:00","guid":{"rendered":"https:\/\/www.tucomarca.com\/wordpress\/segunda\/?p=275074"},"modified":"2025-08-11T18:36:08","modified_gmt":"2025-08-11T16:36:08","slug":"metrovalencia-va-facilitar-al-juliol-la-mobilitat-de-63-milions-dusuaris-en-el-primer-mes-complet-de-la-zona-sud-despres-de-la-reconstruccio-per-la-riuada","status":"publish","type":"post","link":"https:\/\/www.tucomarca.com\/wordpress\/segunda\/ca\/metrovalencia-va-facilitar-al-juliol-la-mobilitat-de-63-milions-dusuaris-en-el-primer-mes-complet-de-la-zona-sud-despres-de-la-reconstruccio-per-la-riuada\/","title":{"rendered":"Metrovalencia va facilitar al juliol la mobilitat de 6,3 milions d&#8217;usuaris en el primer mes complet de la zona sud despr\u00e9s de la reconstrucci\u00f3 per la riuada"},"content":{"rendered":"\n<h3 class=\"wp-block-heading\">Les 20 estacions i baixadors des de Paiporta fins a Castell\u00f3 han obtingut 426.422 viatgers.<\/h3>\n\n\n\n<h3 class=\"wp-block-heading\">La L\u00ednia 3 va ser la m\u00e9s utilitzada amb 1.422.807 despla\u00e7aments, i X\u00e0tiva l&#8217;estaci\u00f3 amb major tr\u00e0nsit, amb 445.246 clients.<\/h3>\n\n\n\n<p>Ferrocarrils de la Generalitat Valenciana (FGV) va facilitar la mobilitat de 6.374.816 usuaris de Metrovalencia durant juliol, primer mes complet des de setembre de 2024 en qu\u00e8 els viatgers de la zona sud de la xarxa, des de Paiporta fins a Castell\u00f3, han pogut despla\u00e7ar-se amb tren despr\u00e9s de la reconstrucci\u00f3 de les vies, estacions i infraestructures danyades per les inundacions del 29 d&#8217;octubre.<\/p>\n\n\n\n<p>En aquest mes de juliol, les sis l\u00ednies de metro van sumar 5.405.253 despla\u00e7aments i les quatre de tramvia van aconseguir 969.563 moviments. La jornada de major volum de tr\u00e0nsit va ser el dimecres dia 2 amb 243.181 passatgers.<\/p>\n\n\n\n<p>En conjunt, Ferrocarrils de la Generalitat Valenciana (FGV) va sumar al juliol entre Metrovalencia i TRAM d&#8217;Alacant un total de 8.120.292 passatgers, entre els citats 6.374.816 usuaris de Metrovalencia i els 1.745.476 de TRAM d\u2019Alacant.<\/p>\n\n\n\n<p>La l\u00ednia de metro que m\u00e9s persones va despla\u00e7ar va ser la L\u00ednia 3 (Rafelbunyol\/Aeroport) amb 1.422.807 clients; seguida de la L\u00ednia 2 (Ll\u00edria-Torrent Avinguda) amb 901.820; la L\u00ednia 1 (Masies-Castell\u00f3) amb 867.959; la L\u00ednia 5 (Arag\u00f3\/Aeroport) amb 843.317; la L\u00ednia 9 (Alboraia Peris Arag\u00f3-Riba-roja de T\u00faria) amb 828.016; i finalment la L\u00ednia 7 (Arag\u00f3\/Torrent Avinguda) amb 541.334 usuaris.<\/p>\n\n\n\n<p>Cal destacar que les L\u00ednies 1, 5 i 7 han tingut interromput parcialment el seu recorregut per obres durant juliol. D&#8217;aquesta manera, la L1 ha donat servei ferroviari entre Masies i Castell\u00f3, enlla\u00e7ant Masies i B\u00e9tera amb autob\u00fas degut a unes obres del Ministeri de Transport, Mobilitat i Agenda Urbana en l&#8217;A-7.<\/p>\n\n\n\n<p>Per part seua, les L5 i L7 han despla\u00e7at als seus viatgers des dels seus respectius or\u00edgens fins a Arag\u00f3, a causa de les obres que FGV est\u00e0 executant en el t\u00fanel com\u00fa a totes dues l\u00ednies entre Arag\u00f3 i Mar\u00edtim.<\/p>\n\n\n\n<p>En el cas del tramvia, la que m\u00e9s moviments va registrar va ser la L\u00ednia 4 (Mas del Rosari-Doctor Lluch) amb 513.489 viatges, seguida de la L\u00ednia 10 (Alacant-Natzaret), amb 219.864; la L\u00ednia 6 (Tossal del Rei-Mar\u00edtim) amb 219.829, i la L\u00ednia 8 (Nept\u00fa\/Mar\u00edtim), que va sumar 16.381 viatgers. A destacar que, per primera vegada des de la seua posada en servei, la L10 ha superat en el seu passatge a la L6.<\/p>\n\n\n\n<p><strong>Tr\u00e0nsit per estacions<\/strong><\/p>\n\n\n\n<p>En el tr\u00e0nsit per estacions, X\u00e0tiva (L3, L5 i L9) se situe en primer lloc amb 445.246 despla\u00e7aments; en segon lloc Col\u00f3n (L3, L5, L7 i L9) amb 371.282, i en tercer lloc \u00c0ngel Guimer\u00e0 (L1, L2, L3, L5 i L9), amb 233.238 moviments.<\/p>\n\n\n\n<p>A continuaci\u00f3 es van situar Pla\u00e7a Espanya (L1 i L2), amb 227.251; T\u00faria (L1 i L2), amb 179.649; Arag\u00f3 (L5 i L7), amb 172.685; Benimaclet (L3 i L9), amb 172.039; Mislata (L3, L5 i L9), amb 170.907; Avinguda del Cid (L3, L5 i L9) amb 162.367; i en des\u00e9 lloc Torrent Avinguda (L2 i L7), amb 149.080 validacions.&nbsp;<\/p>\n\n\n\n<p>En l&#8217;\u00e0rea metropolitana, destaquen com les cinc estacions m\u00e9s transitades Mislata (L3, L5 i L9), amb 170.907 usuaris; Torrent Avinguda (L2 i L7), amb 149.080; Aeroport (L3 i L5), amb 121.012; Roses (L3, L5 i L9), amb 111.703; i Salt de l\u2019Aigua (L3, L5 i L9), amb 107.053 moviments.<\/p>\n\n\n\n<p>Quant a les 20 estacions i baixadors de la zona sud, de Paiporta a Castell\u00f3, durant juliol van acumular 426.422 viatgers, destacant els 149.080 de Torrent Avinguda, els 91.210 de Paiporta i els 90.879 de Torrent.<\/p>\n\n\n\n<p>Entre les parades del tramvia destaquen Alacant (L10), amb 55.757; Pont d&#8217;Assot (L4), amb 53.536; La Cadena (L4 i L6), amb 49.730; Ciutat Arts i Ci\u00e8ncies-Just\u00edcia (L10), amb 42.327; i Vicente Zaragoz\u00e1 (L4 i L6), amb 37.450 usuaris. Cal destacar que \u00e9s la primera vegada des de la seua posada en servei que una estaci\u00f3 de la L10, en aquest cas Alacant, lidera el r\u00e0nquing d&#8217;estacions i parades del tramvia.<\/p>\n","protected":false},"excerpt":{"rendered":"<div class=\"mh-excerpt\">Les 20 estacions i baixadors des de Paiporta fins a Castell\u00f3 han obtingut 426.422 viatgers. La L\u00ednia 3 va ser la m\u00e9s utilitzada amb 1.422.807 despla\u00e7aments, i X\u00e0tiva l&#8217;estaci\u00f3 amb major tr\u00e0nsit, amb 445.246 clients. <a class=\"mh-excerpt-more\" href=\"https:\/\/www.tucomarca.com\/wordpress\/segunda\/ca\/metrovalencia-va-facilitar-al-juliol-la-mobilitat-de-63-milions-dusuaris-en-el-primer-mes-complet-de-la-zona-sud-despres-de-la-reconstruccio-per-la-riuada\/\" title=\"Metrovalencia va facilitar al juliol la mobilitat de 6,3 milions d&#8217;usuaris en el primer mes complet de la zona sud despr\u00e9s de la reconstrucci\u00f3 per la riuada\">[+] <\/a><\/div>\n","protected":false},"author":13,"featured_media":275072,"comment_status":"open","ping_status":"open","sticky":false,"template":"","format":"standard","meta":{"footnotes":""},"categories":[21466,10898,10948,10894,10904,10902,10903,10947,10896,10897,11052],"tags":[15409,12903,11199],"class_list":{"0":"post-275074","1":"post","2":"type-post","3":"status-publish","4":"format-standard","5":"has-post-thumbnail","7":"category-dana-ca","8":"category-ventana-ca","9":"category-infraestructuras-ca","10":"category-la-comarca-ca","11":"category-sin-categorizar-ca","12":"category-la-ribera-ca","13":"category-medio-ambiente-la-comarca-ca","14":"category-politica","15":"category-seccion-ca","16":"category-sucesos-la-comarca-ca","17":"category-villanueva-de-castellon-ca","18":"tag-dana-2-ca","19":"tag-infraestructuras-ca","20":"tag-la-comunitat-ca"},"_links":{"self":[{"href":"https:\/\/www.tucomarca.com\/wordpress\/segunda\/ca\/wp-json\/wp\/v2\/posts\/275074","targetHints":{"allow":["GET"]}}],"collection":[{"href":"https:\/\/www.tucomarca.com\/wordpress\/segunda\/ca\/wp-json\/wp\/v2\/posts"}],"about":[{"href":"https:\/\/www.tucomarca.com\/wordpress\/segunda\/ca\/wp-json\/wp\/v2\/types\/post"}],"author":[{"embeddable":true,"href":"https:\/\/www.tucomarca.com\/wordpress\/segunda\/ca\/wp-json\/wp\/v2\/users\/13"}],"replies":[{"embeddable":true,"href":"https:\/\/www.tucomarca.com\/wordpress\/segunda\/ca\/wp-json\/wp\/v2\/comments?post=275074"}],"version-history":[{"count":0,"href":"https:\/\/www.tucomarca.com\/wordpress\/segunda\/ca\/wp-json\/wp\/v2\/posts\/275074\/revisions"}],"wp:featuredmedia":[{"embeddable":true,"href":"https:\/\/www.tucomarca.com\/wordpress\/segunda\/ca\/wp-json\/wp\/v2\/media\/275072"}],"wp:attachment":[{"href":"https:\/\/www.tucomarca.com\/wordpress\/segunda\/ca\/wp-json\/wp\/v2\/media?parent=275074"}],"wp:term":[{"taxonomy":"category","embeddable":true,"href":"https:\/\/www.tucomarca.com\/wordpress\/segunda\/ca\/wp-json\/wp\/v2\/categories?post=275074"},{"taxonomy":"post_tag","embeddable":true,"href":"https:\/\/www.tucomarca.com\/wordpress\/segunda\/ca\/wp-json\/wp\/v2\/tags?post=275074"}],"curies":[{"name":"wp","href":"https:\/\/api.w.org\/{rel}","templated":true}]}}