{"id":275253,"date":"2025-08-12T11:00:00","date_gmt":"2025-08-12T09:00:00","guid":{"rendered":"https:\/\/www.tucomarca.com\/wordpress\/segunda\/?p=275253"},"modified":"2025-08-12T18:54:29","modified_gmt":"2025-08-12T16:54:29","slug":"la-generalitat-colloca-les-bigues-de-lestructura-del-nou-pont-sobre-el-barranc-del-murtal-a-godelleta-que-multiplicara-per-tres-la-seua-capacitat","status":"publish","type":"post","link":"https:\/\/www.tucomarca.com\/wordpress\/segunda\/ca\/la-generalitat-colloca-les-bigues-de-lestructura-del-nou-pont-sobre-el-barranc-del-murtal-a-godelleta-que-multiplicara-per-tres-la-seua-capacitat\/","title":{"rendered":"La Generalitat col\u00b7loca les bigues de l&#8217;estructura del nou pont sobre el barranc del Murtal a Godelleta que multiplicar\u00e0 per tres la seua capacitat"},"content":{"rendered":"\n<h3 class=\"wp-block-heading\">Es tracta del pas al carrer Torrent del municipi, afectat greument\u00a0per les inundacions i sense capacitat per a respondre a les noves dimensions del barranc.<\/h3>\n\n\n\n<h3 class=\"wp-block-heading\">Aquesta \u00e9s la principal actuaci\u00f3 de reconstrucci\u00f3 a Godelleta, amb dos passos afectats i una inversi\u00f3 de la Generalitat de 3,2 milions d&#8217;euros.<\/h3>\n\n\n\n<p>La Conselleria de Medi Ambient, Infraestructures i Territori continua avan\u00e7ant en la reconstrucci\u00f3 de les infraestructures sobre el barranc del Murtal, a Godelleta, que van patir greus danys per les riuades, i aconsegueix una nova fita amb la col\u00b7locaci\u00f3 de les bigues del nou pont que multiplicar\u00e0 per tres la seua capacitat.<\/p>\n\n\n\n<p>Aquest dimarts ha tingut lloc la instal\u00b7laci\u00f3 de les bigues que conformaran la nova estructura sobre el barranc al carrer Torrent del municipi. En concret, es tracta de dues bigues artesas de 36,5 metres de longitud i 105 tones de pes cadascuna, fabricades a Bunyol i traslladades mitjan\u00e7ant transport especial fins a la seua ubicaci\u00f3.<\/p>\n\n\n\n<p>La directora general d&#8217;Infraestructures Vi\u00e0ries, Mar\u00eda Jos\u00e9 Mart\u00ednez Ruzafa, ha explicat que per a la seua instal\u00b7laci\u00f3 \u201cha sigut necessari habilitar pr\u00e8viament una plataforma d&#8217;acc\u00e9s al llit i condicionar el terreny per al tr\u00e0nsit de vehicles pesants\u201d, a m\u00e9s de requerir \u201cuna grua de gran tonatge, situada en el propi llit, per a posicionar-les en el seu lloc\u201d.<\/p>\n\n\n\n<p>Cal recordar que l&#8217;anterior estructura, d&#8217;una sola obertura i 12 metres de longitud, va quedar seriosament danyada durant les inundacions, quan les restes van tapar el pas i la crescuda de l&#8217;aigua va obrir un nou llit.<\/p>\n\n\n\n<p>Segons ha explicat Mart\u00ednez Ruzafa \u201caix\u00f2 va deixar el pont completament desconnectat i sense capacitat per a respondre a les noves dimensions del barranc\u201d. A causa del deficient estat de la infraestructura i a la seua inadequaci\u00f3 funcional enfront del llit actual, modificat despr\u00e9s del pas de la riuada, \u201cs&#8217;ha optat per reposar el pas mitjan\u00e7ant una estructura completament nova\u201d.<\/p>\n\n\n\n<p>D&#8217;aquesta manera, se substitueix l&#8217;antic pont per una estructura isost\u00e0tica amb dues bigues artesas que permetran el pas de dos carrils de circulaci\u00f3 i voreres per als vianants. \u201cAmb una obertura de 35 metres i un tauler de 9 metres d&#8217;ample, l&#8217;obra aprofita l&#8217;espai generat per l&#8217;ampliaci\u00f3 natural del llit, garantint aix\u00ed major seguretat i funcionalitat\u201d ha afirmat la directora general.<\/p>\n\n\n\n<p><strong>Actuacions al carrer Lugo<\/strong><\/p>\n\n\n\n<p>En paral\u00b7lel, la Generalitat avan\u00e7a en la millora del pas sobre el barranc del del carrer Lugo, tamb\u00e9 afectat. En aquest cas, l&#8217;estructura principal no presenta danys greus, per la qual cosa s&#8217;est\u00e0 ampliant amb un nou tram de marcs prefabricats per a cobrir la zona erosionada.<\/p>\n\n\n\n<p>Actualment, l&#8217;obra est\u00e0 pr\u00e0cticament finalitzada i es mant\u00e9 un sentit de circulaci\u00f3 pel pas reconstru\u00eft i un altre per un desviament provisional, a l&#8217;espera que la finalitzaci\u00f3 del pas del carrer Torrent permeta restablir el tr\u00e0nsit habitual.<\/p>\n\n\n\n<p>Les obres de Godelleta formen part del pla de recuperaci\u00f3 de carreteres, ponts i passarel\u00b7les de titularitat municipal que ha assumit la Generalitat i compten una inversi\u00f3 de 3,2 de milions d&#8217;euros.<\/p>\n\n\n\n<p>En concret, la Generalitat est\u00e0 duent a terme mig centenar d&#8217;actuacions en diferents municipis que han sol\u00b7licitat ajuda per a reparar les seues infraestructures municipals amb una inversi\u00f3 de 50 milions d&#8217;euros en el marc del pla &#8216;Recuperem Val\u00e8ncia&#8217;.<\/p>\n","protected":false},"excerpt":{"rendered":"<div class=\"mh-excerpt\">Es tracta del pas al carrer Torrent del municipi, afectat greument\u00a0per les inundacions i sense capacitat per a respondre a les noves dimensions del barranc. Aquesta \u00e9s la principal actuaci\u00f3 de reconstrucci\u00f3 a Godelleta, amb <a class=\"mh-excerpt-more\" href=\"https:\/\/www.tucomarca.com\/wordpress\/segunda\/ca\/la-generalitat-colloca-les-bigues-de-lestructura-del-nou-pont-sobre-el-barranc-del-murtal-a-godelleta-que-multiplicara-per-tres-la-seua-capacitat\/\" title=\"La Generalitat col\u00b7loca les bigues de l&#8217;estructura del nou pont sobre el barranc del Murtal a Godelleta que multiplicar\u00e0 per tres la seua capacitat\">[+] <\/a><\/div>\n","protected":false},"author":13,"featured_media":275251,"comment_status":"open","ping_status":"open","sticky":false,"template":"","format":"standard","meta":{"footnotes":""},"categories":[21466,10898,10977,10948,10894,10904,10912,10903,10947,10896,10897],"tags":[15409,11087,12903,22904,10914,12166],"class_list":{"0":"post-275253","1":"post","2":"type-post","3":"status-publish","4":"format-standard","5":"has-post-thumbnail","7":"category-dana-ca","8":"category-ventana-ca","9":"category-godelleta-ca","10":"category-infraestructuras-ca","11":"category-la-comarca-ca","12":"category-sin-categorizar-ca","13":"category-la-hoya-ca","14":"category-medio-ambiente-la-comarca-ca","15":"category-politica","16":"category-seccion-ca","17":"category-sucesos-la-comarca-ca","18":"tag-dana-2-ca","19":"tag-godelleta-ca","20":"tag-infraestructuras-ca","21":"tag-la-generalitat-valenciana-ca","22":"tag-la-hoya-de-bunol-chiva-ca","23":"tag-medio-ambiente-ca"},"_links":{"self":[{"href":"https:\/\/www.tucomarca.com\/wordpress\/segunda\/ca\/wp-json\/wp\/v2\/posts\/275253","targetHints":{"allow":["GET"]}}],"collection":[{"href":"https:\/\/www.tucomarca.com\/wordpress\/segunda\/ca\/wp-json\/wp\/v2\/posts"}],"about":[{"href":"https:\/\/www.tucomarca.com\/wordpress\/segunda\/ca\/wp-json\/wp\/v2\/types\/post"}],"author":[{"embeddable":true,"href":"https:\/\/www.tucomarca.com\/wordpress\/segunda\/ca\/wp-json\/wp\/v2\/users\/13"}],"replies":[{"embeddable":true,"href":"https:\/\/www.tucomarca.com\/wordpress\/segunda\/ca\/wp-json\/wp\/v2\/comments?post=275253"}],"version-history":[{"count":0,"href":"https:\/\/www.tucomarca.com\/wordpress\/segunda\/ca\/wp-json\/wp\/v2\/posts\/275253\/revisions"}],"wp:featuredmedia":[{"embeddable":true,"href":"https:\/\/www.tucomarca.com\/wordpress\/segunda\/ca\/wp-json\/wp\/v2\/media\/275251"}],"wp:attachment":[{"href":"https:\/\/www.tucomarca.com\/wordpress\/segunda\/ca\/wp-json\/wp\/v2\/media?parent=275253"}],"wp:term":[{"taxonomy":"category","embeddable":true,"href":"https:\/\/www.tucomarca.com\/wordpress\/segunda\/ca\/wp-json\/wp\/v2\/categories?post=275253"},{"taxonomy":"post_tag","embeddable":true,"href":"https:\/\/www.tucomarca.com\/wordpress\/segunda\/ca\/wp-json\/wp\/v2\/tags?post=275253"}],"curies":[{"name":"wp","href":"https:\/\/api.w.org\/{rel}","templated":true}]}}