{"id":275361,"date":"2025-08-13T08:15:00","date_gmt":"2025-08-13T06:15:00","guid":{"rendered":"https:\/\/www.tucomarca.com\/wordpress\/segunda\/?p=275361"},"modified":"2025-08-13T18:14:12","modified_gmt":"2025-08-13T16:14:12","slug":"fotogaleria-bunyol-celebra-la-segona-edicio-del-dia-de-la-joventut-amb-esport-i-oci","status":"publish","type":"post","link":"https:\/\/www.tucomarca.com\/wordpress\/segunda\/ca\/fotogaleria-bunyol-celebra-la-segona-edicio-del-dia-de-la-joventut-amb-esport-i-oci\/","title":{"rendered":"Fotogaler\u00eda: Bunyol celebra la segona edici\u00f3 del Dia de la Joventut amb esport i oci"},"content":{"rendered":"\n<p>Bunyol va celebrar aquest dimarts la <strong>segona edici\u00f3 del Dia de la Joventut<\/strong>, una cita que va reunir desenes de joves al <strong>pavell\u00f3 municipal d\u2019El Planell<\/strong> per a gaudir d\u2019una vesprada plena d\u2019activitats.<\/p>\n\n\n\n<p>La programaci\u00f3 va incloure propostes esportives com <strong>b\u00e0dminton, v\u00f2lei, hoquei i minigolf<\/strong>, a m\u00e9s de nombrosos <strong>jocs de realitat virtual<\/strong> que van atraure participants de totes les edats.<\/p>\n\n\n\n<p>La trobada va concloure amb una <strong>gran torr\u00e0<\/strong> per als assistents, posant el punt gastron\u00f2mic final a una jornada que fomenta l\u2019oci saludable i la conviv\u00e8ncia entre la joventut del municipi.<\/p>\n\n\n\n<figure class=\"wp-block-gallery has-nested-images columns-2 is-cropped wp-block-gallery-1 is-layout-flex wp-block-gallery-is-layout-flex\">\n<figure class=\"wp-block-image size-large\"><img loading=\"lazy\" decoding=\"async\" width=\"1024\" height=\"769\" data-id=\"275352\" src=\"https:\/\/www.tucomarca.com\/wordpress\/segunda\/wp-content\/uploads\/2025\/08\/BunolDiaJuventud12-1024x769.jpg\" alt=\"\" class=\"wp-image-275352\" srcset=\"https:\/\/www.tucomarca.com\/wordpress\/segunda\/wp-content\/uploads\/2025\/08\/BunolDiaJuventud12-1024x769.jpg 1024w, https:\/\/www.tucomarca.com\/wordpress\/segunda\/wp-content\/uploads\/2025\/08\/BunolDiaJuventud12-300x225.jpg 300w, https:\/\/www.tucomarca.com\/wordpress\/segunda\/wp-content\/uploads\/2025\/08\/BunolDiaJuventud12-768x577.jpg 768w, https:\/\/www.tucomarca.com\/wordpress\/segunda\/wp-content\/uploads\/2025\/08\/BunolDiaJuventud12-678x509.jpg 678w, https:\/\/www.tucomarca.com\/wordpress\/segunda\/wp-content\/uploads\/2025\/08\/BunolDiaJuventud12-326x245.jpg 326w, https:\/\/www.tucomarca.com\/wordpress\/segunda\/wp-content\/uploads\/2025\/08\/BunolDiaJuventud12-80x60.jpg 80w, https:\/\/www.tucomarca.com\/wordpress\/segunda\/wp-content\/uploads\/2025\/08\/BunolDiaJuventud12.jpg 1181w\" sizes=\"auto, (max-width: 1024px) 100vw, 1024px\" \/><\/figure>\n\n\n\n<figure class=\"wp-block-image size-large\"><img loading=\"lazy\" decoding=\"async\" width=\"1024\" height=\"769\" data-id=\"275356\" src=\"https:\/\/www.tucomarca.com\/wordpress\/segunda\/wp-content\/uploads\/2025\/08\/BunolDiaJuventud4-1024x769.jpg\" alt=\"\" class=\"wp-image-275356\" srcset=\"https:\/\/www.tucomarca.com\/wordpress\/segunda\/wp-content\/uploads\/2025\/08\/BunolDiaJuventud4-1024x769.jpg 1024w, https:\/\/www.tucomarca.com\/wordpress\/segunda\/wp-content\/uploads\/2025\/08\/BunolDiaJuventud4-300x225.jpg 300w, https:\/\/www.tucomarca.com\/wordpress\/segunda\/wp-content\/uploads\/2025\/08\/BunolDiaJuventud4-768x577.jpg 768w, https:\/\/www.tucomarca.com\/wordpress\/segunda\/wp-content\/uploads\/2025\/08\/BunolDiaJuventud4-678x509.jpg 678w, https:\/\/www.tucomarca.com\/wordpress\/segunda\/wp-content\/uploads\/2025\/08\/BunolDiaJuventud4-326x245.jpg 326w, https:\/\/www.tucomarca.com\/wordpress\/segunda\/wp-content\/uploads\/2025\/08\/BunolDiaJuventud4-80x60.jpg 80w, https:\/\/www.tucomarca.com\/wordpress\/segunda\/wp-content\/uploads\/2025\/08\/BunolDiaJuventud4.jpg 1440w\" sizes=\"auto, (max-width: 1024px) 100vw, 1024px\" \/><\/figure>\n\n\n\n<figure class=\"wp-block-image size-large\"><img loading=\"lazy\" decoding=\"async\" width=\"1024\" height=\"768\" data-id=\"275350\" src=\"https:\/\/www.tucomarca.com\/wordpress\/segunda\/wp-content\/uploads\/2025\/08\/BunolDiaJuventud3-1024x768.jpg\" alt=\"\" class=\"wp-image-275350\" srcset=\"https:\/\/www.tucomarca.com\/wordpress\/segunda\/wp-content\/uploads\/2025\/08\/BunolDiaJuventud3-1024x768.jpg 1024w, https:\/\/www.tucomarca.com\/wordpress\/segunda\/wp-content\/uploads\/2025\/08\/BunolDiaJuventud3-300x225.jpg 300w, https:\/\/www.tucomarca.com\/wordpress\/segunda\/wp-content\/uploads\/2025\/08\/BunolDiaJuventud3-768x576.jpg 768w, https:\/\/www.tucomarca.com\/wordpress\/segunda\/wp-content\/uploads\/2025\/08\/BunolDiaJuventud3-678x509.jpg 678w, https:\/\/www.tucomarca.com\/wordpress\/segunda\/wp-content\/uploads\/2025\/08\/BunolDiaJuventud3-326x245.jpg 326w, https:\/\/www.tucomarca.com\/wordpress\/segunda\/wp-content\/uploads\/2025\/08\/BunolDiaJuventud3-80x60.jpg 80w, https:\/\/www.tucomarca.com\/wordpress\/segunda\/wp-content\/uploads\/2025\/08\/BunolDiaJuventud3.jpg 1440w\" sizes=\"auto, (max-width: 1024px) 100vw, 1024px\" \/><\/figure>\n\n\n\n<figure class=\"wp-block-image size-large\"><img loading=\"lazy\" decoding=\"async\" width=\"1024\" height=\"769\" data-id=\"275358\" src=\"https:\/\/www.tucomarca.com\/wordpress\/segunda\/wp-content\/uploads\/2025\/08\/BunolDiaJuventud1-1024x769.jpg\" alt=\"\" class=\"wp-image-275358\" srcset=\"https:\/\/www.tucomarca.com\/wordpress\/segunda\/wp-content\/uploads\/2025\/08\/BunolDiaJuventud1-1024x769.jpg 1024w, https:\/\/www.tucomarca.com\/wordpress\/segunda\/wp-content\/uploads\/2025\/08\/BunolDiaJuventud1-300x225.jpg 300w, https:\/\/www.tucomarca.com\/wordpress\/segunda\/wp-content\/uploads\/2025\/08\/BunolDiaJuventud1-768x577.jpg 768w, https:\/\/www.tucomarca.com\/wordpress\/segunda\/wp-content\/uploads\/2025\/08\/BunolDiaJuventud1-678x509.jpg 678w, https:\/\/www.tucomarca.com\/wordpress\/segunda\/wp-content\/uploads\/2025\/08\/BunolDiaJuventud1-326x245.jpg 326w, https:\/\/www.tucomarca.com\/wordpress\/segunda\/wp-content\/uploads\/2025\/08\/BunolDiaJuventud1-80x60.jpg 80w, https:\/\/www.tucomarca.com\/wordpress\/segunda\/wp-content\/uploads\/2025\/08\/BunolDiaJuventud1.jpg 1201w\" sizes=\"auto, (max-width: 1024px) 100vw, 1024px\" \/><\/figure>\n<\/figure>\n","protected":false},"excerpt":{"rendered":"<div class=\"mh-excerpt\">Bunyol va celebrar aquest dimarts la segona edici\u00f3 del Dia de la Joventut, una cita que va reunir desenes de joves al pavell\u00f3 municipal d\u2019El Planell per a gaudir d\u2019una vesprada plena d\u2019activitats. La programaci\u00f3 <a class=\"mh-excerpt-more\" href=\"https:\/\/www.tucomarca.com\/wordpress\/segunda\/ca\/fotogaleria-bunyol-celebra-la-segona-edicio-del-dia-de-la-joventut-amb-esport-i-oci\/\" title=\"Fotogaler\u00eda: Bunyol celebra la segona edici\u00f3 del Dia de la Joventut amb esport i oci\">[+] <\/a><\/div>\n","protected":false},"author":12,"featured_media":275355,"comment_status":"open","ping_status":"open","sticky":false,"template":"","format":"gallery","meta":{"footnotes":""},"categories":[10911,10894,10912,11007,10896],"tags":[10913,22872,10914],"class_list":{"0":"post-275361","1":"post","2":"type-post","3":"status-publish","4":"format-gallery","5":"has-post-thumbnail","7":"category-bunol-ca","8":"category-la-comarca-ca","9":"category-la-hoya-ca","10":"category-ocio-y-cultura-ca","11":"category-seccion-ca","12":"tag-bunol-ca","13":"tag-ii-dia-de-la-juventud-ca","14":"tag-la-hoya-de-bunol-chiva-ca","15":"post_format-post-format-gallery"},"_links":{"self":[{"href":"https:\/\/www.tucomarca.com\/wordpress\/segunda\/ca\/wp-json\/wp\/v2\/posts\/275361","targetHints":{"allow":["GET"]}}],"collection":[{"href":"https:\/\/www.tucomarca.com\/wordpress\/segunda\/ca\/wp-json\/wp\/v2\/posts"}],"about":[{"href":"https:\/\/www.tucomarca.com\/wordpress\/segunda\/ca\/wp-json\/wp\/v2\/types\/post"}],"author":[{"embeddable":true,"href":"https:\/\/www.tucomarca.com\/wordpress\/segunda\/ca\/wp-json\/wp\/v2\/users\/12"}],"replies":[{"embeddable":true,"href":"https:\/\/www.tucomarca.com\/wordpress\/segunda\/ca\/wp-json\/wp\/v2\/comments?post=275361"}],"version-history":[{"count":0,"href":"https:\/\/www.tucomarca.com\/wordpress\/segunda\/ca\/wp-json\/wp\/v2\/posts\/275361\/revisions"}],"wp:featuredmedia":[{"embeddable":true,"href":"https:\/\/www.tucomarca.com\/wordpress\/segunda\/ca\/wp-json\/wp\/v2\/media\/275355"}],"wp:attachment":[{"href":"https:\/\/www.tucomarca.com\/wordpress\/segunda\/ca\/wp-json\/wp\/v2\/media?parent=275361"}],"wp:term":[{"taxonomy":"category","embeddable":true,"href":"https:\/\/www.tucomarca.com\/wordpress\/segunda\/ca\/wp-json\/wp\/v2\/categories?post=275361"},{"taxonomy":"post_tag","embeddable":true,"href":"https:\/\/www.tucomarca.com\/wordpress\/segunda\/ca\/wp-json\/wp\/v2\/tags?post=275361"}],"curies":[{"name":"wp","href":"https:\/\/api.w.org\/{rel}","templated":true}]}}