{"id":275373,"date":"2025-08-13T09:15:00","date_gmt":"2025-08-13T07:15:00","guid":{"rendered":"https:\/\/www.tucomarca.com\/wordpress\/segunda\/?p=275373"},"modified":"2025-08-13T15:46:22","modified_gmt":"2025-08-13T13:46:22","slug":"metrovalencia-reforcara-el-servei-nocturn-de-la-linia-1-del-divendres-15-al-dilluns-18-per-a-facilitar-la-mobilitat-per-la-festa-dels-alfabegues-de-betera","status":"publish","type":"post","link":"https:\/\/www.tucomarca.com\/wordpress\/segunda\/ca\/metrovalencia-reforcara-el-servei-nocturn-de-la-linia-1-del-divendres-15-al-dilluns-18-per-a-facilitar-la-mobilitat-per-la-festa-dels-alfabegues-de-betera\/","title":{"rendered":"Metrovalencia refor\u00e7ar\u00e0 el servei nocturn de la L\u00ednia 1 del divendres 15 al dilluns 18 per a facilitar la mobilitat per la \u2018Festa dels Alf\u00e0begues\u2019 de B\u00e9tera"},"content":{"rendered":"\n<h3 class=\"wp-block-heading\">Deu trens addicionals realitzaran els despla\u00e7aments especials des d&#8217;i fins a Masies amb enlla\u00e7os d&#8217;autobusos des d&#8217;i fins a B\u00e9tera.<\/h3>\n\n\n\n<h3 class=\"wp-block-heading\">Les obres del Ministeri en l&#8217;A-7 mantenen el tall ferroviari entre Masies i B\u00e9tera fins al 31 d&#8217;agost.<\/h3>\n\n\n\n<h3 class=\"wp-block-heading\">Els horaris actualitzats poden consultar-se en el tel\u00e8fon\u00a0900 46 10 46, la p\u00e0gina web, xarxes socials o app oficial de Metrovalencia.<\/h3>\n\n\n\n<p>Ferrocarrils de la Generalitat Valenciana (FGV) refor\u00e7ar\u00e0 entre el divendres 15 i el dilluns 18 el servei nocturn de la L\u00ednia 1 de Metrovalencia (B\u00e9tera-Castell\u00f3), a fi de facilitar la mobilitat en els principals dies de la \u2018Festa dels Alf\u00e0begues\u2019 de la localitat de la comarca de Camp de T\u00faria.<\/p>\n\n\n\n<p>Enguany, el servei especial que va comen\u00e7ar a funcionar en 2024 est\u00e0 condicionat pel tall ferroviari entre Masies i B\u00e9tera obligat pels treballs en l&#8217;A-7 per a millorar la funcionalitat i la seguretat vi\u00e0ria d&#8217;un tram de l&#8217;autovia pr\u00f2xim a la xarxa de Metrovalencia que realitza el Ministeri de Transport, Mobilitat i Agenda Urbana durant l&#8217;estiu.<\/p>\n\n\n\n<p>Mentre duren les obres del Ministeri, fins al 31 d&#8217;agost, s&#8217;ha disposat un servei alternatiu d&#8217;autob\u00fas en l&#8217;horari ordinari per a garantir els despla\u00e7aments entre B\u00e9tera, Horta Vella i Masies que es convertir\u00e0 en principi i final de la L\u00ednia 1 de Metrovalencia.<\/p>\n\n\n\n<p>Per tot aix\u00f2, enguany s&#8217;han programat deu trens especials en els citats quatre dies, tenint en compte que el divendres 15 i el dissabte 16 hi ha servei nocturn fins a Seminari i que el diumenge 17 i dilluns 18 el servei ordinari arriba fins a Masies amb enlla\u00e7os d&#8217;autobusos fins a B\u00e9tera.<\/p>\n\n\n\n<p>El divendres i dissabte, amb servei nocturn fins a Seminari de cap de setmana, arribaran a Masies tres trens (23.25 hores, 2.25 hores i 3.07 hores) que enlla\u00e7aran amb els autobusos fins a B\u00e9tera. A la volta, de la mateixa manera, els usuaris es despla\u00e7aran des de B\u00e9tera fins a Masies amb autob\u00fas per a enlla\u00e7ar amb dos trens cap a Picassent, a les 23.52 hores i les 2.47 hores, i un altre metre m\u00e9s cap a Torrent a les 3.47 hores.<\/p>\n\n\n\n<p>El diumenge i dilluns, sense servei nocturn fins a Seminari de cap de setmana, arribaran a Masies dos trens a les 00.00 hores i a les 3.30 hores per a enlla\u00e7ar amb els autobusos fins a B\u00e9tera i, per a la volta, despr\u00e9s de rec\u00f3rrer el trajecte entre B\u00e9tera i Masies amb autob\u00fas, els usuaris podran enlla\u00e7ar amb dos trens cap a Torrent a les 1 hores i 4 hores.<\/p>\n\n\n\n<p>Tots aquells usuaris que desitgen ampliar la informaci\u00f3 d&#8217;aquests serveis, poden trucar al tel\u00e8fon 900 46 10 46 d&#8217;Atenci\u00f3 al Client de Metrovalencia. Aquesta informaci\u00f3 tamb\u00e9 est\u00e0 disponible en la p\u00e0gina web (www.metrovalencia.es), en xarxes socials @metrovalencia i en facebook\/metrovalencia.fgv, aix\u00ed com en l&#8217;app oficial de Metrovalencia.<\/p>\n","protected":false},"excerpt":{"rendered":"<div class=\"mh-excerpt\">Deu trens addicionals realitzaran els despla\u00e7aments especials des d&#8217;i fins a Masies amb enlla\u00e7os d&#8217;autobusos des d&#8217;i fins a B\u00e9tera. Les obres del Ministeri en l&#8217;A-7 mantenen el tall ferroviari entre Masies i B\u00e9tera fins <a class=\"mh-excerpt-more\" href=\"https:\/\/www.tucomarca.com\/wordpress\/segunda\/ca\/metrovalencia-reforcara-el-servei-nocturn-de-la-linia-1-del-divendres-15-al-dilluns-18-per-a-facilitar-la-mobilitat-per-la-festa-dels-alfabegues-de-betera\/\" title=\"Metrovalencia refor\u00e7ar\u00e0 el servei nocturn de la L\u00ednia 1 del divendres 15 al dilluns 18 per a facilitar la mobilitat per la \u2018Festa dels Alf\u00e0begues\u2019 de B\u00e9tera\">[+] <\/a><\/div>\n","protected":false},"author":13,"featured_media":275368,"comment_status":"open","ping_status":"open","sticky":false,"template":"","format":"standard","meta":{"footnotes":""},"categories":[10937,10892,10898,10948,10894,10947,10896],"tags":[11202,10899,12222,15856,13820],"class_list":{"0":"post-275373","1":"post","2":"type-post","3":"status-publish","4":"format-standard","5":"has-post-thumbnail","7":"category-betera-ca","8":"category-camp-de-turia-ca","9":"category-ventana-ca","10":"category-infraestructuras-ca","11":"category-la-comarca-ca","12":"category-politica","13":"category-seccion-ca","14":"tag-betera-ca","15":"tag-camp-de-turia-ca","16":"tag-metrovalencia-ca","17":"tag-ocio-y-cultura-ca","18":"tag-transporte-ca"},"_links":{"self":[{"href":"https:\/\/www.tucomarca.com\/wordpress\/segunda\/ca\/wp-json\/wp\/v2\/posts\/275373","targetHints":{"allow":["GET"]}}],"collection":[{"href":"https:\/\/www.tucomarca.com\/wordpress\/segunda\/ca\/wp-json\/wp\/v2\/posts"}],"about":[{"href":"https:\/\/www.tucomarca.com\/wordpress\/segunda\/ca\/wp-json\/wp\/v2\/types\/post"}],"author":[{"embeddable":true,"href":"https:\/\/www.tucomarca.com\/wordpress\/segunda\/ca\/wp-json\/wp\/v2\/users\/13"}],"replies":[{"embeddable":true,"href":"https:\/\/www.tucomarca.com\/wordpress\/segunda\/ca\/wp-json\/wp\/v2\/comments?post=275373"}],"version-history":[{"count":0,"href":"https:\/\/www.tucomarca.com\/wordpress\/segunda\/ca\/wp-json\/wp\/v2\/posts\/275373\/revisions"}],"wp:featuredmedia":[{"embeddable":true,"href":"https:\/\/www.tucomarca.com\/wordpress\/segunda\/ca\/wp-json\/wp\/v2\/media\/275368"}],"wp:attachment":[{"href":"https:\/\/www.tucomarca.com\/wordpress\/segunda\/ca\/wp-json\/wp\/v2\/media?parent=275373"}],"wp:term":[{"taxonomy":"category","embeddable":true,"href":"https:\/\/www.tucomarca.com\/wordpress\/segunda\/ca\/wp-json\/wp\/v2\/categories?post=275373"},{"taxonomy":"post_tag","embeddable":true,"href":"https:\/\/www.tucomarca.com\/wordpress\/segunda\/ca\/wp-json\/wp\/v2\/tags?post=275373"}],"curies":[{"name":"wp","href":"https:\/\/api.w.org\/{rel}","templated":true}]}}