{"id":275461,"date":"2025-08-13T08:20:00","date_gmt":"2025-08-13T06:20:00","guid":{"rendered":"https:\/\/www.tucomarca.com\/wordpress\/segunda\/?p=275461"},"modified":"2025-08-13T19:03:45","modified_gmt":"2025-08-13T17:03:45","slug":"el-departament-de-salut-de-manises-completa-la-constitucio-de-tots-els-seus-consells-de-salut-locals","status":"publish","type":"post","link":"https:\/\/www.tucomarca.com\/wordpress\/segunda\/ca\/el-departament-de-salut-de-manises-completa-la-constitucio-de-tots-els-seus-consells-de-salut-locals\/","title":{"rendered":"El departament de salut de Manises completa la constituci\u00f3 de tots els seus consells de salut locals"},"content":{"rendered":"\n<h3 class=\"wp-block-heading\">Estan les 9 zones b\u00e0siques, a m\u00e9s de Barri del Crist com a centre d&#8217;atenci\u00f3 preferent.<\/h3>\n\n\n\n<h3 class=\"wp-block-heading\">Juntament amb la Comissi\u00f3 de Salut Comunit\u00e0ria ja creada, refor\u00e7a la integraci\u00f3 de l&#8217;atenci\u00f3 i la participaci\u00f3 ciutadana en la salut.<\/h3>\n\n\n\n<p>El Departament de Salut de Manises ha finalitzat la constituci\u00f3 dels consells de salut locals en totes les zones b\u00e0siques de salut, incloses les nou \u00e0rees del departament i el Barri del Crist com a centre d&#8217;atenci\u00f3 preferent. Aquesta xarxa de participaci\u00f3 comunit\u00e0ria es constitueix com un avan\u00e7 fonamental cap a l&#8217;atenci\u00f3 sanit\u00e0ria i comunit\u00e0ria des d&#8217;una perspectiva col\u00b7laborativa, adaptada a les necessitats reals de cada localitat.<\/p>\n\n\n\n<p>Aquests consells estan presidits pels coordinadors m\u00e8dics dels centres de salut i compten amb perfils sanitaris i assistencials (medicina, infermeria, treball social i salut p\u00fablica), aix\u00ed com amb representants municipals o d&#8217;associacions ve\u00efnals, oficines de farm\u00e0cia, centres educatius i consells de la inf\u00e0ncia, entre altres.<\/p>\n\n\n\n<p>Aquestes agrupacions estan concebudes com a espais estables d&#8217;escolta i col\u00b7laboraci\u00f3. En les seues primeres sessions, s&#8217;ha presentat el pla estrat\u00e8gic del departament amb la finalitat de compartir i incorporar propostes des del teixit social i municipal a les accions comunit\u00e0ries.<\/p>\n\n\n\n<p>Segons la directora d&#8217;Atenci\u00f3 Prim\u00e0ria, M\u00aa Carmen Valdivieso, \u201cla constituci\u00f3 d&#8217;aquests consells \u00e9s una acci\u00f3 estrat\u00e8gica en si mateixa, que reflecteix el nostre model de salut compartit, corresponsable i adaptat a la realitat de cada localitat\u201d.<\/p>\n\n\n\n<figure class=\"wp-block-gallery has-nested-images columns-default is-cropped wp-block-gallery-1 is-layout-flex wp-block-gallery-is-layout-flex\">\n<figure class=\"wp-block-image size-large\"><img loading=\"lazy\" decoding=\"async\" width=\"1024\" height=\"691\" data-id=\"275455\" src=\"https:\/\/www.tucomarca.com\/wordpress\/segunda\/wp-content\/uploads\/2025\/08\/ConsejosSaludLocales_HospManises_Cheste-1024x691.jpg\" alt=\"\" class=\"wp-image-275455\" srcset=\"https:\/\/www.tucomarca.com\/wordpress\/segunda\/wp-content\/uploads\/2025\/08\/ConsejosSaludLocales_HospManises_Cheste-1024x691.jpg 1024w, https:\/\/www.tucomarca.com\/wordpress\/segunda\/wp-content\/uploads\/2025\/08\/ConsejosSaludLocales_HospManises_Cheste-300x202.jpg 300w, https:\/\/www.tucomarca.com\/wordpress\/segunda\/wp-content\/uploads\/2025\/08\/ConsejosSaludLocales_HospManises_Cheste-768x518.jpg 768w, https:\/\/www.tucomarca.com\/wordpress\/segunda\/wp-content\/uploads\/2025\/08\/ConsejosSaludLocales_HospManises_Cheste.jpg 1181w\" sizes=\"auto, (max-width: 1024px) 100vw, 1024px\" \/><\/figure>\n\n\n\n<figure class=\"wp-block-image size-large\"><img loading=\"lazy\" decoding=\"async\" width=\"1024\" height=\"691\" data-id=\"275453\" src=\"https:\/\/www.tucomarca.com\/wordpress\/segunda\/wp-content\/uploads\/2025\/08\/ConsejosSaludLocales_HospManises_Chiva-1024x691.jpeg\" alt=\"\" class=\"wp-image-275453\" srcset=\"https:\/\/www.tucomarca.com\/wordpress\/segunda\/wp-content\/uploads\/2025\/08\/ConsejosSaludLocales_HospManises_Chiva-1024x691.jpeg 1024w, https:\/\/www.tucomarca.com\/wordpress\/segunda\/wp-content\/uploads\/2025\/08\/ConsejosSaludLocales_HospManises_Chiva-300x202.jpeg 300w, https:\/\/www.tucomarca.com\/wordpress\/segunda\/wp-content\/uploads\/2025\/08\/ConsejosSaludLocales_HospManises_Chiva-768x518.jpeg 768w, https:\/\/www.tucomarca.com\/wordpress\/segunda\/wp-content\/uploads\/2025\/08\/ConsejosSaludLocales_HospManises_Chiva.jpeg 1181w\" sizes=\"auto, (max-width: 1024px) 100vw, 1024px\" \/><\/figure>\n<\/figure>\n\n\n\n<p><strong>Comissi\u00f3 de salut comunit\u00e0ria<\/strong><\/p>\n\n\n\n<p>Al costat dels consells locals, el departament va constituir al desembre de 2024 la Comissi\u00f3 de Salut Comunit\u00e0ria, amb la finalitat de coordinar, donar coher\u00e8ncia i acompanyar els plans de salut comunit\u00e0ria locals. Est\u00e0 integrada per l&#8217;equip de formadores en salut comunit\u00e0ria, Salut P\u00fablica, direcci\u00f3 m\u00e8dica i d&#8217;infermeria d&#8217;Atenci\u00f3 Prim\u00e0ria i els referents d&#8217;atenci\u00f3 comunit\u00e0ria de cada zona b\u00e0sica.<\/p>\n\n\n\n<p>Referent a aix\u00f2, Valdivieso ha assenyalat que la doble estructura, consells locals i comissi\u00f3 departamental, \u201cens permet oferir una atenci\u00f3 integrada, participativa i preventiva on les persones estan en el centre, sense perdre la continu\u00eftat i integraci\u00f3 amb l&#8217;objectiu de gesti\u00f3 del departament\u201d.<\/p>\n\n\n\n<p>En aquest sentit, per a la gerent del departament, Beatriz G\u00f3mez, \u201cdemostren el nostre comprom\u00eds amb una sanitat p\u00fablica oberta a la comunitat, capa\u00e7 d&#8217;escoltar, adaptar-se i millorar, en l\u00ednia amb els valors del pla estrat\u00e8gic que ja guia la nostra activitat fins a 2027\u201d.<\/p>\n\n\n\n<p>Actualment, el Departament de Salut de Manises dona cobertura i assist\u00e8ncia sanit\u00e0ria, tant ambulat\u00f2ria com domicili\u00e0ria a m\u00e9s de 216.000 persones de 14 localitats a trav\u00e9s de l&#8217;Hospital de Manises, 9 centres de salut, 11 consultoris auxiliars, 2 centres d&#8217;especialitats, 1 centre de salut integrat, l&#8217;Hospital d&#8217;Aguts de Manises i l&#8217;Hospital de Cr\u00f2nics de Mislata.<\/p>\n\n\n\n<p><\/p>\n","protected":false},"excerpt":{"rendered":"<div class=\"mh-excerpt\">Estan les 9 zones b\u00e0siques, a m\u00e9s de Barri del Crist com a centre d&#8217;atenci\u00f3 preferent. Juntament amb la Comissi\u00f3 de Salut Comunit\u00e0ria ja creada, refor\u00e7a la integraci\u00f3 de l&#8217;atenci\u00f3 i la participaci\u00f3 ciutadana en <a class=\"mh-excerpt-more\" href=\"https:\/\/www.tucomarca.com\/wordpress\/segunda\/ca\/el-departament-de-salut-de-manises-completa-la-constitucio-de-tots-els-seus-consells-de-salut-locals\/\" title=\"El departament de salut de Manises completa la constituci\u00f3 de tots els seus consells de salut locals\">[+] <\/a><\/div>\n","protected":false},"author":12,"featured_media":275458,"comment_status":"open","ping_status":"open","sticky":false,"template":"","format":"gallery","meta":{"footnotes":""},"categories":[10911,11010,10948,10894,10912,10947,10896],"tags":[10913,11071,11195,22912,12221,10914],"class_list":{"0":"post-275461","1":"post","2":"type-post","3":"status-publish","4":"format-gallery","5":"has-post-thumbnail","7":"category-bunol-ca","8":"category-canal-salud","9":"category-infraestructuras-ca","10":"category-la-comarca-ca","11":"category-la-hoya-ca","12":"category-politica","13":"category-seccion-ca","14":"tag-bunol-ca","15":"tag-cheste","16":"tag-chiva-ca","17":"tag-consejos-de-salud-locales-ca","18":"tag-departamento-de-salud-de-manises-ca","19":"tag-la-hoya-de-bunol-chiva-ca","20":"post_format-post-format-gallery"},"_links":{"self":[{"href":"https:\/\/www.tucomarca.com\/wordpress\/segunda\/ca\/wp-json\/wp\/v2\/posts\/275461","targetHints":{"allow":["GET"]}}],"collection":[{"href":"https:\/\/www.tucomarca.com\/wordpress\/segunda\/ca\/wp-json\/wp\/v2\/posts"}],"about":[{"href":"https:\/\/www.tucomarca.com\/wordpress\/segunda\/ca\/wp-json\/wp\/v2\/types\/post"}],"author":[{"embeddable":true,"href":"https:\/\/www.tucomarca.com\/wordpress\/segunda\/ca\/wp-json\/wp\/v2\/users\/12"}],"replies":[{"embeddable":true,"href":"https:\/\/www.tucomarca.com\/wordpress\/segunda\/ca\/wp-json\/wp\/v2\/comments?post=275461"}],"version-history":[{"count":0,"href":"https:\/\/www.tucomarca.com\/wordpress\/segunda\/ca\/wp-json\/wp\/v2\/posts\/275461\/revisions"}],"wp:featuredmedia":[{"embeddable":true,"href":"https:\/\/www.tucomarca.com\/wordpress\/segunda\/ca\/wp-json\/wp\/v2\/media\/275458"}],"wp:attachment":[{"href":"https:\/\/www.tucomarca.com\/wordpress\/segunda\/ca\/wp-json\/wp\/v2\/media?parent=275461"}],"wp:term":[{"taxonomy":"category","embeddable":true,"href":"https:\/\/www.tucomarca.com\/wordpress\/segunda\/ca\/wp-json\/wp\/v2\/categories?post=275461"},{"taxonomy":"post_tag","embeddable":true,"href":"https:\/\/www.tucomarca.com\/wordpress\/segunda\/ca\/wp-json\/wp\/v2\/tags?post=275461"}],"curies":[{"name":"wp","href":"https:\/\/api.w.org\/{rel}","templated":true}]}}