{"id":275512,"date":"2025-08-14T09:00:00","date_gmt":"2025-08-14T07:00:00","guid":{"rendered":"https:\/\/www.tucomarca.com\/wordpress\/segunda\/?p=275512"},"modified":"2025-08-14T09:10:52","modified_gmt":"2025-08-14T07:10:52","slug":"carlos-mazon-es-desplaca-al-lloc-de-comandament-avancat-de-lincendi-forestal-de-teresa-de-cofrents","status":"publish","type":"post","link":"https:\/\/www.tucomarca.com\/wordpress\/segunda\/ca\/carlos-mazon-es-desplaca-al-lloc-de-comandament-avancat-de-lincendi-forestal-de-teresa-de-cofrents\/","title":{"rendered":"Carlos Maz\u00f3n es despla\u00e7a al Lloc de Comandament Avan\u00e7at de l&#8217;incendi forestal de Teresa de Cofrents"},"content":{"rendered":"\n<h3 class=\"wp-block-heading\">El president de la Generalitat ha seguit les tasques d&#8217;extinci\u00f3 de l&#8217;incendi i ha agra\u00eft el treball i la coordinaci\u00f3 de bombers, brigades forestals, UME, aix\u00ed com dels efectius procedents de Castella-la Manxa.<\/h3>\n\n\n\n<p>El president de la Generalitat, Carlos Maz\u00f3n, s&#8217;ha despla\u00e7at al Lloc de Comandament Avan\u00e7at (PMA) de l&#8217;incendi forestal de Teresa de Cofrents, per a seguir la seua evoluci\u00f3 i on ha destacat la coordinaci\u00f3 entre els diferents serveis d&#8217;emerg\u00e8ncia que intervenen en les labors d&#8217;extinci\u00f3.<\/p>\n\n\n\n<p>Acompanyat pel conseller d&#8217;Emerg\u00e8ncies i Interior, Juan Carlos Valderrama, el cap del Consell ha agra\u00eft el treball de bombers, brigades forestals, Unitat Militar d&#8217;Emerg\u00e8ncies (UME), efectius de procedents de Castella-la Manxa, aix\u00ed com dels voluntaris, que estan combatent l&#8217;incendi ocasionat per un llamp.&nbsp;<\/p>\n\n\n\n<p>El president ha assenyalat que s&#8217;ha procedit a desallotjar de manera preventiva als ciutadans de les pedanies del Canal\u00f3 i una altra pr\u00f2xima a la Rambla Argonge\u00f1a, i ha sol\u00b7licitat m\u00e0xima precauci\u00f3 davant el risc extrem d&#8217;incendis forestals en la Comunitat Valenciana.&nbsp;<\/p>\n\n\n\n<p>En aquest sentit, ha realitzat una crida a la responsabilitat i a la prevenci\u00f3, al mateix temps que ha sol\u00b7licitat a la ciutadania que davant qualsevol columna de fum s&#8217;avise de manera immediata al 112.<\/p>\n\n\n\n<figure class=\"wp-block-gallery has-nested-images columns-default is-cropped wp-block-gallery-1 is-layout-flex wp-block-gallery-is-layout-flex\">\n<figure class=\"wp-block-image size-large\"><img loading=\"lazy\" decoding=\"async\" width=\"1024\" height=\"768\" data-id=\"275507\" src=\"https:\/\/www.tucomarca.com\/wordpress\/segunda\/wp-content\/uploads\/2025\/08\/TeresaCofrentesIncendio2-1024x768.jpeg\" alt=\"\" class=\"wp-image-275507\" srcset=\"https:\/\/www.tucomarca.com\/wordpress\/segunda\/wp-content\/uploads\/2025\/08\/TeresaCofrentesIncendio2-1024x768.jpeg 1024w, https:\/\/www.tucomarca.com\/wordpress\/segunda\/wp-content\/uploads\/2025\/08\/TeresaCofrentesIncendio2-300x225.jpeg 300w, https:\/\/www.tucomarca.com\/wordpress\/segunda\/wp-content\/uploads\/2025\/08\/TeresaCofrentesIncendio2-768x576.jpeg 768w, https:\/\/www.tucomarca.com\/wordpress\/segunda\/wp-content\/uploads\/2025\/08\/TeresaCofrentesIncendio2-1536x1152.jpeg 1536w, https:\/\/www.tucomarca.com\/wordpress\/segunda\/wp-content\/uploads\/2025\/08\/TeresaCofrentesIncendio2-2048x1536.jpeg 2048w, https:\/\/www.tucomarca.com\/wordpress\/segunda\/wp-content\/uploads\/2025\/08\/TeresaCofrentesIncendio2-678x509.jpeg 678w, https:\/\/www.tucomarca.com\/wordpress\/segunda\/wp-content\/uploads\/2025\/08\/TeresaCofrentesIncendio2-326x245.jpeg 326w, https:\/\/www.tucomarca.com\/wordpress\/segunda\/wp-content\/uploads\/2025\/08\/TeresaCofrentesIncendio2-80x60.jpeg 80w\" sizes=\"auto, (max-width: 1024px) 100vw, 1024px\" \/><\/figure>\n\n\n\n<figure class=\"wp-block-image size-large\"><img loading=\"lazy\" decoding=\"async\" width=\"1024\" height=\"768\" data-id=\"275505\" src=\"https:\/\/www.tucomarca.com\/wordpress\/segunda\/wp-content\/uploads\/2025\/08\/TeresaCofrentesIncendio-1024x768.jpeg\" alt=\"\" class=\"wp-image-275505\" srcset=\"https:\/\/www.tucomarca.com\/wordpress\/segunda\/wp-content\/uploads\/2025\/08\/TeresaCofrentesIncendio-1024x768.jpeg 1024w, https:\/\/www.tucomarca.com\/wordpress\/segunda\/wp-content\/uploads\/2025\/08\/TeresaCofrentesIncendio-300x225.jpeg 300w, https:\/\/www.tucomarca.com\/wordpress\/segunda\/wp-content\/uploads\/2025\/08\/TeresaCofrentesIncendio-768x576.jpeg 768w, https:\/\/www.tucomarca.com\/wordpress\/segunda\/wp-content\/uploads\/2025\/08\/TeresaCofrentesIncendio-1536x1152.jpeg 1536w, https:\/\/www.tucomarca.com\/wordpress\/segunda\/wp-content\/uploads\/2025\/08\/TeresaCofrentesIncendio-2048x1536.jpeg 2048w, https:\/\/www.tucomarca.com\/wordpress\/segunda\/wp-content\/uploads\/2025\/08\/TeresaCofrentesIncendio-678x509.jpeg 678w, https:\/\/www.tucomarca.com\/wordpress\/segunda\/wp-content\/uploads\/2025\/08\/TeresaCofrentesIncendio-326x245.jpeg 326w, https:\/\/www.tucomarca.com\/wordpress\/segunda\/wp-content\/uploads\/2025\/08\/TeresaCofrentesIncendio-80x60.jpeg 80w\" sizes=\"auto, (max-width: 1024px) 100vw, 1024px\" \/><\/figure>\n<\/figure>\n","protected":false},"excerpt":{"rendered":"<div class=\"mh-excerpt\">El president de la Generalitat ha seguit les tasques d&#8217;extinci\u00f3 de l&#8217;incendi i ha agra\u00eft el treball i la coordinaci\u00f3 de bombers, brigades forestals, UME, aix\u00ed com dels efectius procedents de Castella-la Manxa. El president <a class=\"mh-excerpt-more\" href=\"https:\/\/www.tucomarca.com\/wordpress\/segunda\/ca\/carlos-mazon-es-desplaca-al-lloc-de-comandament-avancat-de-lincendi-forestal-de-teresa-de-cofrents\/\" title=\"Carlos Maz\u00f3n es despla\u00e7a al Lloc de Comandament Avan\u00e7at de l&#8217;incendi forestal de Teresa de Cofrents\">[+] <\/a><\/div>\n","protected":false},"author":1,"featured_media":275510,"comment_status":"open","ping_status":"open","sticky":false,"template":"","format":"gallery","meta":{"footnotes":""},"categories":[10951,10898,10948,10894,10904,10903,10947,10896,10897,10958],"tags":[11216,18807,12755,11415],"class_list":{"0":"post-275512","1":"post","2":"type-post","3":"status-publish","4":"format-gallery","5":"has-post-thumbnail","7":"category-ayora-cofrentes-ca","8":"category-ventana-ca","9":"category-infraestructuras-ca","10":"category-la-comarca-ca","11":"category-sin-categorizar-ca","12":"category-medio-ambiente-la-comarca-ca","13":"category-politica","14":"category-seccion-ca","15":"category-sucesos-la-comarca-ca","16":"category-teresa-de-cofrentes-ca","17":"tag-ayora-cofrentes-ca","18":"tag-carlos-mazon-ca","19":"tag-incendio-ca","20":"tag-teresa-de-cofrentes-ca","21":"post_format-post-format-gallery"},"_links":{"self":[{"href":"https:\/\/www.tucomarca.com\/wordpress\/segunda\/ca\/wp-json\/wp\/v2\/posts\/275512","targetHints":{"allow":["GET"]}}],"collection":[{"href":"https:\/\/www.tucomarca.com\/wordpress\/segunda\/ca\/wp-json\/wp\/v2\/posts"}],"about":[{"href":"https:\/\/www.tucomarca.com\/wordpress\/segunda\/ca\/wp-json\/wp\/v2\/types\/post"}],"author":[{"embeddable":true,"href":"https:\/\/www.tucomarca.com\/wordpress\/segunda\/ca\/wp-json\/wp\/v2\/users\/1"}],"replies":[{"embeddable":true,"href":"https:\/\/www.tucomarca.com\/wordpress\/segunda\/ca\/wp-json\/wp\/v2\/comments?post=275512"}],"version-history":[{"count":0,"href":"https:\/\/www.tucomarca.com\/wordpress\/segunda\/ca\/wp-json\/wp\/v2\/posts\/275512\/revisions"}],"wp:featuredmedia":[{"embeddable":true,"href":"https:\/\/www.tucomarca.com\/wordpress\/segunda\/ca\/wp-json\/wp\/v2\/media\/275510"}],"wp:attachment":[{"href":"https:\/\/www.tucomarca.com\/wordpress\/segunda\/ca\/wp-json\/wp\/v2\/media?parent=275512"}],"wp:term":[{"taxonomy":"category","embeddable":true,"href":"https:\/\/www.tucomarca.com\/wordpress\/segunda\/ca\/wp-json\/wp\/v2\/categories?post=275512"},{"taxonomy":"post_tag","embeddable":true,"href":"https:\/\/www.tucomarca.com\/wordpress\/segunda\/ca\/wp-json\/wp\/v2\/tags?post=275512"}],"curies":[{"name":"wp","href":"https:\/\/api.w.org\/{rel}","templated":true}]}}