{"id":275580,"date":"2025-08-19T08:45:00","date_gmt":"2025-08-19T06:45:00","guid":{"rendered":"https:\/\/www.tucomarca.com\/wordpress\/segunda\/?p=275580"},"modified":"2025-08-19T12:17:05","modified_gmt":"2025-08-19T10:17:05","slug":"manuel-guerrero-oferira-un-concert-extraordinari-a-lesglesia-de-sant-pedro-apostol-de-bunyol","status":"publish","type":"post","link":"https:\/\/www.tucomarca.com\/wordpress\/segunda\/ca\/manuel-guerrero-oferira-un-concert-extraordinari-a-lesglesia-de-sant-pedro-apostol-de-bunyol\/","title":{"rendered":"Manuel Guerrero oferir\u00e0 un concert extraordinari a l&#8217;Esgl\u00e9sia de Sant Pedro Ap\u00f3stol de Bunyol"},"content":{"rendered":"\n<p>L\u2019Esgl\u00e9sia de Sant Pere Ap\u00f2stol de Bu\u00f1ol acoll aquest\u00a0<strong>dijous 21 d\u2019agost de 2025<\/strong>, a les\u00a0<strong>20.00 hores<\/strong>, un\u00a0<strong>Concert Extraordinari<\/strong>\u00a0a c\u00e0rrec del flautista\u00a0<strong>Manuel Guerrero<\/strong>. La cita, amb\u00a0<strong>entrada gratu\u00efta<\/strong>, forma part de la programaci\u00f3 cultural del municipi i compta amb la col\u00b7laboraci\u00f3 de l\u2019<strong>Ajuntament de Bu\u00f1ol<\/strong>.<\/p>\n\n\n\n<p>El programa del recital inclou un repertori variat que abasta des de peces barroques i rom\u00e0ntiques fins a composicions contempor\u00e0nies, amb obres de&nbsp;<strong>Marin Marais<\/strong>,&nbsp;<strong>Ch. W. Gluck<\/strong>,&nbsp;<strong>Astor Piazzolla<\/strong>,&nbsp;<strong>J.S. Bach<\/strong>,&nbsp;<strong>Cl. Debussy<\/strong>,&nbsp;<strong>J. Donjon<\/strong>,&nbsp;<strong>E. Morricone<\/strong>,&nbsp;<strong>P. Mascagni<\/strong>&nbsp;i&nbsp;<strong>O. Acosta<\/strong>. Entre els t\u00edtols que sonaran destaquen&nbsp;<em>Folies de Espa\u00f1a<\/em>,&nbsp;<em>Oblivion<\/em>,&nbsp;<em>Syrinx<\/em>,&nbsp;<em>Gabriel\u2019s<\/em>&nbsp;i&nbsp;<em>Buler\u00edas de Anette<\/em>, prometent un viatge musical ple de matisos i emocions.<\/p>\n\n\n\n<p>La vetlada es perfila com una oportunitat \u00fanica per a gaudir de la mestria interpretativa de Manuel Guerrero en un marc tan especial com el temple bu\u00f1olenc, que oferir\u00e0 una ac\u00fastica id\u00f2nia per a la calidesa i expressivitat de la flauta.<\/p>\n\n\n\n<figure class=\"wp-block-gallery has-nested-images columns-default is-cropped wp-block-gallery-1 is-layout-flex wp-block-gallery-is-layout-flex\">\n<figure class=\"wp-block-image size-large\"><img loading=\"lazy\" decoding=\"async\" width=\"728\" height=\"1024\" data-id=\"275578\" src=\"https:\/\/www.tucomarca.com\/wordpress\/segunda\/wp-content\/uploads\/2025\/08\/Concierto1-728x1024.jpg\" alt=\"\" class=\"wp-image-275578\" srcset=\"https:\/\/www.tucomarca.com\/wordpress\/segunda\/wp-content\/uploads\/2025\/08\/Concierto1-728x1024.jpg 728w, https:\/\/www.tucomarca.com\/wordpress\/segunda\/wp-content\/uploads\/2025\/08\/Concierto1-213x300.jpg 213w, https:\/\/www.tucomarca.com\/wordpress\/segunda\/wp-content\/uploads\/2025\/08\/Concierto1-768x1080.jpg 768w, https:\/\/www.tucomarca.com\/wordpress\/segunda\/wp-content\/uploads\/2025\/08\/Concierto1-1092x1536.jpg 1092w, https:\/\/www.tucomarca.com\/wordpress\/segunda\/wp-content\/uploads\/2025\/08\/Concierto1.jpg 1259w\" sizes=\"auto, (max-width: 728px) 100vw, 728px\" \/><\/figure>\n\n\n\n<figure class=\"wp-block-image size-large\"><img loading=\"lazy\" decoding=\"async\" width=\"582\" height=\"826\" data-id=\"275584\" src=\"https:\/\/www.tucomarca.com\/wordpress\/segunda\/wp-content\/uploads\/2025\/08\/Concierto2.jpg\" alt=\"\" class=\"wp-image-275584\" srcset=\"https:\/\/www.tucomarca.com\/wordpress\/segunda\/wp-content\/uploads\/2025\/08\/Concierto2.jpg 582w, https:\/\/www.tucomarca.com\/wordpress\/segunda\/wp-content\/uploads\/2025\/08\/Concierto2-211x300.jpg 211w\" sizes=\"auto, (max-width: 582px) 100vw, 582px\" \/><\/figure>\n<\/figure>\n","protected":false},"excerpt":{"rendered":"<div class=\"mh-excerpt\">L\u2019Esgl\u00e9sia de Sant Pere Ap\u00f2stol de Bu\u00f1ol acoll aquest\u00a0dijous 21 d\u2019agost de 2025, a les\u00a020.00 hores, un\u00a0Concert Extraordinari\u00a0a c\u00e0rrec del flautista\u00a0Manuel Guerrero. La cita, amb\u00a0entrada gratu\u00efta, forma part de la programaci\u00f3 cultural del municipi i <a class=\"mh-excerpt-more\" href=\"https:\/\/www.tucomarca.com\/wordpress\/segunda\/ca\/manuel-guerrero-oferira-un-concert-extraordinari-a-lesglesia-de-sant-pedro-apostol-de-bunyol\/\" title=\"Manuel Guerrero oferir\u00e0 un concert extraordinari a l&#8217;Esgl\u00e9sia de Sant Pedro Ap\u00f3stol de Bunyol\">[+] <\/a><\/div>\n","protected":false},"author":13,"featured_media":275588,"comment_status":"open","ping_status":"open","sticky":false,"template":"","format":"standard","meta":{"footnotes":""},"categories":[11019,10911,11005,10894,10912,11007,10896],"tags":[10913,10914,20778,15856],"class_list":{"0":"post-275580","1":"post","2":"type-post","3":"status-publish","4":"format-standard","5":"has-post-thumbnail","7":"category-agenda-ca","8":"category-bunol-ca","9":"category-canal-musica","10":"category-la-comarca-ca","11":"category-la-hoya-ca","12":"category-ocio-y-cultura-ca","13":"category-seccion-ca","14":"tag-bunol-ca","15":"tag-la-hoya-de-bunol-chiva-ca","16":"tag-musica-2-ca","17":"tag-ocio-y-cultura-ca"},"_links":{"self":[{"href":"https:\/\/www.tucomarca.com\/wordpress\/segunda\/ca\/wp-json\/wp\/v2\/posts\/275580","targetHints":{"allow":["GET"]}}],"collection":[{"href":"https:\/\/www.tucomarca.com\/wordpress\/segunda\/ca\/wp-json\/wp\/v2\/posts"}],"about":[{"href":"https:\/\/www.tucomarca.com\/wordpress\/segunda\/ca\/wp-json\/wp\/v2\/types\/post"}],"author":[{"embeddable":true,"href":"https:\/\/www.tucomarca.com\/wordpress\/segunda\/ca\/wp-json\/wp\/v2\/users\/13"}],"replies":[{"embeddable":true,"href":"https:\/\/www.tucomarca.com\/wordpress\/segunda\/ca\/wp-json\/wp\/v2\/comments?post=275580"}],"version-history":[{"count":0,"href":"https:\/\/www.tucomarca.com\/wordpress\/segunda\/ca\/wp-json\/wp\/v2\/posts\/275580\/revisions"}],"wp:featuredmedia":[{"embeddable":true,"href":"https:\/\/www.tucomarca.com\/wordpress\/segunda\/ca\/wp-json\/wp\/v2\/media\/275588"}],"wp:attachment":[{"href":"https:\/\/www.tucomarca.com\/wordpress\/segunda\/ca\/wp-json\/wp\/v2\/media?parent=275580"}],"wp:term":[{"taxonomy":"category","embeddable":true,"href":"https:\/\/www.tucomarca.com\/wordpress\/segunda\/ca\/wp-json\/wp\/v2\/categories?post=275580"},{"taxonomy":"post_tag","embeddable":true,"href":"https:\/\/www.tucomarca.com\/wordpress\/segunda\/ca\/wp-json\/wp\/v2\/tags?post=275580"}],"curies":[{"name":"wp","href":"https:\/\/api.w.org\/{rel}","templated":true}]}}