{"id":275644,"date":"2025-08-15T11:00:00","date_gmt":"2025-08-15T09:00:00","guid":{"rendered":"https:\/\/www.tucomarca.com\/wordpress\/segunda\/?p=275644"},"modified":"2025-08-15T20:28:15","modified_gmt":"2025-08-15T18:28:15","slug":"estabilizado-el-incendio-forestal-de-teresa-de-cofrentes","status":"publish","type":"post","link":"https:\/\/www.tucomarca.com\/wordpress\/segunda\/ca\/estabilizado-el-incendio-forestal-de-teresa-de-cofrentes\/","title":{"rendered":"Estabilitzat l&#8217;incendi forestal de Teresa de Cofrents"},"content":{"rendered":"\n<p>L&#8217;incendi forestal declarat a Teresa de Cofrents ha quedat estabilitzat a les 10,30 hores d&#8217;aquest dijous, segons ha informat el Consorci Provincial de Bombers de Val\u00e8ncia.<\/p>\n\n\n\n<p>Al llarg de la jornada de hui, continuen treballant en la zona mitjans terrestres i aeris per a assegurar el per\u00edmetre i evitar possibles reactivacions. En l&#8217;operatiu participen 3 mitjans aeris, 3 dotacions i 6 brigades forestals del Consorci amb sis efectius de personal de comandament, aix\u00ed com 7 autobombes i 7 unitats de la Generalitat amb dos comandaments al capdavant.<\/p>\n\n\n\n<p>Tamb\u00e9 col\u00b7laboren efectius de la Unitat Militar d&#8217;Emerg\u00e8ncies (UME) amb 5 autobombes i 4 vehicles, a m\u00e9s d&#8217;un t\u00e8cnic de l&#8217;Ag\u00e8ncia Valenciana de Seguretat i Resposta a les Emerg\u00e8ncies, un cami\u00f3 SATCOM, un TAS i suport log\u00edstic.<\/p>\n\n\n\n<p>En les labors de coordinaci\u00f3 participen una patrulla de la Policia de la Generalitat, el CICU amb 2 SAMU en preventiu, la Unitat T\u00e8cnica del CPIFV i un agent mediambiental.<\/p>\n\n\n\n<p>Les autoritats recorden que, encara que l&#8217;incendi estiga estabilitzat, la zona seguir\u00e0 sota vigil\u00e0ncia fins a la seua completa extinci\u00f3.<\/p>\n","protected":false},"excerpt":{"rendered":"<div class=\"mh-excerpt\">L&#8217;incendi forestal declarat a Teresa de Cofrents ha quedat estabilitzat a les 10,30 hores d&#8217;aquest dijous, segons ha informat el Consorci Provincial de Bombers de Val\u00e8ncia. Al llarg de la jornada de hui, continuen treballant <a class=\"mh-excerpt-more\" href=\"https:\/\/www.tucomarca.com\/wordpress\/segunda\/ca\/estabilizado-el-incendio-forestal-de-teresa-de-cofrentes\/\" title=\"Estabilitzat l&#8217;incendi forestal de Teresa de Cofrents\">[+] <\/a><\/div>\n","protected":false},"author":12,"featured_media":275643,"comment_status":"open","ping_status":"open","sticky":false,"template":"","format":"standard","meta":{"footnotes":""},"categories":[10951,10898,10948,10894,10903,10896,10897,10958],"tags":[11216,22915,13724,11415],"class_list":{"0":"post-275644","1":"post","2":"type-post","3":"status-publish","4":"format-standard","5":"has-post-thumbnail","7":"category-ayora-cofrentes-ca","8":"category-ventana-ca","9":"category-infraestructuras-ca","10":"category-la-comarca-ca","11":"category-medio-ambiente-la-comarca-ca","12":"category-seccion-ca","13":"category-sucesos-la-comarca-ca","14":"category-teresa-de-cofrentes-ca","15":"tag-ayora-cofrentes-ca","16":"tag-consorcio-de-bomberos-de-valencia-2-ca","17":"tag-incendio-forestal-ca","18":"tag-teresa-de-cofrentes-ca"},"_links":{"self":[{"href":"https:\/\/www.tucomarca.com\/wordpress\/segunda\/ca\/wp-json\/wp\/v2\/posts\/275644","targetHints":{"allow":["GET"]}}],"collection":[{"href":"https:\/\/www.tucomarca.com\/wordpress\/segunda\/ca\/wp-json\/wp\/v2\/posts"}],"about":[{"href":"https:\/\/www.tucomarca.com\/wordpress\/segunda\/ca\/wp-json\/wp\/v2\/types\/post"}],"author":[{"embeddable":true,"href":"https:\/\/www.tucomarca.com\/wordpress\/segunda\/ca\/wp-json\/wp\/v2\/users\/12"}],"replies":[{"embeddable":true,"href":"https:\/\/www.tucomarca.com\/wordpress\/segunda\/ca\/wp-json\/wp\/v2\/comments?post=275644"}],"version-history":[{"count":0,"href":"https:\/\/www.tucomarca.com\/wordpress\/segunda\/ca\/wp-json\/wp\/v2\/posts\/275644\/revisions"}],"wp:featuredmedia":[{"embeddable":true,"href":"https:\/\/www.tucomarca.com\/wordpress\/segunda\/ca\/wp-json\/wp\/v2\/media\/275643"}],"wp:attachment":[{"href":"https:\/\/www.tucomarca.com\/wordpress\/segunda\/ca\/wp-json\/wp\/v2\/media?parent=275644"}],"wp:term":[{"taxonomy":"category","embeddable":true,"href":"https:\/\/www.tucomarca.com\/wordpress\/segunda\/ca\/wp-json\/wp\/v2\/categories?post=275644"},{"taxonomy":"post_tag","embeddable":true,"href":"https:\/\/www.tucomarca.com\/wordpress\/segunda\/ca\/wp-json\/wp\/v2\/tags?post=275644"}],"curies":[{"name":"wp","href":"https:\/\/api.w.org\/{rel}","templated":true}]}}