{"id":275844,"date":"2025-08-18T10:00:00","date_gmt":"2025-08-18T08:00:00","guid":{"rendered":"https:\/\/www.tucomarca.com\/wordpress\/segunda\/?p=275844"},"modified":"2025-08-18T14:14:57","modified_gmt":"2025-08-18T12:14:57","slug":"les-obres-del-palau-de-justicia-de-lliria-es-troben-en-el-tram-final","status":"publish","type":"post","link":"https:\/\/www.tucomarca.com\/wordpress\/segunda\/ca\/les-obres-del-palau-de-justicia-de-lliria-es-troben-en-el-tram-final\/","title":{"rendered":"Les obres del Palau de Just\u00edcia de Ll\u00edria es troben en el tram final"},"content":{"rendered":"\n<h3 class=\"wp-block-heading\">La construcci\u00f3 de la nova seu judicial est\u00e0 al 95 % d\u2019execuci\u00f3 i es preveu que finalitze durant el tercer trimestre de 2025.<\/h3>\n\n\n\n<h3 class=\"wp-block-heading\">Les obres compten amb una inversi\u00f3 de 19,1 milions d\u2019euros de la Generalitat.<\/h3>\n\n\n\n<p>La Conselleria de Just\u00edcia i Administraci\u00f3 P\u00fablica avan\u00e7a en la construcci\u00f3 de la nova seu judicial de Ll\u00edria, que es troba ja en la fase final, amb un 95 % d\u2019execuci\u00f3, segons la certificaci\u00f3 corresponent al mes de juny.&nbsp;<\/p>\n\n\n\n<p>Est\u00e0 previst que les obres, amb una inversi\u00f3 de 19,1 milions d\u2019euros, finalitzen durant el tercer trimestre de 2025.<\/p>\n\n\n\n<p>La nova seu d\u2019este partit judicial de la comarca de Camp de T\u00faria, que at\u00e9n 170.000 persones de 41 municipis, permetr\u00e0 concentrar els \u00f2rgans i servicis judicials que, ara mateix, estan repartits en tres locals diferents.<\/p>\n\n\n\n<p>Esta nova seu judicial s\u2019emmarca dins del pla de modernitzaci\u00f3 de les infraestructures judicials que impulsa la Generalitat, amb l\u2019objectiu de dotar el sistema judicial d\u2019espais adequats, funcionals, que oferisquen un servici m\u00e9s eficient, pr\u00f2xim i accessible a la ciutadania.<\/p>\n\n\n\n<p>El nou Palau de Just\u00edcia de Ll\u00edria estar\u00e0 dotat amb els sistemes m\u00e9s moderns de seguretat i confort t\u00e8rmic i ser\u00e0 completament accessible i sostenible. A m\u00e9s, s\u2019ha fet una reserva d\u2019espai perqu\u00e8 es puguen instal\u00b7lar sis jutjats m\u00e9s en un futur, a m\u00e9s dels huit que hi ha hui dia.<\/p>\n\n\n\n<p><strong>Caracter\u00edstiques del projecte<\/strong><\/p>\n\n\n\n<p>La nova seu es troba en un solar de m\u00e9s de 2.000 metres quadrats en l\u2019avinguda de B\u00e9tera, que dona a tres carrers.&nbsp;<\/p>\n\n\n\n<p>T\u00e9 poc m\u00e9s de 12.000 metres quadrats, que albergaran els huit jutjats que t\u00e9 el partit judicial, si b\u00e9 s\u2019ha dissenyat per a acollir-ne fins a 14 en el futur. Disposar\u00e0 de 75 sales per a diferents usos, 64 despatxos i un aparcament de cinc places en el soterrani primer i 61 places en el soterrani segon.<\/p>\n\n\n\n<p>En la planta baixa se situar\u00e0 el registre civil, que tindr\u00e0 una sala de lact\u00e0ncia, les sales de vistes (que disposaran de zones d\u2019espera, espai per a detinguts i estades segures per a declaracions de v\u00edctimes de manera que es preserve la seua identitat), el jutjat de gu\u00e0rdia amb acc\u00e9s 24 hores independitzat de l\u2019edifici i les depend\u00e8ncies per a l\u2019advocacia i la procura.<\/p>\n\n\n\n<p>Tamb\u00e9 se situar\u00e0 l\u2019Oficina d\u2019Assist\u00e8ncia a les V\u00edctimes del Delicte, la Cl\u00ednica Medicoforense, la Unitat de Valoraci\u00f3 Integral, el gabinet psicosocial i la cambra Gesell (sala dissenyada per a l\u2019observaci\u00f3 encoberta, dividida per un espill de doble visi\u00f3 que permet als observadors vore des d\u2019un costat sense ser vistos des de l\u2019altre).<\/p>\n\n\n\n<p>En la resta de les plantes se situaran els huit \u00f2rgans judicials que t\u00e9 actualment el partit judicial de Ll\u00edria i la fiscalia.<\/p>\n\n\n\n<p><strong>Treballs actuals<\/strong><\/p>\n\n\n\n<p>Actualment, els treballs se centren en els acabats interiors i exteriors de l\u2019edifici. Quant a les fa\u00e7anes, estes es troben pr\u00e0cticament finalitzades, a falta d\u2019alguns remats i del revestiment en pedra en la zona corba de la planta baixa, aix\u00ed com en l\u2019entrada principal i en la rampa d\u2019acc\u00e9s pel carrer Cronista Llu\u00eds Mart\u00ed Ferrando.<\/p>\n\n\n\n<p>En l\u2019acc\u00e9s principal, s\u2019est\u00e0 completant el fals sostre de pedra, i les escales i rampes ja han sigut executades. Tamb\u00e9 s\u2019est\u00e0 impermeabilitzant l\u2019entrada a la sala de bodes.<\/p>\n\n\n\n<p>En l\u2019interior de l\u2019edifici, s\u2019avan\u00e7a en els treballs per plantes. En la sexta i quinta planta s\u2019estan finalitzant els falsos sostres de l\u00e0mines en els vest\u00edbuls d\u2019ascensors i zones d\u2019espera, i s\u2019est\u00e0 aplicant la segona m\u00e0 de pintura i reposant algunes plaques del sostre ac\u00fastic.&nbsp;<\/p>\n\n\n\n<p>En les plantes quarta, tercera i segona s\u2019estan muntant les estructures de l\u00e0mines de fals sostre, i queden pendents la segona capa de pintura, la reposici\u00f3 de plaques i els remats finals. En la primera planta s\u2019est\u00e0 procedint a la col\u00b7locaci\u00f3 de portes emplafonades en les sales d\u2019usos m\u00faltiples, aix\u00ed com als treballs de mampares, sostres i acabats similars.<\/p>\n\n\n\n<p>A m\u00e9s, en la planta baixa s\u2019estan executant els emplafonats ac\u00fastics de fusta en les sales de vistes i zones d\u2019espera, a m\u00e9s de la instal\u00b7laci\u00f3 de portes emplafonades, sostres de l\u00e0mines, mampares del jutjat de gu\u00e0rdia i instal\u00b7lacions generals.&nbsp;<\/p>\n\n\n\n<p>Les zones comunes, com les escales, tamb\u00e9 presenten un grau avan\u00e7at d\u2019execuci\u00f3: les escales restringides estan acabades a falta dels remats de pintura, i en l\u2019escala d\u2019\u00fas p\u00fablic ja s\u2019ha col\u00b7locat la barana d\u2019acer inoxidable, pendent \u00fanicament de la instal\u00b7laci\u00f3 dels vidres.&nbsp;<\/p>\n","protected":false},"excerpt":{"rendered":"<div class=\"mh-excerpt\">La construcci\u00f3 de la nova seu judicial est\u00e0 al 95 % d\u2019execuci\u00f3 i es preveu que finalitze durant el tercer trimestre de 2025. Les obres compten amb una inversi\u00f3 de 19,1 milions d\u2019euros de la <a class=\"mh-excerpt-more\" href=\"https:\/\/www.tucomarca.com\/wordpress\/segunda\/ca\/les-obres-del-palau-de-justicia-de-lliria-es-troben-en-el-tram-final\/\" title=\"Les obres del Palau de Just\u00edcia de Ll\u00edria es troben en el tram final\">[+] <\/a><\/div>\n","protected":false},"author":13,"featured_media":275842,"comment_status":"open","ping_status":"open","sticky":false,"template":"","format":"standard","meta":{"footnotes":""},"categories":[10892,10898,10948,10894,10904,10928,10947,10896],"tags":[10899,12903,11199,11070],"class_list":{"0":"post-275844","1":"post","2":"type-post","3":"status-publish","4":"format-standard","5":"has-post-thumbnail","7":"category-camp-de-turia-ca","8":"category-ventana-ca","9":"category-infraestructuras-ca","10":"category-la-comarca-ca","11":"category-sin-categorizar-ca","12":"category-lliria-ca","13":"category-politica","14":"category-seccion-ca","15":"tag-camp-de-turia-ca","16":"tag-infraestructuras-ca","17":"tag-la-comunitat-ca","18":"tag-lliria-ca"},"_links":{"self":[{"href":"https:\/\/www.tucomarca.com\/wordpress\/segunda\/ca\/wp-json\/wp\/v2\/posts\/275844","targetHints":{"allow":["GET"]}}],"collection":[{"href":"https:\/\/www.tucomarca.com\/wordpress\/segunda\/ca\/wp-json\/wp\/v2\/posts"}],"about":[{"href":"https:\/\/www.tucomarca.com\/wordpress\/segunda\/ca\/wp-json\/wp\/v2\/types\/post"}],"author":[{"embeddable":true,"href":"https:\/\/www.tucomarca.com\/wordpress\/segunda\/ca\/wp-json\/wp\/v2\/users\/13"}],"replies":[{"embeddable":true,"href":"https:\/\/www.tucomarca.com\/wordpress\/segunda\/ca\/wp-json\/wp\/v2\/comments?post=275844"}],"version-history":[{"count":0,"href":"https:\/\/www.tucomarca.com\/wordpress\/segunda\/ca\/wp-json\/wp\/v2\/posts\/275844\/revisions"}],"wp:featuredmedia":[{"embeddable":true,"href":"https:\/\/www.tucomarca.com\/wordpress\/segunda\/ca\/wp-json\/wp\/v2\/media\/275842"}],"wp:attachment":[{"href":"https:\/\/www.tucomarca.com\/wordpress\/segunda\/ca\/wp-json\/wp\/v2\/media?parent=275844"}],"wp:term":[{"taxonomy":"category","embeddable":true,"href":"https:\/\/www.tucomarca.com\/wordpress\/segunda\/ca\/wp-json\/wp\/v2\/categories?post=275844"},{"taxonomy":"post_tag","embeddable":true,"href":"https:\/\/www.tucomarca.com\/wordpress\/segunda\/ca\/wp-json\/wp\/v2\/tags?post=275844"}],"curies":[{"name":"wp","href":"https:\/\/api.w.org\/{rel}","templated":true}]}}