{"id":275850,"date":"2025-08-18T09:00:00","date_gmt":"2025-08-18T07:00:00","guid":{"rendered":"https:\/\/www.tucomarca.com\/wordpress\/segunda\/?p=275850"},"modified":"2025-08-18T14:13:31","modified_gmt":"2025-08-18T12:13:31","slug":"la-generalitat-declara-16-festes-de-interes-turistic-en-la-comunitat-durant-el-primer-semestre-de-2025-entre-elles-la-verema-de-xest-i-la-setmana-santa-daiora","status":"publish","type":"post","link":"https:\/\/www.tucomarca.com\/wordpress\/segunda\/ca\/la-generalitat-declara-16-festes-de-interes-turistic-en-la-comunitat-durant-el-primer-semestre-de-2025-entre-elles-la-verema-de-xest-i-la-setmana-santa-daiora\/","title":{"rendered":"La Generalitat declara 16 festes de \u2018Inter\u00e9s Tur\u00edstic\u2019 en la Comunitat durant el primer semestre de 2025, entre elles la verema de Xest i la Setmana Santa d&#8217;Aiora"},"content":{"rendered":"\n<h3 class=\"wp-block-heading\">La consellera Mari\u00e1n Cano subratlla el valor cultural i tur\u00edstic de les tradicions festives i aposta per la seua preservaci\u00f3 i promoci\u00f3.<\/h3>\n\n\n\n<h3 class=\"wp-block-heading\">Per prov\u00edncies, nou de les festes que han sigut distingides se celebren a Val\u00e8ncia, quatre a Alacant i tres a Castell\u00f3.<\/h3>\n\n\n\n<p>La Generalitat, mitjan\u00e7ant la Direcci\u00f3 General de Turisme, ha atorgat, durant el primer semestre de 2025, un total de 16 noves declaracions de festes d\u2019inter\u00e9s tur\u00edstic en la Comunitat Valenciana. Estes distincions, classificades en les categories auton\u00f2mica, provincial i local, tenen com a objectiu impulsar la projecci\u00f3 de les festivitats tradicionals com a atractiu tur\u00edstic i element d\u2019identitat cultural.<\/p>\n\n\n\n<p>En concret, s\u2019han concedit set declaracions d\u2019inter\u00e9s tur\u00edstic auton\u00f2mic, cinc d\u2019inter\u00e9s tur\u00edstic provincial i quatre d\u2019inter\u00e9s tur\u00edstic local. Esta distinci\u00f3 reconeix aquelles celebracions que destaquen per la seua rellev\u00e0ncia des del punt de vista tur\u00edstic i que reflectixen el valor de la cultura i tradicions populars valencianes.<\/p>\n\n\n\n<p>La consellera d\u2019Innovaci\u00f3, Ind\u00fastria, Comer\u00e7 i Turisme, Mari\u00e1n Cano, ha destacat que \u201cles festes tradicionals representen una oportunitat excepcional per a mostrar al m\u00f3n la riquesa cultural i la diversitat de la Comunitat Valenciana\u201d.<\/p>\n\n\n\n<p>Segons Cano, \u201cles nostres festivitats constitu\u00efxen una senya d\u2019identitat que ens diferencia com a destinaci\u00f3. S\u00f3n expressions d\u2019autenticitat i excel\u00b7l\u00e8ncia que enriquixen l\u2019experi\u00e8ncia dels qui ens visiten\u201d.<\/p>\n\n\n\n<p>La consellera tamb\u00e9 ha assenyalat que estes celebracions \u201ccontribu\u00efxen de manera significativa al desenrotllament econ\u00f2mic, social i cultural dels nostres municipis\u201d, i ha reafirmat el comprom\u00eds del Consell de \u201ccontinuar secundant, difonent i preservant estes manifestacions culturals perqu\u00e8 perduren en el temps i continuen generant valor per a les nostres comunitats\u201d.<\/p>\n\n\n\n<p>Aix\u00ed mateix, Cano ha felicitat els ajuntaments i les comissions festeres per l\u2019esfor\u00e7 realitzat per a obtindre estos reconeixements i ha animat tant residents com turistes \u201ca gaudir i participar en estes festes, moltes de les quals tenen el seu punt \u00e0lgid durant els mesos d\u2019estiu\u201d.<\/p>\n\n\n\n<p><strong>Festes per categoria<\/strong><\/p>\n\n\n\n<p>En concret, les festes d\u2019inter\u00e9s tur\u00edstic auton\u00f2mic declarades durant el primer semestre d\u2019este 2025 s\u00f3n: Sant Antoni del Porquet de Relleu, les Festes Patronals de Sagunt, la Setmana Santa de X\u00e0tiva, les Calderes d\u2019Almassora, la Mostra de Proava a Val\u00e8ncia, la Dans\u00e0 de la Font de la Figuera i les Festes Patronals de Moros i Cristians en honor a la Mare de D\u00e9u de Loreto de Santa Pola.<\/p>\n\n\n\n<p>Les festes d\u2019inter\u00e9s tur\u00edstic provincial que han obtingut este reconeixement des de gener a juny de 2025 s\u00f3n: la Festa de la Verema de Cheste, la Festa del Ball Pla de Sant Mateu, les Festes Patronals de la Font de la Figuera en honor al Sant\u00edssim Crist dels Afligits i a la Mare de D\u00e9u dels Xics, les Festes de Moros i Cristians en honor a Sant Josep i Sant Vicent Ferrer de Busot i la Setmana Santa d\u2019Ayora.<\/p>\n\n\n\n<p>Finalment, les festes d\u2019inter\u00e9s tur\u00edstic local que han obtingut este reconeixement en el primer semestre de l\u2019any s\u00f3n: la Festa de Sant Marc, el Ball de la Bandera i les Caixes de Sant Marc de Beniarj\u00f3, la Festa de Sant Antoni de Marines, la Romeria a l\u2019Ermita de Sant Crist\u00f2fol de Vall d\u2019Alba i la Ruta de la Pilota de Putxero de Senija.<\/p>\n\n\n\n<p><strong>Per prov\u00edncies<\/strong><\/p>\n\n\n\n<p>Per prov\u00edncies, de les 16 declaracions de festes d\u2019inter\u00e9s en la Comunitat Valenciana del primer semestre de l\u2019any, nou han sigut en la prov\u00edncia de Val\u00e8ncia, quatre a Alacant i tres a Castell\u00f3.<\/p>\n\n\n\n<p>Concretament, d\u2019estes 16 declaracions,&nbsp;de les nou reconegudes&nbsp;en la prov\u00edncia de Val\u00e8ncia, quatre s\u00f3n d\u2019inter\u00e9s auton\u00f2mic, tres s\u00f3n d\u2019inter\u00e9s provincial i dos d\u2019inter\u00e9s local.<\/p>\n\n\n\n<p>En la prov\u00edncia d\u2019Alacant, de les quatre festes, dos han sigut d\u2019inter\u00e9s tur\u00edstic auton\u00f2mic, una d\u2019inter\u00e9s tur\u00edstic provincial i una d\u2019inter\u00e9s local. I, a Castell\u00f3, les tres festes declarades corresponen cada una a una categoria diferent.<\/p>\n","protected":false},"excerpt":{"rendered":"<div class=\"mh-excerpt\">La consellera Mari\u00e1n Cano subratlla el valor cultural i tur\u00edstic de les tradicions festives i aposta per la seua preservaci\u00f3 i promoci\u00f3. Per prov\u00edncies, nou de les festes que han sigut distingides se celebren a <a class=\"mh-excerpt-more\" href=\"https:\/\/www.tucomarca.com\/wordpress\/segunda\/ca\/la-generalitat-declara-16-festes-de-interes-turistic-en-la-comunitat-durant-el-primer-semestre-de-2025-entre-elles-la-verema-de-xest-i-la-setmana-santa-daiora\/\" title=\"La Generalitat declara 16 festes de \u2018Inter\u00e9s Tur\u00edstic\u2019 en la Comunitat durant el primer semestre de 2025, entre elles la verema de Xest i la Setmana Santa d&#8217;Aiora\">[+] <\/a><\/div>\n","protected":false},"author":13,"featured_media":261442,"comment_status":"open","ping_status":"open","sticky":false,"template":"","format":"standard","meta":{"footnotes":""},"categories":[10954,10951,10898,10894,10904,10912,11007,10947,10896,10974],"tags":[11163,11216,11071,11199,10914,15856],"class_list":{"0":"post-275850","1":"post","2":"type-post","3":"status-publish","4":"format-standard","5":"has-post-thumbnail","7":"category-ayora-ca","8":"category-ayora-cofrentes-ca","9":"category-ventana-ca","10":"category-la-comarca-ca","11":"category-sin-categorizar-ca","12":"category-la-hoya-ca","13":"category-ocio-y-cultura-ca","14":"category-politica","15":"category-seccion-ca","16":"category-cheste-ca","17":"tag-ayora-ca","18":"tag-ayora-cofrentes-ca","19":"tag-cheste","20":"tag-la-comunitat-ca","21":"tag-la-hoya-de-bunol-chiva-ca","22":"tag-ocio-y-cultura-ca"},"_links":{"self":[{"href":"https:\/\/www.tucomarca.com\/wordpress\/segunda\/ca\/wp-json\/wp\/v2\/posts\/275850","targetHints":{"allow":["GET"]}}],"collection":[{"href":"https:\/\/www.tucomarca.com\/wordpress\/segunda\/ca\/wp-json\/wp\/v2\/posts"}],"about":[{"href":"https:\/\/www.tucomarca.com\/wordpress\/segunda\/ca\/wp-json\/wp\/v2\/types\/post"}],"author":[{"embeddable":true,"href":"https:\/\/www.tucomarca.com\/wordpress\/segunda\/ca\/wp-json\/wp\/v2\/users\/13"}],"replies":[{"embeddable":true,"href":"https:\/\/www.tucomarca.com\/wordpress\/segunda\/ca\/wp-json\/wp\/v2\/comments?post=275850"}],"version-history":[{"count":0,"href":"https:\/\/www.tucomarca.com\/wordpress\/segunda\/ca\/wp-json\/wp\/v2\/posts\/275850\/revisions"}],"wp:featuredmedia":[{"embeddable":true,"href":"https:\/\/www.tucomarca.com\/wordpress\/segunda\/ca\/wp-json\/wp\/v2\/media\/261442"}],"wp:attachment":[{"href":"https:\/\/www.tucomarca.com\/wordpress\/segunda\/ca\/wp-json\/wp\/v2\/media?parent=275850"}],"wp:term":[{"taxonomy":"category","embeddable":true,"href":"https:\/\/www.tucomarca.com\/wordpress\/segunda\/ca\/wp-json\/wp\/v2\/categories?post=275850"},{"taxonomy":"post_tag","embeddable":true,"href":"https:\/\/www.tucomarca.com\/wordpress\/segunda\/ca\/wp-json\/wp\/v2\/tags?post=275850"}],"curies":[{"name":"wp","href":"https:\/\/api.w.org\/{rel}","templated":true}]}}