{"id":275858,"date":"2025-08-18T08:00:00","date_gmt":"2025-08-18T06:00:00","guid":{"rendered":"https:\/\/www.tucomarca.com\/wordpress\/segunda\/?p=275858"},"modified":"2025-08-18T14:09:03","modified_gmt":"2025-08-18T12:09:03","slug":"lluis-homar-interpreta-a-ladriano-de-marguerite-yourcenar-en-el-teatre-roma-de-sagunt-a-escena","status":"publish","type":"post","link":"https:\/\/www.tucomarca.com\/wordpress\/segunda\/ca\/lluis-homar-interpreta-a-ladriano-de-marguerite-yourcenar-en-el-teatre-roma-de-sagunt-a-escena\/","title":{"rendered":"Llu\u00eds Homar interpreta a l&#8217;Adriano de Marguerite Yourcenar en el Teatre Rom\u00e0 de Sagunt a Escena"},"content":{"rendered":"\n<h3 class=\"wp-block-heading\">L&#8217;actor catal\u00e0 es fica en la pell del mandatari en les seues hores de major reflexi\u00f3 i soledat.<\/h3>\n\n\n\n<h3 class=\"wp-block-heading\">\u2018Donya Rosita la soltera\u2019, una altra de les obres programades,\u00a0uneix l&#8217;univers lorqui\u00e0 amb la cultura musical popular.<\/h3>\n\n\n<div class=\"wp-block-image\">\n<figure class=\"alignleft size-full is-resized\"><img loading=\"lazy\" decoding=\"async\" width=\"542\" height=\"813\" src=\"http:\/\/www.tucomarca.com\/wordpress\/segunda\/wp-content\/uploads\/2025\/08\/EDUC_FOTO_SAE_Adriano1.jpg\" alt=\"\" class=\"wp-image-275853\" style=\"width:316px;height:auto\" srcset=\"https:\/\/www.tucomarca.com\/wordpress\/segunda\/wp-content\/uploads\/2025\/08\/EDUC_FOTO_SAE_Adriano1.jpg 542w, https:\/\/www.tucomarca.com\/wordpress\/segunda\/wp-content\/uploads\/2025\/08\/EDUC_FOTO_SAE_Adriano1-200x300.jpg 200w\" sizes=\"auto, (max-width: 542px) 100vw, 542px\" \/><\/figure>\n<\/div>\n\n\n<p>El festival Sagunt a Escena, organitzat per la Conselleria d&#8217;Educaci\u00f3, Cultura, Universitats i Ocupaci\u00f3 a trav\u00e9s del Institut Valenci\u00e0 de Cultura (IVC), rep el 21 d&#8217;agost la m\u00e9s recent posada en escena de \u2018Mem\u00f2ries d&#8217;Adriano\u2019, un dels textos m\u00e9s c\u00e8lebres de l&#8217;autora anglesa Marguerite Yourcenar.<\/p>\n\n\n\n<p>Llu\u00eds Homar, un dels grans actors del teatre espanyol, es fica en la pell del mandatari rom\u00e0. L&#8217;emperador d&#8217;origen hisp\u00e0 va ser tan savi com contradictori, tan magn\u00edfic com cec de la realitat que li envoltava. Tota eixa paleta d&#8217;humanitat i desdoblament \u00e9s el que va reflectir Yourcenar en una obra plena de lirisme en la qual els ressons de la soledat d&#8217;Adriano ressonen en l&#8217;actualitat del poder, de la pol\u00edtica i de la creaci\u00f3 d&#8217;una imatge p\u00fablica.<\/p>\n\n\n\n<p>Amb dramat\u00fargia de Brenda Escobedo i direcci\u00f3 de Beatriz Ja\u00e9n, aquesta nova posada en escena del qual \u00e9s ja un cl\u00e0ssic dels escenaris s&#8217;ha estrenat el passat 6 d&#8217;agost en el festival de M\u00e8rida, productor de l&#8217;obra al costat del teatre Romea de Barcelona.<\/p>\n\n\n\n<p>Clara Mingueza, Marc Domingo, Alvar Nahuel, Xavi Casan, Ricard Boyle acompanyen a Homar en el teatre de Sagunt.<\/p>\n\n\n\n<p><strong>Lorca i Raffaella Carr\u00e1 junts en \u2018Donya Rosita la soltera\u2019<\/strong><\/p>\n\n\n\n<p>El 19 d&#8217;agost, l&#8217;Auditori Triangulo Llindar del Port de Sagunt ser\u00e0 l&#8217;escenari d&#8217;una irreverent relectura de \u2018Donya Rosita la soltera\u2019 amb dramat\u00fargia de Marc Rosich.<\/p>\n\n\n\n<p>En aquesta proposta, l&#8217;univers lorqui\u00e0 s&#8217;entrella\u00e7a amb els \u00e8xits musicals de Raffaella Carr\u00e0, que serveixen de contrapunt festiu a la hist\u00f2ria de l&#8217;eterna soltera. La intenci\u00f3 \u00e9s despullar dels tocs andalusos rurals a aquest text universal per a ampliar el seu abast m\u00e9s enll\u00e0 de l&#8217;Andalusia dels anys trenta.<\/p>\n\n\n\n<p>\u201cEls himnes de la diva italiana, plens de desenganys amorosos i amants que no responen al tel\u00e8fon, sempre recordant-nos la del\u00edcia que \u00e9s estimar i el b\u00e9 que s&#8217;estima en el sud, s\u00f3n l&#8217;ir\u00f2nic contrapunt als \u00faltims dies de la nostra rasa i gastada Rosita\u201d, ha destacat el seu autor.<\/p>\n\n\n\n<p>El p\u00fablic estar\u00e0 disposat a quatre bandes per a accentuar la mirada inquisidora de la societat cap als qui no encaixen en els motles establits.<\/p>\n\n\n\n<p>Segons ha destacat la directora del festival, Mar\u00eda Jos\u00e9 Mora, &#8220;Sagunt a Escena torna a demostrar la seua capacitat per a dialogar amb la tradici\u00f3 des de la mirada del present i amb l&#8217;\u00fas de la m\u00fasica, convertint-se en un espai de gaudi cultural per a tots els p\u00fablics&#8221;.<\/p>\n\n\n\n<p>Sagunt a Escena \u00e9s un festival organitzat pel Institut Valenci\u00e0 de Cultura amb la col\u00b7laboraci\u00f3 de l&#8217;Ajuntament de Sagunt i l&#8217;\u00e0rea de teatres de la Diputaci\u00f3 de Val\u00e8ncia. En la seua 42 edici\u00f3, se celebra del 31 de juliol al 23 d&#8217;agost de 2025 en el Teatre Rom\u00e0 i altres espais de Sagunt.<\/p>\n","protected":false},"excerpt":{"rendered":"<div class=\"mh-excerpt\">L&#8217;actor catal\u00e0 es fica en la pell del mandatari en les seues hores de major reflexi\u00f3 i soledat. \u2018Donya Rosita la soltera\u2019, una altra de les obres programades,\u00a0uneix l&#8217;univers lorqui\u00e0 amb la cultura musical popular. <a class=\"mh-excerpt-more\" href=\"https:\/\/www.tucomarca.com\/wordpress\/segunda\/ca\/lluis-homar-interpreta-a-ladriano-de-marguerite-yourcenar-en-el-teatre-roma-de-sagunt-a-escena\/\" title=\"Llu\u00eds Homar interpreta a l&#8217;Adriano de Marguerite Yourcenar en el Teatre Rom\u00e0 de Sagunt a Escena\">[+] <\/a><\/div>\n","protected":false},"author":13,"featured_media":275856,"comment_status":"open","ping_status":"open","sticky":false,"template":"","format":"standard","meta":{"footnotes":""},"categories":[11019,10898,10904,11007,10896],"tags":[11199,15856,21067],"class_list":{"0":"post-275858","1":"post","2":"type-post","3":"status-publish","4":"format-standard","5":"has-post-thumbnail","7":"category-agenda-ca","8":"category-ventana-ca","9":"category-sin-categorizar-ca","10":"category-ocio-y-cultura-ca","11":"category-seccion-ca","12":"tag-la-comunitat-ca","13":"tag-ocio-y-cultura-ca","14":"tag-sagunt-a-escena-ca"},"_links":{"self":[{"href":"https:\/\/www.tucomarca.com\/wordpress\/segunda\/ca\/wp-json\/wp\/v2\/posts\/275858","targetHints":{"allow":["GET"]}}],"collection":[{"href":"https:\/\/www.tucomarca.com\/wordpress\/segunda\/ca\/wp-json\/wp\/v2\/posts"}],"about":[{"href":"https:\/\/www.tucomarca.com\/wordpress\/segunda\/ca\/wp-json\/wp\/v2\/types\/post"}],"author":[{"embeddable":true,"href":"https:\/\/www.tucomarca.com\/wordpress\/segunda\/ca\/wp-json\/wp\/v2\/users\/13"}],"replies":[{"embeddable":true,"href":"https:\/\/www.tucomarca.com\/wordpress\/segunda\/ca\/wp-json\/wp\/v2\/comments?post=275858"}],"version-history":[{"count":0,"href":"https:\/\/www.tucomarca.com\/wordpress\/segunda\/ca\/wp-json\/wp\/v2\/posts\/275858\/revisions"}],"wp:featuredmedia":[{"embeddable":true,"href":"https:\/\/www.tucomarca.com\/wordpress\/segunda\/ca\/wp-json\/wp\/v2\/media\/275856"}],"wp:attachment":[{"href":"https:\/\/www.tucomarca.com\/wordpress\/segunda\/ca\/wp-json\/wp\/v2\/media?parent=275858"}],"wp:term":[{"taxonomy":"category","embeddable":true,"href":"https:\/\/www.tucomarca.com\/wordpress\/segunda\/ca\/wp-json\/wp\/v2\/categories?post=275858"},{"taxonomy":"post_tag","embeddable":true,"href":"https:\/\/www.tucomarca.com\/wordpress\/segunda\/ca\/wp-json\/wp\/v2\/tags?post=275858"}],"curies":[{"name":"wp","href":"https:\/\/api.w.org\/{rel}","templated":true}]}}