{"id":276020,"date":"2025-08-19T09:15:00","date_gmt":"2025-08-19T07:15:00","guid":{"rendered":"https:\/\/www.tucomarca.com\/wordpress\/segunda\/?p=276020"},"modified":"2025-08-19T12:54:16","modified_gmt":"2025-08-19T10:54:16","slug":"la-unio-denuncia-labando-de-mes-de-6-000-hectarees-dolivar-en-la-comunitat-valenciana-en-els-ultims-cinc-anys","status":"publish","type":"post","link":"https:\/\/www.tucomarca.com\/wordpress\/segunda\/ca\/la-unio-denuncia-labando-de-mes-de-6-000-hectarees-dolivar-en-la-comunitat-valenciana-en-els-ultims-cinc-anys\/","title":{"rendered":"La Uni\u00f3 denuncia l&#8217;aband\u00f3 de m\u00e9s de 6.000 hect\u00e0rees d&#8217;olivar en la Comunitat Valenciana en els \u00faltims cinc anys"},"content":{"rendered":"\n<h3 class=\"wp-block-heading\">La baixa rendibilitat i la falta de suport al model mediterrani de cultiu, claus d&#8217;eixa situaci\u00f3.<\/h3>\n\n\n\n<h3 class=\"wp-block-heading\">L&#8217;organitzaci\u00f3 proposa una reforma estructural de les ajudes de la PAC per a fer-les realment \u00fatils per a l&#8217;olivar valenci\u00e0.<\/h3>\n\n\n\n<p>La Uni\u00f3 Llauradora denuncia l&#8217;aband\u00f3 progressiu de la superf\u00edcie de cultiu d&#8217;olivar en la Comunitat Valenciana durant els \u00faltims anys amb un total de 16.455 hect\u00e0rees abandonades, de les quals 6.322 d&#8217;elles s\u00f3n en el transcurs dels \u00faltims cinc anys.<\/p>\n\n\n\n<p>A pesar de que la superf\u00edcie d&#8217;olivar en la Comunitat Valenciana es mant\u00e9 estable segons les dades oficials, la realitat productiva evid\u00e8ncia per a l&#8217;organitzaci\u00f3 un aband\u00f3 estructural creixent a conseq\u00fc\u00e8ncia de la baixa rendibilitat i la falta de suport adaptat al model mediterrani de cultiu.<\/p>\n\n\n\n<p>Segons l&#8217;enquesta de superf\u00edcies i rendiments de cultius del Ministeri d&#8217;Agricultura per a l&#8217;any 2024, la superf\u00edcie total d&#8217;olivar en la Comunitat Valenciana \u00e9s de 94.782 hect\u00e0rees, una xifra pr\u00e0cticament id\u00e8ntica a la de fa deu anys (+0,28% respecte a 2015). No obstant aix\u00f2, aquesta dada amaga una altra realitat i \u00e9s la que d&#8217;eixe total hi ha 16.455 hect\u00e0rees abandonades.<\/p>\n\n\n\n<p>\u201cEstem davant un aband\u00f3 silenci\u00f3s. La superf\u00edcie es mant\u00e9, per\u00f2 cada any m\u00e9s hect\u00e0rees deixen de produir, i aix\u00f2 posa en risc el nostre paisatge, el nostre entorn rural i la nostra sobirania aliment\u00e0ria\u201d, ha assenyalat Enric Sim\u00f3, responsable de la sectorial de l&#8217;oli de La Uni\u00f3.<\/p>\n\n\n\n<p>Aquest aband\u00f3 es concentra especialment en les zones de sec\u00e0, on la falta de rendibilitat i la dificultat d&#8217;acc\u00e9s a ajudes europees adequades a les condicions agroclim\u00e0tiques valencianes fan inviable la continu\u00eftat de moltes explotacions.<\/p>\n\n\n\n<p>Un altre factor que confirma aquesta tend\u00e8ncia \u00e9s l&#8217;escassa implantaci\u00f3 de pr\u00e0ctiques agroambientals que donen acc\u00e9s a ajudes de la PAC. Nom\u00e9s el 14,97% de la superf\u00edcie d&#8217;olivar disposa de cobertes vegetals \u2013espont\u00e0nies o sembrades\u2013, requisit per a accedir a mesures com el P6 o el P7 que donen acc\u00e9s a cobrar per aquesta pr\u00e0ctica.<\/p>\n\n\n\n<p>Des de La Uni\u00f3 es proposa una reforma estructural de les ajudes de la PAC per a fer-les realment \u00fatils per a l&#8217;olivar valenci\u00e0. En aquest sentit, demana una adaptaci\u00f3 de les ajudes a les condicions del cultiu mediterrani i de sec\u00e0, un reconeixement del valor ecosist\u00e8mic i territorial de l&#8217;olivar tradicional, aix\u00ed com la creaci\u00f3 d&#8217;una l\u00ednia espec\u00edfica d&#8217;ajuda de la Conselleria d&#8217;Agricultura per al manteniment i recuperaci\u00f3 d&#8217;olivars abandonats.<\/p>\n\n\n\n<p>\u201cEl sector necessita pol\u00edtiques que entenguen la seua realitat. No podem aplicar un model homogeni pensat per a grans finques de regadiu quan nostre paisatge agr\u00edcola est\u00e0 format majorit\u00e0riament per explotacions xicotetes, amb cultius tradicionals i una funci\u00f3 social i ambiental clau\u201d, conclou Enric Sim\u00f3.<\/p>\n","protected":false},"excerpt":{"rendered":"<div class=\"mh-excerpt\">La baixa rendibilitat i la falta de suport al model mediterrani de cultiu, claus d&#8217;eixa situaci\u00f3. L&#8217;organitzaci\u00f3 proposa una reforma estructural de les ajudes de la PAC per a fer-les realment \u00fatils per a l&#8217;olivar <a class=\"mh-excerpt-more\" href=\"https:\/\/www.tucomarca.com\/wordpress\/segunda\/ca\/la-unio-denuncia-labando-de-mes-de-6-000-hectarees-dolivar-en-la-comunitat-valenciana-en-els-ultims-cinc-anys\/\" title=\"La Uni\u00f3 denuncia l&#8217;aband\u00f3 de m\u00e9s de 6.000 hect\u00e0rees d&#8217;olivar en la Comunitat Valenciana en els \u00faltims cinc anys\">[+] <\/a><\/div>\n","protected":false},"author":13,"featured_media":276018,"comment_status":"open","ping_status":"open","sticky":false,"template":"","format":"standard","meta":{"footnotes":""},"categories":[10890,10905,10898,10948,10963,10894,10904,10912,10903,10896],"tags":[11309,11199,21082],"class_list":{"0":"post-276020","1":"post","2":"type-post","3":"status-publish","4":"format-standard","5":"has-post-thumbnail","7":"category-ademus","8":"category-agricultura-la-comarca-ca","9":"category-ventana-ca","10":"category-infraestructuras-ca","11":"category-la-canal-de-navarres-ca","12":"category-la-comarca-ca","13":"category-sin-categorizar-ca","14":"category-la-hoya-ca","15":"category-medio-ambiente-la-comarca-ca","16":"category-seccion-ca","17":"tag-agricultura-ca","18":"tag-la-comunitat-ca","19":"tag-la-unio-llauradora-i-ramadera-ca"},"_links":{"self":[{"href":"https:\/\/www.tucomarca.com\/wordpress\/segunda\/ca\/wp-json\/wp\/v2\/posts\/276020","targetHints":{"allow":["GET"]}}],"collection":[{"href":"https:\/\/www.tucomarca.com\/wordpress\/segunda\/ca\/wp-json\/wp\/v2\/posts"}],"about":[{"href":"https:\/\/www.tucomarca.com\/wordpress\/segunda\/ca\/wp-json\/wp\/v2\/types\/post"}],"author":[{"embeddable":true,"href":"https:\/\/www.tucomarca.com\/wordpress\/segunda\/ca\/wp-json\/wp\/v2\/users\/13"}],"replies":[{"embeddable":true,"href":"https:\/\/www.tucomarca.com\/wordpress\/segunda\/ca\/wp-json\/wp\/v2\/comments?post=276020"}],"version-history":[{"count":0,"href":"https:\/\/www.tucomarca.com\/wordpress\/segunda\/ca\/wp-json\/wp\/v2\/posts\/276020\/revisions"}],"wp:featuredmedia":[{"embeddable":true,"href":"https:\/\/www.tucomarca.com\/wordpress\/segunda\/ca\/wp-json\/wp\/v2\/media\/276018"}],"wp:attachment":[{"href":"https:\/\/www.tucomarca.com\/wordpress\/segunda\/ca\/wp-json\/wp\/v2\/media?parent=276020"}],"wp:term":[{"taxonomy":"category","embeddable":true,"href":"https:\/\/www.tucomarca.com\/wordpress\/segunda\/ca\/wp-json\/wp\/v2\/categories?post=276020"},{"taxonomy":"post_tag","embeddable":true,"href":"https:\/\/www.tucomarca.com\/wordpress\/segunda\/ca\/wp-json\/wp\/v2\/tags?post=276020"}],"curies":[{"name":"wp","href":"https:\/\/api.w.org\/{rel}","templated":true}]}}