{"id":276130,"date":"2025-08-19T08:00:00","date_gmt":"2025-08-19T06:00:00","guid":{"rendered":"https:\/\/www.tucomarca.com\/wordpress\/segunda\/?p=276130"},"modified":"2025-08-19T18:44:40","modified_gmt":"2025-08-19T16:44:40","slug":"mor-la-dona-que-va-denunciar-a-la-seua-parella-per-retindre-la-durant-dotze-dies-a-lliria","status":"publish","type":"post","link":"https:\/\/www.tucomarca.com\/wordpress\/segunda\/ca\/mor-la-dona-que-va-denunciar-a-la-seua-parella-per-retindre-la-durant-dotze-dies-a-lliria\/","title":{"rendered":"Mor la dona que va denunciar a la seua parella per retindre-la durant dotze dies a Ll\u00edria"},"content":{"rendered":"\n<h3 class=\"wp-block-heading\">La dona s&#8217;ha precipitat des d&#8217;un cinqu\u00e9 pis d&#8217;un edifici de sis plantes i no es descarta que haja sigut de manera intencionada.<\/h3>\n\n\n\n<p>La dona que setmanes arrere es va escapar i va denunciar a la seua parella sentimental, un home de 57 anys, per haver-la tingut tancada durant dotze dies en un habitatge de Ll\u00edria ha mort aquest dilluns en precipitar-se des d&#8217;un cinqu\u00e9 pis d&#8217;un edifici de sis altures situat a Ll\u00edria. Encara que els investigadors que s&#8217;han fet c\u00e0rrec del cas encara desconeixen les causes de la caiguda mortal, descarten inicialment que es puga tractar d&#8217;un homicidi, segons informen fonts de tota solv\u00e8ncia a aquest diari.<\/p>\n","protected":false},"excerpt":{"rendered":"<div class=\"mh-excerpt\">La dona s&#8217;ha precipitat des d&#8217;un cinqu\u00e9 pis d&#8217;un edifici de sis plantes i no es descarta que haja sigut de manera intencionada. La dona que setmanes arrere es va escapar i va denunciar a <a class=\"mh-excerpt-more\" href=\"https:\/\/www.tucomarca.com\/wordpress\/segunda\/ca\/mor-la-dona-que-va-denunciar-a-la-seua-parella-per-retindre-la-durant-dotze-dies-a-lliria\/\" title=\"Mor la dona que va denunciar a la seua parella per retindre-la durant dotze dies a Ll\u00edria\">[+] <\/a><\/div>\n","protected":false},"author":1,"featured_media":109958,"comment_status":"open","ping_status":"open","sticky":false,"template":"","format":"standard","meta":{"footnotes":""},"categories":[10892,10898,10894,10928,10896,10897],"tags":[10899,22930,11070],"class_list":{"0":"post-276130","1":"post","2":"type-post","3":"status-publish","4":"format-standard","5":"has-post-thumbnail","7":"category-camp-de-turia-ca","8":"category-ventana-ca","9":"category-la-comarca-ca","10":"category-lliria-ca","11":"category-seccion-ca","12":"category-sucesos-la-comarca-ca","13":"tag-camp-de-turia-ca","14":"tag-fallecida-ca","15":"tag-lliria-ca"},"_links":{"self":[{"href":"https:\/\/www.tucomarca.com\/wordpress\/segunda\/ca\/wp-json\/wp\/v2\/posts\/276130","targetHints":{"allow":["GET"]}}],"collection":[{"href":"https:\/\/www.tucomarca.com\/wordpress\/segunda\/ca\/wp-json\/wp\/v2\/posts"}],"about":[{"href":"https:\/\/www.tucomarca.com\/wordpress\/segunda\/ca\/wp-json\/wp\/v2\/types\/post"}],"author":[{"embeddable":true,"href":"https:\/\/www.tucomarca.com\/wordpress\/segunda\/ca\/wp-json\/wp\/v2\/users\/1"}],"replies":[{"embeddable":true,"href":"https:\/\/www.tucomarca.com\/wordpress\/segunda\/ca\/wp-json\/wp\/v2\/comments?post=276130"}],"version-history":[{"count":0,"href":"https:\/\/www.tucomarca.com\/wordpress\/segunda\/ca\/wp-json\/wp\/v2\/posts\/276130\/revisions"}],"wp:featuredmedia":[{"embeddable":true,"href":"https:\/\/www.tucomarca.com\/wordpress\/segunda\/ca\/wp-json\/wp\/v2\/media\/109958"}],"wp:attachment":[{"href":"https:\/\/www.tucomarca.com\/wordpress\/segunda\/ca\/wp-json\/wp\/v2\/media?parent=276130"}],"wp:term":[{"taxonomy":"category","embeddable":true,"href":"https:\/\/www.tucomarca.com\/wordpress\/segunda\/ca\/wp-json\/wp\/v2\/categories?post=276130"},{"taxonomy":"post_tag","embeddable":true,"href":"https:\/\/www.tucomarca.com\/wordpress\/segunda\/ca\/wp-json\/wp\/v2\/tags?post=276130"}],"curies":[{"name":"wp","href":"https:\/\/api.w.org\/{rel}","templated":true}]}}