{"id":276172,"date":"2025-08-20T11:30:00","date_gmt":"2025-08-20T09:30:00","guid":{"rendered":"https:\/\/www.tucomarca.com\/wordpress\/segunda\/?p=276172"},"modified":"2025-08-20T13:01:06","modified_gmt":"2025-08-20T11:01:06","slug":"la-generalitat-inicia-els-treballs-per-a-implantar-un-tipus-dasfalt-fonoabsorbente-en-la-cv-35","status":"publish","type":"post","link":"https:\/\/www.tucomarca.com\/wordpress\/segunda\/ca\/la-generalitat-inicia-els-treballs-per-a-implantar-un-tipus-dasfalt-fonoabsorbente-en-la-cv-35\/","title":{"rendered":"La Generalitat inicia els treballs per a implantar un tipus d&#8217;asfalt fonoabsorbente en la CV-35"},"content":{"rendered":"\n<h3 class=\"wp-block-heading\">Vicente Mart\u00ednez Mus destaca que \u201caquestes mesures correctores van destinades a mitigar l&#8217;impacte ac\u00fastic en aquesta carretera\u201d.<\/h3>\n\n\n\n<h3 class=\"wp-block-heading\">Les obres es realitzen en horari nocturn\u00a0per a reduir els efectes sobre el tr\u00e0nsit\u00a0i es prolongaran diversos mesos.<\/h3>\n\n\n\n<p>La Generalitat ha iniciat els treballs per a implantar un tipus d&#8217;asfalt fonoabsorbente en la CV-35, com a part de les tasques de millora i manteniment d&#8217;aquesta autovia, amb l&#8217;objectiu de reduir l&#8217;impacte ac\u00fastic en els habitatges de les poblacions que travessa l&#8217;autovia.<\/p>\n\n\n\n<p>Tal com ha indicat el conseller de Medi Ambient, Infraestructures i Territori, Vicente Mart\u00ednez Mus, \u201caquestes mesures correctores van destinades a mitigar l&#8217;impacte ac\u00fastic en aquesta carretera, on s&#8217;implantar\u00e0 un asfalt similar al que ja s&#8217;ha realitzat en l&#8217;enlla\u00e7 de l&#8217;autovia CV-35 amb la CV-25 a Ll\u00edria\u201d.<\/p>\n\n\n\n<p>Aquesta actuaci\u00f3, que escomet l&#8217;empresa concession\u00e0ria de la carretera, \u201cresulta essencial per a abordar una problem\u00e0tica que afecta durant anys al municipi de Burjassot, oferint un major confort i seguretat als usuaris de la via\u201d, ha explicat Mart\u00ednez Mus.<\/p>\n\n\n\n<p>La menor emissi\u00f3 de soroll es deu al fet que la mescla asf\u00e0ltica cont\u00e9 una major quantitat de lligant (betum) que embolica a l&#8217;\u00e0rid i a la incorporaci\u00f3 en la mescla de fibres org\u00e0nica d&#8217;alta qualitat a partir de mat\u00e8ries primeres vegetals (p\u00e8l\u00b7lets de cel\u00b7lulosa) que absorbeixen i per tant redueixen el soroll projectat a l&#8217;exterior.<\/p>\n\n\n\n<p>D&#8217;aquesta manera, els treballs consistiran en la renovaci\u00f3 del ferm i en el pintat de les marques vi\u00e0ries en el tram compr\u00e9s entre els punts quilom\u00e8trics 2+200 (Glorieta del Palau de Congressos) al 13+750 (terme municipal de Sant Antoni de Benaixeve). A m\u00e9s, es procedir\u00e0 a la renovaci\u00f3 del ferm en tots els enlla\u00e7os i ramals dels trams indicats, actuant en els termes municipals de Val\u00e8ncia, Burjassot, Paterna i Sant Antoni de Benaixeve.<\/p>\n\n\n\n<p>L&#8217;actuaci\u00f3 tamb\u00e9 inclou l&#8217;asfaltat de l&#8217;enlla\u00e7 del punt quilom\u00e8tric 4+650 (enlla\u00e7 \u00c0 Punt i Fira de Val\u00e8ncia- Burjassot), aix\u00ed com tots els ramals d&#8217;aquest enlla\u00e7. En aquesta iniciativa s&#8217;utilitzaran al voltant de 25.000 tones de mescles asf\u00e0ltiques del tipus SMA-8, que a m\u00e9s de complir amb la seua funci\u00f3 de confort, seguretat i durabilitat que requereix una capa de rodadura en contacte directe amb els vehicles, com s&#8217;ha indicat, ofereix unes caracter\u00edstiques addicionals pel que fa a la reducci\u00f3 de soroll que provoca el contacte pneum\u00e0tic-paviment.&nbsp;<\/p>\n\n\n\n<p><strong>Horari nocturn<br><\/strong><br>Cal destacar que els treballs en el tronc de l&#8217;autovia es realitzen sempre en horari nocturn, ja que \u00e9s llavors quan disminueix notablement el volum de tr\u00e0nsit rodat per la via r\u00e0pida i requeriran de desviaments alternatius del tr\u00e0nsit per fora del tronc de la CV-35, que s&#8217;aniran informant degudament i amb anterioritat a trav\u00e9s dels b\u00e0ndols i canals de xarxes socials dels municipis afectats.<\/p>\n\n\n\n<p>Els treballs, que es van iniciar el passat 6 de juliol amb actuacions preliminars de saneos i apeda\u00e7aments puntuals, passaran de manera definitiva al tronc de la CV-35 la nit del 3 d&#8217;agost, prolongant-se durant els mesos d&#8217;agost i setembre, primer en sentit creixent des de Val\u00e8ncia fins al PK 13+700 en el terme municipal de Sant Antoni de Benaixeve per a tornar, a continuaci\u00f3, en sentit descendent cap a Val\u00e8ncia.&nbsp;<\/p>\n\n\n\n<p>La CV-35, al seu pas per Burjassot, s&#8217;ha convertit en una de les principals art\u00e8ries d&#8217;entrada a Val\u00e8ncia, amb un tr\u00e0nsit diari que aconsegueix els 115.000 vehicles. La implantaci\u00f3 de mesures com aquesta ha destacat el conseller, \u201cno sols busca millorar la qualitat de vida dels residents, sin\u00f3 que tamb\u00e9 respon a un comprom\u00eds m\u00e9s ampli per part del Consell en la promoci\u00f3 d&#8217;un entorn urb\u00e0 sostenible i saludable\u201d.<\/p>\n\n\n\n<p>A m\u00e9s, aquest eix dona acc\u00e9s directe a importants pols productius, com el Pol\u00edgon del Pla de Carrases, eix estrat\u00e8gic de desenvolupament per a grans signatures nacionals i internacionals del sector tecnol\u00f2gic i industrial.<\/p>\n\n\n\n<p>Finalment, Mart\u00ednez Mus ha detallat que, en el marc de reasfaltat de la via, \u201cl&#8217;actuaci\u00f3 es completar\u00e0 amb la modernitzaci\u00f3 de tota la marca vi\u00e0ria i abalisament, que se suma a la recentment renovada senyalitzaci\u00f3 vertical i modernitzaci\u00f3 de tot el sistema d&#8217;enllumenat de la CV-35 a tecnologia LED en aquests \u00faltims anys\u201d.<\/p>\n\n\n\n<figure class=\"wp-block-image size-large\"><img loading=\"lazy\" decoding=\"async\" width=\"1024\" height=\"576\" src=\"http:\/\/www.tucomarca.com\/wordpress\/segunda\/wp-content\/uploads\/2025\/08\/MED_CV35_01-1024x576.jpg\" alt=\"\" class=\"wp-image-276167\" srcset=\"https:\/\/www.tucomarca.com\/wordpress\/segunda\/wp-content\/uploads\/2025\/08\/MED_CV35_01-1024x576.jpg 1024w, https:\/\/www.tucomarca.com\/wordpress\/segunda\/wp-content\/uploads\/2025\/08\/MED_CV35_01-300x169.jpg 300w, https:\/\/www.tucomarca.com\/wordpress\/segunda\/wp-content\/uploads\/2025\/08\/MED_CV35_01-768x432.jpg 768w, https:\/\/www.tucomarca.com\/wordpress\/segunda\/wp-content\/uploads\/2025\/08\/MED_CV35_01-1536x864.jpg 1536w, https:\/\/www.tucomarca.com\/wordpress\/segunda\/wp-content\/uploads\/2025\/08\/MED_CV35_01-2048x1152.jpg 2048w, https:\/\/www.tucomarca.com\/wordpress\/segunda\/wp-content\/uploads\/2025\/08\/MED_CV35_01-678x381.jpg 678w\" sizes=\"auto, (max-width: 1024px) 100vw, 1024px\" \/><\/figure>\n","protected":false},"excerpt":{"rendered":"<div class=\"mh-excerpt\">Vicente Mart\u00ednez Mus destaca que \u201caquestes mesures correctores van destinades a mitigar l&#8217;impacte ac\u00fastic en aquesta carretera\u201d. Les obres es realitzen en horari nocturn\u00a0per a reduir els efectes sobre el tr\u00e0nsit\u00a0i es prolongaran diversos mesos. <a class=\"mh-excerpt-more\" href=\"https:\/\/www.tucomarca.com\/wordpress\/segunda\/ca\/la-generalitat-inicia-els-treballs-per-a-implantar-un-tipus-dasfalt-fonoabsorbente-en-la-cv-35\/\" title=\"La Generalitat inicia els treballs per a implantar un tipus d&#8217;asfalt fonoabsorbente en la CV-35\">[+] <\/a><\/div>\n","protected":false},"author":13,"featured_media":276170,"comment_status":"open","ping_status":"open","sticky":false,"template":"","format":"standard","meta":{"footnotes":""},"categories":[10892,10898,10948,10894,10904,10928,10903,10947,10934,10896],"tags":[10899,12903,11199,11070],"class_list":{"0":"post-276172","1":"post","2":"type-post","3":"status-publish","4":"format-standard","5":"has-post-thumbnail","7":"category-camp-de-turia-ca","8":"category-ventana-ca","9":"category-infraestructuras-ca","10":"category-la-comarca-ca","11":"category-sin-categorizar-ca","12":"category-lliria-ca","13":"category-medio-ambiente-la-comarca-ca","14":"category-politica","15":"category-san-antonio-de-benageber-ca","16":"category-seccion-ca","17":"tag-camp-de-turia-ca","18":"tag-infraestructuras-ca","19":"tag-la-comunitat-ca","20":"tag-lliria-ca"},"_links":{"self":[{"href":"https:\/\/www.tucomarca.com\/wordpress\/segunda\/ca\/wp-json\/wp\/v2\/posts\/276172","targetHints":{"allow":["GET"]}}],"collection":[{"href":"https:\/\/www.tucomarca.com\/wordpress\/segunda\/ca\/wp-json\/wp\/v2\/posts"}],"about":[{"href":"https:\/\/www.tucomarca.com\/wordpress\/segunda\/ca\/wp-json\/wp\/v2\/types\/post"}],"author":[{"embeddable":true,"href":"https:\/\/www.tucomarca.com\/wordpress\/segunda\/ca\/wp-json\/wp\/v2\/users\/13"}],"replies":[{"embeddable":true,"href":"https:\/\/www.tucomarca.com\/wordpress\/segunda\/ca\/wp-json\/wp\/v2\/comments?post=276172"}],"version-history":[{"count":0,"href":"https:\/\/www.tucomarca.com\/wordpress\/segunda\/ca\/wp-json\/wp\/v2\/posts\/276172\/revisions"}],"wp:featuredmedia":[{"embeddable":true,"href":"https:\/\/www.tucomarca.com\/wordpress\/segunda\/ca\/wp-json\/wp\/v2\/media\/276170"}],"wp:attachment":[{"href":"https:\/\/www.tucomarca.com\/wordpress\/segunda\/ca\/wp-json\/wp\/v2\/media?parent=276172"}],"wp:term":[{"taxonomy":"category","embeddable":true,"href":"https:\/\/www.tucomarca.com\/wordpress\/segunda\/ca\/wp-json\/wp\/v2\/categories?post=276172"},{"taxonomy":"post_tag","embeddable":true,"href":"https:\/\/www.tucomarca.com\/wordpress\/segunda\/ca\/wp-json\/wp\/v2\/tags?post=276172"}],"curies":[{"name":"wp","href":"https:\/\/api.w.org\/{rel}","templated":true}]}}