{"id":276187,"date":"2025-08-20T09:00:00","date_gmt":"2025-08-20T07:00:00","guid":{"rendered":"https:\/\/www.tucomarca.com\/wordpress\/segunda\/?p=276187"},"modified":"2025-08-20T18:36:20","modified_gmt":"2025-08-20T16:36:20","slug":"opinio-el-foc-visible-i-el-que-crema-en-silenci-per-bernardo-ferrer","status":"publish","type":"post","link":"https:\/\/www.tucomarca.com\/wordpress\/segunda\/ca\/opinio-el-foc-visible-i-el-que-crema-en-silenci-per-bernardo-ferrer\/","title":{"rendered":"Opini\u00f3: &#8220;El foc visible i el que crema en silenci&#8221;, per Bernardo Ferrer"},"content":{"rendered":"\n<p>Dolor, r\u00e0bia, impot\u00e8ncia. Aix\u00f2 va ser el que vaig sentir en escoltar fa uns dies a un ramader, en una entrevista televisiva, lamentar com la deixadesa en la cura de les muntanyes afavoreix la propagaci\u00f3 dels incendis. Veure morir al seu bestiar, veure cremar les seues cases i els seus camps, no \u00e9s nom\u00e9s la seua trag\u00e8dia: \u00e9s la nostra. Per\u00f2 el foc que devora al sector agrari i ramader no es limita a les flames de l&#8217;estiu. Des de fa d\u00e8cades crema un altre incendi, menys visible per\u00f2 igual de devastador: el de l&#8217;aband\u00f3 pol\u00edtic. I ac\u00ed no caben excuses ni ideologies, perqu\u00e8 tots els governs, uns per omissi\u00f3 i altres per acci\u00f3, han contribu\u00eft a arraconar als qui produeixen els nostres aliments i custodien el territori.<\/p>\n\n\n\n<p>El cinisme \u00e9s tan evident que sembla que tot estiguera dissenyat per a arribar a aquest punt. Els interessos d&#8217;uns pocs s&#8217;imposen mentre els agricultors i ramaders assumeixen les p\u00e8rdues. Al final, la factura la pagar\u00e0 la societat sencera. Perqu\u00e8, siguem sincers, qui no t\u00e9 un avi, un besavi o algun familiar que alguna vegada va treballar la terra o va cuidar un ramat? La prosperitat de hui es va al\u00e7ar sobre la suor d&#8217;ahir, per\u00f2 la mem\u00f2ria s&#8217;esborra r\u00e0pid quan resulta inc\u00f2moda.<\/p>\n\n\n\n<p>Les xifres ho confirmen: en els \u00faltims trenta anys les pol\u00edtiques agr\u00e0ries han condu\u00eft a la desaparici\u00f3 del teixit rural. Espanya lidera l&#8217;aband\u00f3 d&#8217;explotacions a Europa, el relleu generacional \u00e9s pr\u00e0cticament inexistent i la taca de cultius perduts s&#8217;est\u00e9n per tot el territori. Pobles buits, camps abandonats, bestiar sacrificat. Eixe \u00e9s el paisatge d&#8217;un frac\u00e0s que avan\u00e7a sense fre.<\/p>\n\n\n\n<p>Mentrestant, bona part de la societat segueix sense comprendre que els qui ens alimenten i gestionen el territori s\u00f3n un pilar estrat\u00e8gic per al pa\u00eds. La sobirania aliment\u00e0ria no \u00e9s una consigna rom\u00e0ntica, \u00e9s una q\u00fcesti\u00f3 de superviv\u00e8ncia. Dependre de tercers per a menjar \u00e9s hipotecar el futur dels nostres fills.<\/p>\n\n\n\n<p>El paradoxal \u00e9s que molts dels dirigents que hui legislen provenen de fam\u00edlies que van munyir vaques, van cultivar blat o van sembrar tomaques. Per\u00f2 sembla que el poder esborra la mem\u00f2ria i adorm la consci\u00e8ncia. B\u00e9 els faria escoltar als qui, enmig de l&#8217;adversitat, continuen reclamant un futur digne per al camp.<\/p>\n\n\n\n<p>El ramader que hui enterra als seus caps de bestiar tornar\u00e0 dem\u00e0 a criar unes altres. Els prats reverdiran i la vida continuar\u00e0, encara que les ajudes arriben tard o mai. En els despatxos, no obstant aix\u00f2, persistir\u00e0 el cinisme dels qui eviten comprometre&#8217;s amb un pla real per a un sector que \u00e9s, en definitiva, la llavor de la superviv\u00e8ncia de tota la naci\u00f3.Perqu\u00e8\u00a0el que est\u00e0 en joc no \u00e9s nom\u00e9s el futur del camp, sin\u00f3 el de tota la societat. Els agricultors i ramaders no demanen caritat: exigeixen just\u00edcia i visi\u00f3 d&#8217;Estat. Si els governants no ho entenen, ens arrossegaran a tots cap al mateix incendi.<\/p>\n\n\n\n<p><\/p>\n\n\n\n<p><em><strong>Bernardo Ferrer<\/strong> es <strong>Presidente de FUVAMA<\/strong><\/em><\/p>\n","protected":false},"excerpt":{"rendered":"<div class=\"mh-excerpt\">Dolor, r\u00e0bia, impot\u00e8ncia. Aix\u00f2 va ser el que vaig sentir en escoltar fa uns dies a un ramader, en una entrevista televisiva, lamentar com la deixadesa en la cura de les muntanyes afavoreix la propagaci\u00f3 <a class=\"mh-excerpt-more\" href=\"https:\/\/www.tucomarca.com\/wordpress\/segunda\/ca\/opinio-el-foc-visible-i-el-que-crema-en-silenci-per-bernardo-ferrer\/\" title=\"Opini\u00f3: &#8220;El foc visible i el que crema en silenci&#8221;, per Bernardo Ferrer\">[+] <\/a><\/div>\n","protected":false},"author":13,"featured_media":276182,"comment_status":"open","ping_status":"open","sticky":false,"template":"","format":"standard","meta":{"footnotes":""},"categories":[10905,10898,10948,10894,10903,11021,10896,10897],"tags":[11309,11924,13724,17660,12166,11958],"class_list":{"0":"post-276187","1":"post","2":"type-post","3":"status-publish","4":"format-standard","5":"has-post-thumbnail","7":"category-agricultura-la-comarca-ca","8":"category-ventana-ca","9":"category-infraestructuras-ca","10":"category-la-comarca-ca","11":"category-medio-ambiente-la-comarca-ca","12":"category-opinion-ca-2","13":"category-seccion-ca","14":"category-sucesos-la-comarca-ca","15":"tag-agricultura-ca","16":"tag-ava-asaja-ca","17":"tag-incendio-forestal-ca","18":"tag-incendios-ca","19":"tag-medio-ambiente-ca","20":"tag-opinion-3-ca"},"_links":{"self":[{"href":"https:\/\/www.tucomarca.com\/wordpress\/segunda\/ca\/wp-json\/wp\/v2\/posts\/276187","targetHints":{"allow":["GET"]}}],"collection":[{"href":"https:\/\/www.tucomarca.com\/wordpress\/segunda\/ca\/wp-json\/wp\/v2\/posts"}],"about":[{"href":"https:\/\/www.tucomarca.com\/wordpress\/segunda\/ca\/wp-json\/wp\/v2\/types\/post"}],"author":[{"embeddable":true,"href":"https:\/\/www.tucomarca.com\/wordpress\/segunda\/ca\/wp-json\/wp\/v2\/users\/13"}],"replies":[{"embeddable":true,"href":"https:\/\/www.tucomarca.com\/wordpress\/segunda\/ca\/wp-json\/wp\/v2\/comments?post=276187"}],"version-history":[{"count":0,"href":"https:\/\/www.tucomarca.com\/wordpress\/segunda\/ca\/wp-json\/wp\/v2\/posts\/276187\/revisions"}],"wp:featuredmedia":[{"embeddable":true,"href":"https:\/\/www.tucomarca.com\/wordpress\/segunda\/ca\/wp-json\/wp\/v2\/media\/276182"}],"wp:attachment":[{"href":"https:\/\/www.tucomarca.com\/wordpress\/segunda\/ca\/wp-json\/wp\/v2\/media?parent=276187"}],"wp:term":[{"taxonomy":"category","embeddable":true,"href":"https:\/\/www.tucomarca.com\/wordpress\/segunda\/ca\/wp-json\/wp\/v2\/categories?post=276187"},{"taxonomy":"post_tag","embeddable":true,"href":"https:\/\/www.tucomarca.com\/wordpress\/segunda\/ca\/wp-json\/wp\/v2\/tags?post=276187"}],"curies":[{"name":"wp","href":"https:\/\/api.w.org\/{rel}","templated":true}]}}