{"id":276297,"date":"2025-08-21T08:45:00","date_gmt":"2025-08-21T06:45:00","guid":{"rendered":"https:\/\/www.tucomarca.com\/wordpress\/segunda\/?p=276297"},"modified":"2025-08-21T15:23:26","modified_gmt":"2025-08-21T13:23:26","slug":"sagunt-a-escena-es-clausura-amb-la-tragicomedia-tirada-i-un-ritual-que-combinara-musica-foc-i-dansa","status":"publish","type":"post","link":"https:\/\/www.tucomarca.com\/wordpress\/segunda\/ca\/sagunt-a-escena-es-clausura-amb-la-tragicomedia-tirada-i-un-ritual-que-combinara-musica-foc-i-dansa\/","title":{"rendered":"Sagunt a Escena es clausura amb la tragicom\u00e8dia \u2018Tirada\u2019 i un ritual que combinar\u00e0 m\u00fasica, foc i dansa"},"content":{"rendered":"\n<h3 class=\"wp-block-heading\">La companyia valenciana Hongaresa de Teatre commemora el seu 30\u00e9 aniversari en el Teatre Rom\u00e0 amb la representaci\u00f3 del retrobament d&#8217;una parella trencada.<\/h3>\n\n\n\n<h3 class=\"wp-block-heading\">Cactus Teatre ofereix una hist\u00f2ria de cures femenines en temps foscos.<\/h3>\n\n\n\n<p>Sagunt a Escena, el festival organitzat per la Conselleria d&#8217;Educaci\u00f3, Cultura, Universitats i Ocupaci\u00f3 a trav\u00e9s del Institut Valenci\u00e0 de Cultura (IVC), es clausura el 23 d&#8217;agost, en el Teatre Rom\u00e0, amb la tragicom\u00e8dia \u2018Tirada\u2019 de la companyia Hongaresa de Teatre.<\/p>\n\n\n\n<p>La funci\u00f3 forma part dels actes de celebraci\u00f3 dels 30 anys de traject\u00f2ria de la formaci\u00f3 saguntina. Per a la seua representaci\u00f3 en l&#8217;edifici mil\u00b7lenari s&#8217;ha incorporat m\u00fasica en directe sota la direcci\u00f3 musical de Jes\u00fas Salvador \u2018Chapi\u2019, amb la participaci\u00f3 de la banda \u2018La democr\u00e0tica\u2019 de Pedralba i l&#8217;actuaci\u00f3 de la cantant Conxi Valero.<\/p>\n\n\n\n<p>Al terme, se celebrar\u00e0 un acte festiu art\u00edstic en la pla\u00e7a Major amb m\u00fasica, foc i dansa de la m\u00e0 de la core\u00f2grafa J\u00e9ssica Mart\u00edn en el qual la tradici\u00f3 mediterr\u00e0nia cl\u00e0ssica abra\u00e7ar\u00e0 la cultura valenciana.<\/p>\n\n\n\n<p>\u201cClausurem la 42 edici\u00f3 de Sagunt a Escena de la m\u00e0 d&#8217;una companyia profundament arrelada en el nostre territori, Hongaresa de Teatre. Celebrem les tres d\u00e8cades d&#8217;aquest col\u00b7lectiu amb una proposta art\u00edstica que enalteix la cultura mediterr\u00e0nia i reivindica Sagunt a Escena com un punt de trobada entre tradici\u00f3 i avantguarda, entre el local i l&#8217;universal&#8221;, ha valorat la directora del festival, Mar\u00eda Jos\u00e9 Mora.<\/p>\n\n\n\n<p><strong>Un dol dial\u00e8ctic i traum\u00e0tic<\/strong><\/p>\n\n\n\n<p>En aquest muntatge, una gran diva de l&#8217;escena i el m\u00e9s prestigi\u00f3s cr\u00edtic de teatre del pa\u00eds coincideixen despr\u00e9s d&#8217;una llargu\u00edssima i traum\u00e0tica separaci\u00f3 a la casa que van compartir com a parella. Durant la representaci\u00f3 assistim a una implacable lluita de titanes en la qual a poc a poc es van descobrint els seus monstres.<\/p>\n\n\n\n<p>El muntatge planteja a l&#8217;audi\u00e8ncia una inquietant pregunta: quins misteris s&#8217;amaguen en el fons del cor hum\u00e0 perqu\u00e8 siguem capa\u00e7os de matar als nostres sers estimats.<\/p>\n\n\n\n<p>Lola L\u00f3pez i Pep Ricart donen vida als protagonistes d&#8217;aquest dol dial\u00e8ctic en el qual emmascaren la fragilitat i les debilitats dels seus personatges. El component que fa universal l&#8217;espectacle s\u00f3n les ferides que amaga la parella: \u201cLa gelosia, l&#8217;enveja, la necessitat de ser estimats, la por a la vellesa i a l&#8217;aband\u00f3, la necessitat de romandre, de la gl\u00f2ria\u201d, detalla l&#8217;autor de l&#8217;obra, Paco Zarzoso.<\/p>\n\n\n\n<p><strong>Cercles de suport que abracen<\/strong><\/p>\n\n\n\n<p>Un dia abans, el 22 d&#8217;agost, la Casa dels Berenguer obri les seues portes a les 22.00 hores amb una hist\u00f2ria de la postguerra espanyola protagonitzada per dones. \u2018Rogles de can\u00e7ons i mis\u00e8ria\u2019 est\u00e0 escrita i dirigida per Paula Llorens i Isabel Mart\u00ed. Al costat d&#8217;elles, tamb\u00e9 int\u00e8rprets, en l&#8217;escenari est\u00e0 Raquel Piera. Entre les tres van desgranant diferents relats femenins d&#8217;un poble qualsevol en plena postguerra.<\/p>\n\n\n\n<p>Un espectacle que arreplega la mem\u00f2ria de tantes \u00e0vies, el treball dom\u00e8stic de les quals mai va ser reconegut. En eixos rotles femenins en els quals es llavava la roba, es cosia, es resava o cuinava succe\u00efen les hist\u00f2ries personals, algunes molt crues, de dones envoltades de dures realitats. Tamb\u00e9 hi havia espai per a cantar, ballar, per a l&#8217;amabilitat i la tendresa.<\/p>\n\n\n\n<p>Despr\u00e9s de la seua presentaci\u00f3, la cr\u00edtica destacava a les seues tres excel\u00b7lents actrius, \u201cque multipliquen els seus papers amb diferents personatges dels quals ens enamorem de seguida. Posseeixen for\u00e7a, dol\u00e7or, molt d&#8217;ofici, bones i harmonioses veus, i molta simpatia\u201d.<\/p>\n\n\n\n<p>Sagunt a Escena tanca la seua 42 edici\u00f3 que va comen\u00e7ar el 31 de juliol. \u00c9s un festival organitzat pel Institut Valenci\u00e0 de Cultura amb la col\u00b7laboraci\u00f3 de l&#8217;Ajuntament de Sagunt i l&#8217;\u00e0rea de teatres de la Diputaci\u00f3 de Val\u00e8ncia.<\/p>\n\n\n\n<figure class=\"wp-block-image size-large\"><img loading=\"lazy\" decoding=\"async\" width=\"1024\" height=\"681\" src=\"http:\/\/www.tucomarca.com\/wordpress\/segunda\/wp-content\/uploads\/2025\/08\/EDUC_FOTO_SAE_Querencia_Rogles2-1024x681.jpg\" alt=\"\" class=\"wp-image-276294\" srcset=\"https:\/\/www.tucomarca.com\/wordpress\/segunda\/wp-content\/uploads\/2025\/08\/EDUC_FOTO_SAE_Querencia_Rogles2-1024x681.jpg 1024w, https:\/\/www.tucomarca.com\/wordpress\/segunda\/wp-content\/uploads\/2025\/08\/EDUC_FOTO_SAE_Querencia_Rogles2-300x200.jpg 300w, https:\/\/www.tucomarca.com\/wordpress\/segunda\/wp-content\/uploads\/2025\/08\/EDUC_FOTO_SAE_Querencia_Rogles2-768x511.jpg 768w, https:\/\/www.tucomarca.com\/wordpress\/segunda\/wp-content\/uploads\/2025\/08\/EDUC_FOTO_SAE_Querencia_Rogles2-1536x1022.jpg 1536w, https:\/\/www.tucomarca.com\/wordpress\/segunda\/wp-content\/uploads\/2025\/08\/EDUC_FOTO_SAE_Querencia_Rogles2-2048x1363.jpg 2048w\" sizes=\"auto, (max-width: 1024px) 100vw, 1024px\" \/><\/figure>\n","protected":false},"excerpt":{"rendered":"<div class=\"mh-excerpt\">La companyia valenciana Hongaresa de Teatre commemora el seu 30\u00e9 aniversari en el Teatre Rom\u00e0 amb la representaci\u00f3 del retrobament d&#8217;una parella trencada. Cactus Teatre ofereix una hist\u00f2ria de cures femenines en temps foscos. Sagunt <a class=\"mh-excerpt-more\" href=\"https:\/\/www.tucomarca.com\/wordpress\/segunda\/ca\/sagunt-a-escena-es-clausura-amb-la-tragicomedia-tirada-i-un-ritual-que-combinara-musica-foc-i-dansa\/\" title=\"Sagunt a Escena es clausura amb la tragicom\u00e8dia \u2018Tirada\u2019 i un ritual que combinar\u00e0 m\u00fasica, foc i dansa\">[+] <\/a><\/div>\n","protected":false},"author":12,"featured_media":276293,"comment_status":"open","ping_status":"open","sticky":false,"template":"","format":"standard","meta":{"footnotes":""},"categories":[11019,10898,10904,11007,10896],"tags":[11199,15856],"class_list":{"0":"post-276297","1":"post","2":"type-post","3":"status-publish","4":"format-standard","5":"has-post-thumbnail","7":"category-agenda-ca","8":"category-ventana-ca","9":"category-sin-categorizar-ca","10":"category-ocio-y-cultura-ca","11":"category-seccion-ca","12":"tag-la-comunitat-ca","13":"tag-ocio-y-cultura-ca"},"_links":{"self":[{"href":"https:\/\/www.tucomarca.com\/wordpress\/segunda\/ca\/wp-json\/wp\/v2\/posts\/276297","targetHints":{"allow":["GET"]}}],"collection":[{"href":"https:\/\/www.tucomarca.com\/wordpress\/segunda\/ca\/wp-json\/wp\/v2\/posts"}],"about":[{"href":"https:\/\/www.tucomarca.com\/wordpress\/segunda\/ca\/wp-json\/wp\/v2\/types\/post"}],"author":[{"embeddable":true,"href":"https:\/\/www.tucomarca.com\/wordpress\/segunda\/ca\/wp-json\/wp\/v2\/users\/12"}],"replies":[{"embeddable":true,"href":"https:\/\/www.tucomarca.com\/wordpress\/segunda\/ca\/wp-json\/wp\/v2\/comments?post=276297"}],"version-history":[{"count":0,"href":"https:\/\/www.tucomarca.com\/wordpress\/segunda\/ca\/wp-json\/wp\/v2\/posts\/276297\/revisions"}],"wp:featuredmedia":[{"embeddable":true,"href":"https:\/\/www.tucomarca.com\/wordpress\/segunda\/ca\/wp-json\/wp\/v2\/media\/276293"}],"wp:attachment":[{"href":"https:\/\/www.tucomarca.com\/wordpress\/segunda\/ca\/wp-json\/wp\/v2\/media?parent=276297"}],"wp:term":[{"taxonomy":"category","embeddable":true,"href":"https:\/\/www.tucomarca.com\/wordpress\/segunda\/ca\/wp-json\/wp\/v2\/categories?post=276297"},{"taxonomy":"post_tag","embeddable":true,"href":"https:\/\/www.tucomarca.com\/wordpress\/segunda\/ca\/wp-json\/wp\/v2\/tags?post=276297"}],"curies":[{"name":"wp","href":"https:\/\/api.w.org\/{rel}","templated":true}]}}