{"id":276301,"date":"2025-08-21T08:30:00","date_gmt":"2025-08-21T06:30:00","guid":{"rendered":"https:\/\/www.tucomarca.com\/wordpress\/segunda\/?p=276301"},"modified":"2025-08-21T15:20:16","modified_gmt":"2025-08-21T13:20:16","slug":"el-psoe-de-bunol-acusa-a-pp-y-xbunol-de-dejar-al-pueblo-sin-subvenciones","status":"publish","type":"post","link":"https:\/\/www.tucomarca.com\/wordpress\/segunda\/ca\/el-psoe-de-bunol-acusa-a-pp-y-xbunol-de-dejar-al-pueblo-sin-subvenciones\/","title":{"rendered":"El PSOE de Bunyol acusa PP i XBu\u00f1ol de &#8220;deixar al poble sense subvencions&#8221;"},"content":{"rendered":"\n<p>El PSOE de Bunyol ha denunciat &#8220;la gesti\u00f3 de l&#8217;equip de govern local, format per PP i XBu\u00f1ol, despr\u00e9s de quedar-se el municipi, una vegada m\u00e9s, fora de diverses convocat\u00f2ries d&#8217;ajudes. A pesar que aquests partits van prometre en campanya que no es perdria ni una sola subvenci\u00f3, a realitat \u00e9s molt distinta: des que governen, Bunyol ha perdut&nbsp;m\u00e9s d&#8217;1.400.000 euros en ajudes&#8221;, segons asseguren els socialistes.<\/p>\n\n\n\n<p>&#8220;Mentrestant, altres municipis, fins i tot m\u00e9s xicotets i amb menys recursos, s\u00ed han aconseguit captar fons per a desenvolupar els seus projectes. Estem davant una p\u00e8ssima gesti\u00f3. PP i XBu\u00f1ol han enganyat la ciutadania assegurant que Bunyol no perdria ajudes, i ara estem perdent-les totes\u201d, ha denunciat el PSOE.<\/p>\n\n\n\n<p>&#8220;En concret, les \u00faltimes subvencions perdudes provenen de la convocat\u00f2ria&nbsp;Territoris Innovadors, en la qual l&#8217;Ajuntament de Bunyol va desistir i va renunciar a la subvenci\u00f3, mentre que en les ajudes de&nbsp;Participaci\u00f3 Ciutadana i Transpar\u00e8ncia&nbsp;de la Diputaci\u00f3, els projectes presentats pel consistori no van aconseguir la puntuaci\u00f3 m\u00ednima requerida, quedant el municipi fora de la convocat\u00f2ria&#8221;.<\/p>\n\n\n\n<p>Des del PSOE de Bunyol asseguren que aquesta situaci\u00f3 reflecteix \u201cuna gesti\u00f3 negligent que perjudica directament els ve\u00efns i ve\u00efnes del municipi, el govern municipal ha de posar-se a treballar i assumir responsabilitats, Bunyol no pot continuar perdent fons i oportunitats\u201d.<\/p>\n","protected":false},"excerpt":{"rendered":"<div class=\"mh-excerpt\">El PSOE de Bunyol ha denunciat &#8220;la gesti\u00f3 de l&#8217;equip de govern local, format per PP i XBu\u00f1ol, despr\u00e9s de quedar-se el municipi, una vegada m\u00e9s, fora de diverses convocat\u00f2ries d&#8217;ajudes. A pesar que aquests <a class=\"mh-excerpt-more\" href=\"https:\/\/www.tucomarca.com\/wordpress\/segunda\/ca\/el-psoe-de-bunol-acusa-a-pp-y-xbunol-de-dejar-al-pueblo-sin-subvenciones\/\" title=\"El PSOE de Bunyol acusa PP i XBu\u00f1ol de &#8220;deixar al poble sense subvencions&#8221;\">[+] <\/a><\/div>\n","protected":false},"author":12,"featured_media":185179,"comment_status":"open","ping_status":"open","sticky":false,"template":"","format":"standard","meta":{"footnotes":""},"categories":[10911,10948,10894,10912,10947,10896],"tags":[10913,10914,11140],"class_list":{"0":"post-276301","1":"post","2":"type-post","3":"status-publish","4":"format-standard","5":"has-post-thumbnail","7":"category-bunol-ca","8":"category-infraestructuras-ca","9":"category-la-comarca-ca","10":"category-la-hoya-ca","11":"category-politica","12":"category-seccion-ca","13":"tag-bunol-ca","14":"tag-la-hoya-de-bunol-chiva-ca","15":"tag-politica-ca"},"_links":{"self":[{"href":"https:\/\/www.tucomarca.com\/wordpress\/segunda\/ca\/wp-json\/wp\/v2\/posts\/276301","targetHints":{"allow":["GET"]}}],"collection":[{"href":"https:\/\/www.tucomarca.com\/wordpress\/segunda\/ca\/wp-json\/wp\/v2\/posts"}],"about":[{"href":"https:\/\/www.tucomarca.com\/wordpress\/segunda\/ca\/wp-json\/wp\/v2\/types\/post"}],"author":[{"embeddable":true,"href":"https:\/\/www.tucomarca.com\/wordpress\/segunda\/ca\/wp-json\/wp\/v2\/users\/12"}],"replies":[{"embeddable":true,"href":"https:\/\/www.tucomarca.com\/wordpress\/segunda\/ca\/wp-json\/wp\/v2\/comments?post=276301"}],"version-history":[{"count":0,"href":"https:\/\/www.tucomarca.com\/wordpress\/segunda\/ca\/wp-json\/wp\/v2\/posts\/276301\/revisions"}],"wp:featuredmedia":[{"embeddable":true,"href":"https:\/\/www.tucomarca.com\/wordpress\/segunda\/ca\/wp-json\/wp\/v2\/media\/185179"}],"wp:attachment":[{"href":"https:\/\/www.tucomarca.com\/wordpress\/segunda\/ca\/wp-json\/wp\/v2\/media?parent=276301"}],"wp:term":[{"taxonomy":"category","embeddable":true,"href":"https:\/\/www.tucomarca.com\/wordpress\/segunda\/ca\/wp-json\/wp\/v2\/categories?post=276301"},{"taxonomy":"post_tag","embeddable":true,"href":"https:\/\/www.tucomarca.com\/wordpress\/segunda\/ca\/wp-json\/wp\/v2\/tags?post=276301"}],"curies":[{"name":"wp","href":"https:\/\/api.w.org\/{rel}","templated":true}]}}