{"id":276314,"date":"2025-08-21T09:00:00","date_gmt":"2025-08-21T07:00:00","guid":{"rendered":"https:\/\/www.tucomarca.com\/wordpress\/segunda\/?p=276314"},"modified":"2025-08-21T15:14:58","modified_gmt":"2025-08-21T13:14:58","slug":"opinio-a-bocajarro-pero-aixo-que-es-per-joseh-larrazabal","status":"publish","type":"post","link":"https:\/\/www.tucomarca.com\/wordpress\/segunda\/ca\/opinio-a-bocajarro-pero-aixo-que-es-per-joseh-larrazabal\/","title":{"rendered":"Opini\u00f3. A bocajarro: &#8220;\u00bfPer\u00f2 aix\u00f2 qu\u00e8 \u00e9s?&#8221;, per J\u00f3seh Larraz\u00e1bal"},"content":{"rendered":"<div class=\"wp-block-image\">\n<figure class=\"alignleft size-full is-resized\"><img loading=\"lazy\" decoding=\"async\" width=\"279\" height=\"280\" src=\"http:\/\/www.tucomarca.com\/wordpress\/segunda\/wp-content\/uploads\/2024\/01\/Larrazabalnueva.jpg\" alt=\"\" class=\"wp-image-208146\" style=\"width:184px;height:auto\"\/><\/figure>\n<\/div>\n\n\n<p>Massa pol\u00e8miques per a ser la primera jornada.<\/p>\n\n\n\n<p>En el partit del Bar\u00e7a, els dos jugadors del Mallorca es van autoexpulsar i, en el gol de Ferran, l\u2019\u00e0rbitre no t\u00e9 per qu\u00e8 parar la jugada en l\u2019acte: la deixa acabar, i s\u00f3n els jugadors del Mallorca els que, ells sabran per qu\u00e8, es queden parats sense que l\u2019\u00e0rbitre haja xiulat.<\/p>\n\n\n\n<p>No veig cap pol\u00e8mica. Gol legal.<\/p>\n\n\n\n<p>De fet, el jugador \u201cmig mort\u201d del Mallorca s\u2019al\u00e7a i continua jugant amb normalitat, sense cap seq\u00fcela.<br>Per a mi, actuaci\u00f3 perfecta de Munuera Montero.<\/p>\n\n\n\n<p>El Bar\u00e7a despr\u00e9s li\u2019n fa 3 al Mallorca sense baixar de l\u2019autob\u00fas.<\/p>\n\n\n\n<p>Els que polemitzen tant, que m\u2019expliquen on est\u00e0 l\u2019esc\u00e0ndol.<\/p>\n\n\n\n<p>Ho munten tot el tal Iagoba Arrasate, entrenador de l\u2019equip mallorqu\u00ed \u2014quin exemple\u2014, els jugadors del Mallorca i el p\u00fablic mallorqu\u00ed, indignat i agressiu. \u00bf?<\/p>\n\n\n\n<p>La premsa madridista fa saltar espurnes sobre el partit i parla d\u2019esc\u00e0ndol i robatori al Mallorca.<\/p>\n\n\n\n<p>L\u00f2gicament, el Madrid guanya el seu partit del dimarts per un penal inexistent que li xiulen a favor; objectiu que persegueixen els mitjans madridistes amb les seues cr\u00edtiques incendi\u00e0ries sobre l\u2019actuaci\u00f3 anterior de Munuera Montero.<\/p>\n\n\n\n<p>En fi\u2026 que res canvia.<\/p>\n\n\n\n<p>Sembla que enguany m\u00e9s que mai, el Madrid ha de guanyar la Lliga, siga com siga, ja que el Barcelona \u00e9s molt superior i el descr\u00e8dit per al FlorenTeam podria ser d\u2019\u00f2rdago.<\/p>\n\n\n\n<p>Miren, les xarxes socials, la premsa madridista, les televisions fan f\u00e0stic, han perdut el nord, nom\u00e9s pretenen incendiar la lliga i coaccionar a qui siga necessari perqu\u00e8 l\u2019equip blaugrana no repetisca \u00e8xits com els de l\u2019any passat, i sobretot en la Champions League.<\/p>\n\n\n\n<p>Sembla que els va la vida en aix\u00f2.<\/p>\n\n\n\n<p>O es calmen i es dediquen a exercir la seua faena com a \u00bfprofessionals? i no com a mers ultres, o aix\u00f2 ser\u00e0 un infern per a tots, amb conseq\u00fc\u00e8ncies que poden resultar molt greus.<\/p>\n\n\n\n<p>A\u00e7\u00f2 acaba de comen\u00e7ar. Relaxen-se, aix\u00f2 \u00e9s futbol, no \u00e9s una guerra.<\/p>\n\n\n\n<p>Mal comencem.<\/p>\n\n\n\n<p><\/p>\n","protected":false},"excerpt":{"rendered":"<div class=\"mh-excerpt\">Massa pol\u00e8miques per a ser la primera jornada. En el partit del Bar\u00e7a, els dos jugadors del Mallorca es van autoexpulsar i, en el gol de Ferran, l\u2019\u00e0rbitre no t\u00e9 per qu\u00e8 parar la jugada <a class=\"mh-excerpt-more\" href=\"https:\/\/www.tucomarca.com\/wordpress\/segunda\/ca\/opinio-a-bocajarro-pero-aixo-que-es-per-joseh-larrazabal\/\" title=\"Opini\u00f3. A bocajarro: &#8220;\u00bfPer\u00f2 aix\u00f2 qu\u00e8 \u00e9s?&#8221;, per J\u00f3seh Larraz\u00e1bal\">[+] <\/a><\/div>\n","protected":false},"author":12,"featured_media":208147,"comment_status":"open","ping_status":"open","sticky":false,"template":"","format":"standard","meta":{"footnotes":""},"categories":[11015,11014,11003,10894,11021,12000,10896],"tags":[10914,12606],"class_list":{"0":"post-276314","1":"post","2":"type-post","3":"status-publish","4":"format-standard","5":"has-post-thumbnail","7":"category-canal-futbol","8":"category-canal-valencia-cf-ca","9":"category-sports","10":"category-la-comarca-ca","11":"category-opinion-ca-2","12":"category-opinion-lectores-ca","13":"category-seccion-ca","14":"tag-la-hoya-de-bunol-chiva-ca","15":"tag-valencia-cf-ca"},"_links":{"self":[{"href":"https:\/\/www.tucomarca.com\/wordpress\/segunda\/ca\/wp-json\/wp\/v2\/posts\/276314","targetHints":{"allow":["GET"]}}],"collection":[{"href":"https:\/\/www.tucomarca.com\/wordpress\/segunda\/ca\/wp-json\/wp\/v2\/posts"}],"about":[{"href":"https:\/\/www.tucomarca.com\/wordpress\/segunda\/ca\/wp-json\/wp\/v2\/types\/post"}],"author":[{"embeddable":true,"href":"https:\/\/www.tucomarca.com\/wordpress\/segunda\/ca\/wp-json\/wp\/v2\/users\/12"}],"replies":[{"embeddable":true,"href":"https:\/\/www.tucomarca.com\/wordpress\/segunda\/ca\/wp-json\/wp\/v2\/comments?post=276314"}],"version-history":[{"count":0,"href":"https:\/\/www.tucomarca.com\/wordpress\/segunda\/ca\/wp-json\/wp\/v2\/posts\/276314\/revisions"}],"wp:featuredmedia":[{"embeddable":true,"href":"https:\/\/www.tucomarca.com\/wordpress\/segunda\/ca\/wp-json\/wp\/v2\/media\/208147"}],"wp:attachment":[{"href":"https:\/\/www.tucomarca.com\/wordpress\/segunda\/ca\/wp-json\/wp\/v2\/media?parent=276314"}],"wp:term":[{"taxonomy":"category","embeddable":true,"href":"https:\/\/www.tucomarca.com\/wordpress\/segunda\/ca\/wp-json\/wp\/v2\/categories?post=276314"},{"taxonomy":"post_tag","embeddable":true,"href":"https:\/\/www.tucomarca.com\/wordpress\/segunda\/ca\/wp-json\/wp\/v2\/tags?post=276314"}],"curies":[{"name":"wp","href":"https:\/\/api.w.org\/{rel}","templated":true}]}}