{"id":276408,"date":"2025-08-23T12:00:00","date_gmt":"2025-08-23T10:00:00","guid":{"rendered":"https:\/\/www.tucomarca.com\/wordpress\/segunda\/?p=276408"},"modified":"2025-08-23T20:01:16","modified_gmt":"2025-08-23T18:01:16","slug":"mazon-hem-aprovat-580-operacions-de-financament-a-cost-zero-a-autonoms-i-pimes-que-els-han-estalviat-23-milions-deuros-en-interessos","status":"publish","type":"post","link":"https:\/\/www.tucomarca.com\/wordpress\/segunda\/ca\/mazon-hem-aprovat-580-operacions-de-financament-a-cost-zero-a-autonoms-i-pimes-que-els-han-estalviat-23-milions-deuros-en-interessos\/","title":{"rendered":"Maz\u00f3n: \u201cHem aprovat 580 operacions de finan\u00e7ament a cost zero a aut\u00f2noms i pimes que els han estalviat 23 milions d&#8217;euros en interessos\u201d"},"content":{"rendered":"\n<h3 class=\"wp-block-heading\">Assenyala que els instruments financers dissenyats per a reactivar els negocis afectats per les riuades han facilitat 161 milions d&#8217;euros al teixit empresarial a trav\u00e9s dels pr\u00e9stecs bonificats de l&#8217;IVF i Af\u00ed SGR.<\/h3>\n\n\n\n<h3 class=\"wp-block-heading\">Ressalta que les mesures posades en marxa per a aportar finan\u00e7ament al teixit productiu, \u201cpermeten per primera vegada, cobrir fins al 100% de la inversi\u00f3, sense cost, amb \u00e0mplies mancances i sense comissions\u201d.<\/h3>\n\n\n\n<h3 class=\"wp-block-heading\">Destaca el ferm comprom\u00eds del Consell amb la recuperaci\u00f3 del teixit productiu, mitjan\u00e7ant ajudes directes i prestem bonificats, \u201cactuant des del primer moment amb agilitat, efic\u00e0cia i m\u00ednima c\u00e0rrega administrativa\u201d.<\/h3>\n\n\n\n<p>El president de la Generalitat, Carlos Maz\u00f3n, ha ressaltat que la Generalitat, a trav\u00e9s dels pr\u00e9stecs bonificats posats en marxa des del Institut Valenci\u00e0 de Finances (IVF) i Af\u00ed SGR, \u201cha aprovat 580 operacions de finan\u00e7ament a cost zero en les quals aut\u00f2noms i pimes s&#8217;han estalviat 23 milions d&#8217;euros\u201d.<\/p>\n\n\n\n<p>El cap del Consell ha incidit en \u201cla ferma aposta per dotar al teixit productiu d&#8217;instruments que faciliten la seua reactivaci\u00f3, no li suposen c\u00e0rregues financeres i atenguen les seues necessitats perqu\u00e8 puguen efectuar les inversions per a la recuperaci\u00f3 d&#8217;instal\u00b7lacions, maquin\u00e0ria, equips i reposar l&#8217;estoc perdut\u201d.<\/p>\n\n\n\n<p>En concret, s&#8217;han aprovat 76 operacions de la l\u00ednia IVF per un import total de 45 milions d&#8217;euros que han suposat un estalvi en costos financers de 7,6 milions. En el producte financer Af\u00ed SGR, les actuacions autoritzades ascendeixen a 504 per un muntant total de 116,4 milions d&#8217;euros i un estalvi d&#8217;interessos de 15,4 milions.<\/p>\n\n\n\n<p>Maz\u00f3n ha explicat que es tracta de &#8220;instruments excepcionals que s&#8217;ofereixen al 0% d&#8217;inter\u00e9s, amb amplies mancances i sense comissions de cap mena, evitant que les empreses hagen d&#8217;aportar fons propis en un moment complex a causa dels danys causats en els seus negocis&#8221;.&nbsp;<\/p>\n\n\n\n<p>Cal recordar que la Generalitat ha habilitat 350 milions d&#8217;euros en l\u00ednies de cr\u00e8dit, amb una aportaci\u00f3 directa de 65 milions per a cobrir els interessos. \u201cEs tracta d&#8217;una iniciativa pionera que permet cobrir fins al 100% de les inversions necess\u00e0ries per a la recuperaci\u00f3 d&#8217;empreses i aut\u00f2noms damnificats per les inundacions\u201d, ha indicat Maz\u00f3n.&nbsp;<\/p>\n\n\n\n<p>La l\u00ednia gestionada per l&#8217;IVF est\u00e0 dotada amb 200 milions d&#8217;euros i ofereix pr\u00e9stecs d&#8217;entre 200.000 i 3 milions d&#8217;euros per a empreses, amb terminis de fins a 10 anys i amb fins a tres de manca, i en operacions per a la reposici\u00f3 d&#8217;exist\u00e8ncies, fins a quatre anys amb un de manca.<\/p>\n\n\n\n<p>D&#8217;altra banda, Af\u00ed SGR ha posat en marxa una l\u00ednia de finan\u00e7ament tamb\u00e9 a cost zero dotada amb 150 milions d&#8217;euros. Aquest instrument financer es dirigeix a aut\u00f2noms i pimes, als quals s&#8217;ofereixen pr\u00e9stecs d&#8217;entre 25.000 i 1.000.000 euros, amb terminis i mancances similars als oferits en la l\u00ednia IVF.<\/p>\n\n\n\n<p>En aquest sentit, Maz\u00f3n ha reclamat al Govern central m\u00e9s agilitat en els pagaments del Consorci de Compensaci\u00f3 d&#8217;Assegurances i ha instat a implantar una pol\u00edtica de \u201cfiscalitat zero i reducci\u00f3 de tr\u00e0mits\u201d per a accelerar l&#8217;arribada de totes les ajudes.<\/p>\n\n\n\n<p><strong>La recuperaci\u00f3 d&#8217;empreses i aut\u00f2noms, una prioritat per al Consell<\/strong><\/p>\n\n\n\n<p>El cap del Consell ha subratllat que els pr\u00e9stecs bonificats s&#8217;emmarquen \u201cen un conjunt m\u00e9s ampli de mesures impulsades per la Generalitat per a recolzar als sectors productius de les zones afectades per la riuada.&nbsp;<\/p>\n\n\n\n<p>Aquestes actuacions inclouen ajudes directes sense burocr\u00e0cia, inversions per a la reconstrucci\u00f3 d&#8217;infraestructures i incentius fiscals, \u201camb l&#8217;objectiu de garantir la continu\u00eftat de l&#8217;activitat econ\u00f2mica i fomentar la generaci\u00f3 d&#8217;ocupaci\u00f3\u201d, ha assegurat.<\/p>\n\n\n\n<p>En aquest sentit, cal assenyalar l&#8217;ampliaci\u00f3 de les ajudes destinades a compensar la p\u00e8rdua de vehicles provocada per les inundacions, que ara abasten no sols turismes, sin\u00f3 tamb\u00e9 autobusos, camions de m\u00e9s de 3.500 kg, tractors, caravanes i autocaravanes, remolcs i maquin\u00e0ria automotriu i remolcada, entre altres. A m\u00e9s, aquestes ajudes s&#8217;estenen a persones jur\u00eddiques, incloent-hi empreses i entitats.<br>Aix\u00ed mateix, ha recordat altres l\u00ednies de suport com els 100 milions d&#8217;euros per a aut\u00f2noms amb empleats i empreses, gestionats per la Conselleria d&#8217;Innovaci\u00f3, Ind\u00fastria, Comer\u00e7 i Turisme i els 90 milions d&#8217;euros dirigits a aut\u00f2noms sense assalariats, a trav\u00e9s del servei d&#8217;ocupaci\u00f3 Labora.<\/p>\n\n\n\n<p>Aquestes iniciatives es complementen amb el Pla \u2018Llaura Empreses\u2019, dotat amb 127,4 milions d&#8217;euros, orientat a la recuperaci\u00f3 i reactivaci\u00f3 de petites i mitjanes empreses del sector industrial, comercial, hostaler i de serveis, aix\u00ed com la l\u00ednia de 10 milions d&#8217;euros, destinada a impulsar la internacionalitzaci\u00f3 de les empreses afectades per les riuades, refor\u00e7ant aix\u00ed la seua capacitat de competir en els mercats exteriors.<\/p>\n","protected":false},"excerpt":{"rendered":"<div class=\"mh-excerpt\">Assenyala que els instruments financers dissenyats per a reactivar els negocis afectats per les riuades han facilitat 161 milions d&#8217;euros al teixit empresarial a trav\u00e9s dels pr\u00e9stecs bonificats de l&#8217;IVF i Af\u00ed SGR. Ressalta que <a class=\"mh-excerpt-more\" href=\"https:\/\/www.tucomarca.com\/wordpress\/segunda\/ca\/mazon-hem-aprovat-580-operacions-de-financament-a-cost-zero-a-autonoms-i-pimes-que-els-han-estalviat-23-milions-deuros-en-interessos\/\" title=\"Maz\u00f3n: \u201cHem aprovat 580 operacions de finan\u00e7ament a cost zero a aut\u00f2noms i pimes que els han estalviat 23 milions d&#8217;euros en interessos\u201d\">[+] <\/a><\/div>\n","protected":false},"author":1,"featured_media":276406,"comment_status":"open","ping_status":"open","sticky":false,"template":"","format":"standard","meta":{"footnotes":""},"categories":[21466,10898,10948,10894,10904,10903,10947,10896,10897],"tags":[21853,13821,12683,15409,22946,11199],"class_list":{"0":"post-276408","1":"post","2":"type-post","3":"status-publish","4":"format-standard","5":"has-post-thumbnail","7":"category-dana-ca","8":"category-ventana-ca","9":"category-infraestructuras-ca","10":"category-la-comarca-ca","11":"category-sin-categorizar-ca","12":"category-medio-ambiente-la-comarca-ca","13":"category-politica","14":"category-seccion-ca","15":"category-sucesos-la-comarca-ca","16":"tag-autonomos-ca","17":"tag-ayudas-ca","18":"tag-consell-ca","19":"tag-dana-2-ca","20":"tag-empresas-ca","21":"tag-la-comunitat-ca"},"_links":{"self":[{"href":"https:\/\/www.tucomarca.com\/wordpress\/segunda\/ca\/wp-json\/wp\/v2\/posts\/276408","targetHints":{"allow":["GET"]}}],"collection":[{"href":"https:\/\/www.tucomarca.com\/wordpress\/segunda\/ca\/wp-json\/wp\/v2\/posts"}],"about":[{"href":"https:\/\/www.tucomarca.com\/wordpress\/segunda\/ca\/wp-json\/wp\/v2\/types\/post"}],"author":[{"embeddable":true,"href":"https:\/\/www.tucomarca.com\/wordpress\/segunda\/ca\/wp-json\/wp\/v2\/users\/1"}],"replies":[{"embeddable":true,"href":"https:\/\/www.tucomarca.com\/wordpress\/segunda\/ca\/wp-json\/wp\/v2\/comments?post=276408"}],"version-history":[{"count":0,"href":"https:\/\/www.tucomarca.com\/wordpress\/segunda\/ca\/wp-json\/wp\/v2\/posts\/276408\/revisions"}],"wp:featuredmedia":[{"embeddable":true,"href":"https:\/\/www.tucomarca.com\/wordpress\/segunda\/ca\/wp-json\/wp\/v2\/media\/276406"}],"wp:attachment":[{"href":"https:\/\/www.tucomarca.com\/wordpress\/segunda\/ca\/wp-json\/wp\/v2\/media?parent=276408"}],"wp:term":[{"taxonomy":"category","embeddable":true,"href":"https:\/\/www.tucomarca.com\/wordpress\/segunda\/ca\/wp-json\/wp\/v2\/categories?post=276408"},{"taxonomy":"post_tag","embeddable":true,"href":"https:\/\/www.tucomarca.com\/wordpress\/segunda\/ca\/wp-json\/wp\/v2\/tags?post=276408"}],"curies":[{"name":"wp","href":"https:\/\/api.w.org\/{rel}","templated":true}]}}