{"id":276427,"date":"2025-08-23T11:00:00","date_gmt":"2025-08-23T09:00:00","guid":{"rendered":"https:\/\/www.tucomarca.com\/wordpress\/segunda\/?p=276427"},"modified":"2025-08-23T19:37:26","modified_gmt":"2025-08-23T17:37:26","slug":"video-aixi-ha-sigut-el-prego-dinici-de-la-fira-i-festes-de-bunyol-2025-a-carrec-de-la-seua-reina-carmen-alis-marzal","status":"publish","type":"post","link":"https:\/\/www.tucomarca.com\/wordpress\/segunda\/ca\/video-aixi-ha-sigut-el-prego-dinici-de-la-fira-i-festes-de-bunyol-2025-a-carrec-de-la-seua-reina-carmen-alis-marzal\/","title":{"rendered":"V\u00eddeo: aix\u00ed ha sigut el preg\u00f3 d&#8217;inici de la Fira i Festes de Bunyol 2025 a c\u00e0rrec de la seua Reina, Carmen Al\u00eds Marzal"},"content":{"rendered":"\n<figure class=\"wp-block-embed is-type-video is-provider-youtube wp-block-embed-youtube wp-embed-aspect-16-9 wp-has-aspect-ratio\"><div class=\"wp-block-embed__wrapper\">\n<iframe loading=\"lazy\" title=\"V\u00eddeo: Preg\u00f3n de inicio de fiestas de la Reina de la Feria Fiestas de Bu\u00f1ol 2025, Carmen Al\u00eds Marzal\" width=\"500\" height=\"281\" src=\"https:\/\/www.youtube.com\/embed\/6GxiXK7WcBo?feature=oembed\" frameborder=\"0\" allow=\"accelerometer; autoplay; clipboard-write; encrypted-media; gyroscope; picture-in-picture; web-share\" referrerpolicy=\"strict-origin-when-cross-origin\" allowfullscreen><\/iframe>\n<\/div><\/figure>\n\n\n\n<p>Aix\u00ed s&#8217;ha sigut el preg\u00f3 d&#8217;inici de la Fira i Festes de Bunyol 2025, c\u00e0rrec de la Reina, <strong>Carmen Al\u00eds Marzal<\/strong>, que com a novetat s&#8217;ha desenvolupat aquest divendres, 22 d&#8217;agost, des del balc\u00f3 de l&#8217;Ajuntament de la localitat. <\/p>\n\n\n\n<p>Una Reina que ha estat acompanyada per les integrants de la seua Cort d&#8217;Honor i que ha sigut molt aplaudida per tot el p\u00fablic que s&#8217;ha congregat sota el balc\u00f3 de la casa consistorial al so de la m\u00fasica de la <strong>Xaranga els Xinos<\/strong>.<\/p>\n","protected":false},"excerpt":{"rendered":"<div class=\"mh-excerpt\">Aix\u00ed s&#8217;ha sigut el preg\u00f3 d&#8217;inici de la Fira i Festes de Bunyol 2025, c\u00e0rrec de la Reina, Carmen Al\u00eds Marzal, que com a novetat s&#8217;ha desenvolupat aquest divendres, 22 d&#8217;agost, des del balc\u00f3 de <a class=\"mh-excerpt-more\" href=\"https:\/\/www.tucomarca.com\/wordpress\/segunda\/ca\/video-aixi-ha-sigut-el-prego-dinici-de-la-fira-i-festes-de-bunyol-2025-a-carrec-de-la-seua-reina-carmen-alis-marzal\/\" title=\"V\u00eddeo: aix\u00ed ha sigut el preg\u00f3 d&#8217;inici de la Fira i Festes de Bunyol 2025 a c\u00e0rrec de la seua Reina, Carmen Al\u00eds Marzal\">[+] <\/a><\/div>\n","protected":false},"author":1,"featured_media":276425,"comment_status":"open","ping_status":"open","sticky":false,"template":"","format":"video","meta":{"footnotes":""},"categories":[10911,10898,10894,10904,10912,11004,11007,11008,10896,11062],"tags":[22088,10913,11177,10914],"class_list":{"0":"post-276427","1":"post","2":"type-post","3":"status-publish","4":"format-video","5":"has-post-thumbnail","7":"category-bunol-ca","8":"category-ventana-ca","9":"category-la-comarca-ca","10":"category-sin-categorizar-ca","11":"category-la-hoya-ca","12":"category-la-semana-en-imagenes-ca","13":"category-ocio-y-cultura-ca","14":"category-pueblos-en-fiestas-ca","15":"category-seccion-ca","16":"category-videos","17":"tag-2025-ca","18":"tag-bunol-ca","19":"tag-fira-y-festes","20":"tag-la-hoya-de-bunol-chiva-ca","21":"post_format-post-format-video"},"_links":{"self":[{"href":"https:\/\/www.tucomarca.com\/wordpress\/segunda\/ca\/wp-json\/wp\/v2\/posts\/276427","targetHints":{"allow":["GET"]}}],"collection":[{"href":"https:\/\/www.tucomarca.com\/wordpress\/segunda\/ca\/wp-json\/wp\/v2\/posts"}],"about":[{"href":"https:\/\/www.tucomarca.com\/wordpress\/segunda\/ca\/wp-json\/wp\/v2\/types\/post"}],"author":[{"embeddable":true,"href":"https:\/\/www.tucomarca.com\/wordpress\/segunda\/ca\/wp-json\/wp\/v2\/users\/1"}],"replies":[{"embeddable":true,"href":"https:\/\/www.tucomarca.com\/wordpress\/segunda\/ca\/wp-json\/wp\/v2\/comments?post=276427"}],"version-history":[{"count":0,"href":"https:\/\/www.tucomarca.com\/wordpress\/segunda\/ca\/wp-json\/wp\/v2\/posts\/276427\/revisions"}],"wp:featuredmedia":[{"embeddable":true,"href":"https:\/\/www.tucomarca.com\/wordpress\/segunda\/ca\/wp-json\/wp\/v2\/media\/276425"}],"wp:attachment":[{"href":"https:\/\/www.tucomarca.com\/wordpress\/segunda\/ca\/wp-json\/wp\/v2\/media?parent=276427"}],"wp:term":[{"taxonomy":"category","embeddable":true,"href":"https:\/\/www.tucomarca.com\/wordpress\/segunda\/ca\/wp-json\/wp\/v2\/categories?post=276427"},{"taxonomy":"post_tag","embeddable":true,"href":"https:\/\/www.tucomarca.com\/wordpress\/segunda\/ca\/wp-json\/wp\/v2\/tags?post=276427"}],"curies":[{"name":"wp","href":"https:\/\/api.w.org\/{rel}","templated":true}]}}