{"id":276437,"date":"2025-08-24T11:00:00","date_gmt":"2025-08-24T09:00:00","guid":{"rendered":"https:\/\/www.tucomarca.com\/wordpress\/segunda\/?p=276437"},"modified":"2025-08-24T11:59:40","modified_gmt":"2025-08-24T09:59:40","slug":"les-brigades-forestals-de-la-generalitat-treballen-per-a-recuperar-les-zones-recreatives-dels-parcs-naturals-de-falcs-del-cabriol-i-xera-sot-de-xera","status":"publish","type":"post","link":"https:\/\/www.tucomarca.com\/wordpress\/segunda\/ca\/les-brigades-forestals-de-la-generalitat-treballen-per-a-recuperar-les-zones-recreatives-dels-parcs-naturals-de-falcs-del-cabriol-i-xera-sot-de-xera\/","title":{"rendered":"Les brigades forestals de la Generalitat treballen per a recuperar les zones recreatives dels Parcs Naturals de Fal\u00e7s del Cabriol i Xera-Sot de Xera"},"content":{"rendered":"\n<h3 class=\"wp-block-heading\">Aquestes actuacions han consistit, principalment, en la restauraci\u00f3 de senderes, pistes forestals i l&#8217;habilitaci\u00f3 de punts d&#8217;aigua.<\/h3>\n\n\n\n<p>La Conselleria de Medi Ambient, Infraestructures i Territori, a trav\u00e9s dels equips de treball dels Parcs Naturals de Fal\u00e7s del Cabriol i Xera-Sot de Xera, ha desenvolupat intensos treballs de restauraci\u00f3 i millora per a reparar els danys ocasionats per les inundacions del passat 29 d&#8217;octubre.<\/p>\n\n\n\n<p>Al Parc Natural de les Fal\u00e7s del Cabriol operen dues brigades d&#8217;operaris forestals, cadascuna formada per un capat\u00e0s i tres peons, amb vehicle 4&#215;4 i eines pr\u00f2pies. Aquestes brigades han dedicat el seu treball en la recuperaci\u00f3 de la zona recreativa de l&#8217;Assut de Casas del Riu i han col\u00b7laborat en les tasques desenvolupades al Parc Natural de Xera-Sot de Xera.<\/p>\n\n\n\n<p>Per part seua, la brigada de Xera-Sot de Xera, composta per un capat\u00e0s i tres peons, ha destinat des del 29 d&#8217;octubre de 2024 fins al 15 de juliol de 2025, un total de 90 jornades a la correcci\u00f3 de danys en els termes municipals de Xera i Sot de Xera.&nbsp;<\/p>\n\n\n\n<p>En conjunt, les actuacions realitzades han consistit principalment en la restauraci\u00f3 de senderes, que ha suposat un 43% del total dels treballs, la millora d&#8217;\u00e0rees d&#8217;\u00fas p\u00fablic, amb un 32%, i la restauraci\u00f3 de punts d&#8217;aigua, que ha representat el 16%. A m\u00e9s, s&#8217;han dut a terme intervencions en pistes forestals (4%), l&#8217;eliminaci\u00f3 de plantes invasores (2%) i el farciment de punts d&#8217;aigua (2%).<\/p>\n\n\n\n<p>Aquests treballs reforcen el comprom\u00eds de la Generalitat amb la conservaci\u00f3 i millora dels espais naturals protegits, garantint la seua seguretat, funcionalitat i valor ecol\u00f2gic despr\u00e9s dels danys patits per fen\u00f2mens meteorol\u00f2gics extrems.<\/p>\n","protected":false},"excerpt":{"rendered":"<div class=\"mh-excerpt\">Aquestes actuacions han consistit, principalment, en la restauraci\u00f3 de senderes, pistes forestals i l&#8217;habilitaci\u00f3 de punts d&#8217;aigua. La Conselleria de Medi Ambient, Infraestructures i Territori, a trav\u00e9s dels equips de treball dels Parcs Naturals de <a class=\"mh-excerpt-more\" href=\"https:\/\/www.tucomarca.com\/wordpress\/segunda\/ca\/les-brigades-forestals-de-la-generalitat-treballen-per-a-recuperar-les-zones-recreatives-dels-parcs-naturals-de-falcs-del-cabriol-i-xera-sot-de-xera\/\" title=\"Les brigades forestals de la Generalitat treballen per a recuperar les zones recreatives dels Parcs Naturals de Fal\u00e7s del Cabriol i Xera-Sot de Xera\">[+] <\/a><\/div>\n","protected":false},"author":1,"featured_media":276435,"comment_status":"open","ping_status":"open","sticky":false,"template":"","format":"standard","meta":{"footnotes":""},"categories":[11054,11046,10898,10948,10894,10904,10903,10947,10909,10896,11026,10897],"tags":[11318,21789,22947,11928,11080,18767,10910,17643],"class_list":{"0":"post-276437","1":"post","2":"type-post","3":"status-publish","4":"format-standard","5":"has-post-thumbnail","7":"category-chera-ca","8":"category-los-serranos-ca","9":"category-ventana-ca","10":"category-infraestructuras-ca","11":"category-la-comarca-ca","12":"category-sin-categorizar-ca","13":"category-medio-ambiente-la-comarca-ca","14":"category-politica","15":"category-requena-utiel-ca","16":"category-seccion-ca","17":"category-sot-de-chera-ca","18":"category-sucesos-la-comarca-ca","19":"tag-chera-ca","20":"tag-generalitat-ca","21":"tag-hoces-del-cabriel-ca","22":"tag-la-serrania-ca","23":"tag-los-serranos-ca","24":"tag-parques-ca","25":"tag-requena-utiel-ca","26":"tag-sot-de-chera-ca"},"_links":{"self":[{"href":"https:\/\/www.tucomarca.com\/wordpress\/segunda\/ca\/wp-json\/wp\/v2\/posts\/276437","targetHints":{"allow":["GET"]}}],"collection":[{"href":"https:\/\/www.tucomarca.com\/wordpress\/segunda\/ca\/wp-json\/wp\/v2\/posts"}],"about":[{"href":"https:\/\/www.tucomarca.com\/wordpress\/segunda\/ca\/wp-json\/wp\/v2\/types\/post"}],"author":[{"embeddable":true,"href":"https:\/\/www.tucomarca.com\/wordpress\/segunda\/ca\/wp-json\/wp\/v2\/users\/1"}],"replies":[{"embeddable":true,"href":"https:\/\/www.tucomarca.com\/wordpress\/segunda\/ca\/wp-json\/wp\/v2\/comments?post=276437"}],"version-history":[{"count":0,"href":"https:\/\/www.tucomarca.com\/wordpress\/segunda\/ca\/wp-json\/wp\/v2\/posts\/276437\/revisions"}],"wp:featuredmedia":[{"embeddable":true,"href":"https:\/\/www.tucomarca.com\/wordpress\/segunda\/ca\/wp-json\/wp\/v2\/media\/276435"}],"wp:attachment":[{"href":"https:\/\/www.tucomarca.com\/wordpress\/segunda\/ca\/wp-json\/wp\/v2\/media?parent=276437"}],"wp:term":[{"taxonomy":"category","embeddable":true,"href":"https:\/\/www.tucomarca.com\/wordpress\/segunda\/ca\/wp-json\/wp\/v2\/categories?post=276437"},{"taxonomy":"post_tag","embeddable":true,"href":"https:\/\/www.tucomarca.com\/wordpress\/segunda\/ca\/wp-json\/wp\/v2\/tags?post=276437"}],"curies":[{"name":"wp","href":"https:\/\/api.w.org\/{rel}","templated":true}]}}