{"id":276516,"date":"2025-08-24T09:15:00","date_gmt":"2025-08-24T07:15:00","guid":{"rendered":"https:\/\/www.tucomarca.com\/wordpress\/segunda\/?p=276516"},"modified":"2025-08-24T19:04:23","modified_gmt":"2025-08-24T17:04:23","slug":"video-setaigues-acull-una-exitosa-44-edicio-del-seu-famos-i-molt-concorregut-gran-fons-internacional","status":"publish","type":"post","link":"https:\/\/www.tucomarca.com\/wordpress\/segunda\/ca\/video-setaigues-acull-una-exitosa-44-edicio-del-seu-famos-i-molt-concorregut-gran-fons-internacional\/","title":{"rendered":"V\u00eddeo: Setaig\u00fces acull una exitosa 44 edici\u00f3 del seu fam\u00f3s i molt concorregut Gran Fons Internacional"},"content":{"rendered":"\n<figure class=\"wp-block-embed is-type-video is-provider-youtube wp-block-embed-youtube wp-embed-aspect-16-9 wp-has-aspect-ratio\"><div class=\"wp-block-embed__wrapper\">\n<iframe loading=\"lazy\" title=\"V\u00eddeo: Siete Aguas acoge una exitosa 44 edici\u00f3n de su famoso y concurrido Gran Fondo Internacional\" width=\"500\" height=\"281\" src=\"https:\/\/www.youtube.com\/embed\/-3nCzjq6Uos?feature=oembed\" frameborder=\"0\" allow=\"accelerometer; autoplay; clipboard-write; encrypted-media; gyroscope; picture-in-picture; web-share\" referrerpolicy=\"strict-origin-when-cross-origin\" allowfullscreen><\/iframe>\n<\/div><\/figure>\n\n\n\n<p>Setaig\u00fces ha tornat a convertir-se aquest dissabte en l&#8217;epicentre de l&#8217;atletisme internacional amb la celebraci\u00f3 de la 44 edici\u00f3 de la seua molt concorregut i exit\u00f3s Gran Fons Internacional en el qual enguany han participat m\u00e9s de 800 atletes. L&#8217;alcaldessa de la localitat, Teresa Hern\u00e1ndez; el regidor d&#8217;Esports, Juan Carlos Mart\u00ednez; i l&#8217;organitzador d&#8217;aquesta edici\u00f3, Adri\u00e1n Sousa, valoren com s&#8217;ha desenvolupat la prova d&#8217;enguany en la qual s&#8217;ha imposat Abdelmajil Elhissouf aix\u00ed com Laura Domene en categoria Femenina.<\/p>\n","protected":false},"excerpt":{"rendered":"<div class=\"mh-excerpt\">Setaig\u00fces ha tornat a convertir-se aquest dissabte en l&#8217;epicentre de l&#8217;atletisme internacional amb la celebraci\u00f3 de la 44 edici\u00f3 de la seua molt concorregut i exit\u00f3s Gran Fons Internacional en el qual enguany han participat <a class=\"mh-excerpt-more\" href=\"https:\/\/www.tucomarca.com\/wordpress\/segunda\/ca\/video-setaigues-acull-una-exitosa-44-edicio-del-seu-famos-i-molt-concorregut-gran-fons-internacional\/\" title=\"V\u00eddeo: Setaig\u00fces acull una exitosa 44 edici\u00f3 del seu fam\u00f3s i molt concorregut Gran Fons Internacional\">[+] <\/a><\/div>\n","protected":false},"author":1,"featured_media":276514,"comment_status":"open","ping_status":"open","sticky":false,"template":"","format":"video","meta":{"footnotes":""},"categories":[11018,11003,10898,10894,10904,10912,10896,10979,11062],"tags":[11246,17741,10914,11157],"class_list":{"0":"post-276516","1":"post","2":"type-post","3":"status-publish","4":"format-video","5":"has-post-thumbnail","7":"category-atletisme","8":"category-sports","9":"category-ventana-ca","10":"category-la-comarca-ca","11":"category-sin-categorizar-ca","12":"category-la-hoya-ca","13":"category-seccion-ca","14":"category-siete-aguas-ca","15":"category-videos","16":"tag-diputacio-de-valencia-ca","17":"tag-gran-fondo-internacional-ca","18":"tag-la-hoya-de-bunol-chiva-ca","19":"tag-siete-aguas-ca","20":"post_format-post-format-video"},"_links":{"self":[{"href":"https:\/\/www.tucomarca.com\/wordpress\/segunda\/ca\/wp-json\/wp\/v2\/posts\/276516","targetHints":{"allow":["GET"]}}],"collection":[{"href":"https:\/\/www.tucomarca.com\/wordpress\/segunda\/ca\/wp-json\/wp\/v2\/posts"}],"about":[{"href":"https:\/\/www.tucomarca.com\/wordpress\/segunda\/ca\/wp-json\/wp\/v2\/types\/post"}],"author":[{"embeddable":true,"href":"https:\/\/www.tucomarca.com\/wordpress\/segunda\/ca\/wp-json\/wp\/v2\/users\/1"}],"replies":[{"embeddable":true,"href":"https:\/\/www.tucomarca.com\/wordpress\/segunda\/ca\/wp-json\/wp\/v2\/comments?post=276516"}],"version-history":[{"count":0,"href":"https:\/\/www.tucomarca.com\/wordpress\/segunda\/ca\/wp-json\/wp\/v2\/posts\/276516\/revisions"}],"wp:featuredmedia":[{"embeddable":true,"href":"https:\/\/www.tucomarca.com\/wordpress\/segunda\/ca\/wp-json\/wp\/v2\/media\/276514"}],"wp:attachment":[{"href":"https:\/\/www.tucomarca.com\/wordpress\/segunda\/ca\/wp-json\/wp\/v2\/media?parent=276516"}],"wp:term":[{"taxonomy":"category","embeddable":true,"href":"https:\/\/www.tucomarca.com\/wordpress\/segunda\/ca\/wp-json\/wp\/v2\/categories?post=276516"},{"taxonomy":"post_tag","embeddable":true,"href":"https:\/\/www.tucomarca.com\/wordpress\/segunda\/ca\/wp-json\/wp\/v2\/tags?post=276516"}],"curies":[{"name":"wp","href":"https:\/\/api.w.org\/{rel}","templated":true}]}}