{"id":276529,"date":"2025-08-23T09:00:00","date_gmt":"2025-08-23T07:00:00","guid":{"rendered":"https:\/\/www.tucomarca.com\/wordpress\/segunda\/?p=276529"},"modified":"2025-08-25T17:20:43","modified_gmt":"2025-08-25T15:20:43","slug":"el-programa-regenera-bunyol-posa-en-marxa-la-plataforma-viatgers-solidaris-en-la-tomatina-per-a-recaptar-fons-per-a-rehabilitar-el-castell-i-el-patrimoni-natural-danyats-per-la-dana","status":"publish","type":"post","link":"https:\/\/www.tucomarca.com\/wordpress\/segunda\/ca\/el-programa-regenera-bunyol-posa-en-marxa-la-plataforma-viatgers-solidaris-en-la-tomatina-per-a-recaptar-fons-per-a-rehabilitar-el-castell-i-el-patrimoni-natural-danyats-per-la-dana\/","title":{"rendered":"El programa Regenera Bunyol posa en marxa la plataforma \u201cviatgers solidaris\u201d en la Tomatina per a recaptar fons per a rehabilitar el castell i el patrimoni natural danyats per la DANA"},"content":{"rendered":"\n<h3 class=\"wp-block-heading\">L\u2019Ajuntament de Bu\u00f1ol, amb el suport de la\u00a0Xarxa Mundial de Rutes Intel\u00b7ligents, Solid\u00e0ries i Regeneratives\u00a0i\u00a0Intel\u00b7lig\u00e8ncia Tur\u00edstica, posar\u00e0 en marxa una\u00a0fila zero\u00a0en la plataforma\u00a0Viatgers Solidaris\u00a0per a mobilitzar als participants d\u2019una de les festes m\u00e9s multitudin\u00e0ries de l\u2019estiu a Espanya, la\u00a0Tomatina, amb l\u2019objectiu de captar fons destinats a les obres de\u00a0recuperaci\u00f3 del castell de Bu\u00f1ol\u00a0i del\u00a0patrimoni natural, a m\u00e9s de\u00a0fomentar elements culturals del municipi.<\/h3>\n\n\n\n<p>L\u2019Ajuntament de Bu\u00f1ol, amb el suport de la Xarxa Mundial de Rutes Intel\u00b7ligents, Solid\u00e0ries i Regeneratives i la&nbsp;<em>traveltech<\/em>&nbsp;<strong>Intel\u00b7lig\u00e8ncia Tur\u00edstica<\/strong>, posar\u00e0 en marxa la plataforma&nbsp;<strong>VIATGERS SOLIDARIS<\/strong>, durant la celebraci\u00f3 de la&nbsp;<strong>Tomatina<\/strong>&nbsp;el pr\u00f2xim 27 d\u2019agost, per a recaptar fons i rehabilitar el patrimoni hist\u00f2ric danyat per la DANA del passat 29 d\u2019octubre.<\/p>\n\n\n\n<p>L\u2019objectiu \u00e9s canalitzar la participaci\u00f3 dels&nbsp;<strong>22.000 visitants<\/strong>&nbsp;que acudiran a esta festa internacional per a recaptar fons per a la&nbsp;<strong>reparaci\u00f3 i recuperaci\u00f3 del Castell de Bu\u00f1ol<\/strong>, B\u00e9 d\u2019Inter\u00e9s Cultural (BIC) situat al centre de la poblaci\u00f3 i que va quedar greument danyat, i ajudar tamb\u00e9 a&nbsp;<strong>recuperar el patrimoni natural<\/strong>&nbsp;i&nbsp;<strong>fomentar elements culturals<\/strong>&nbsp;del municipi com el&nbsp;<strong>cinema<\/strong>&nbsp;i la&nbsp;<strong>m\u00fasica<\/strong>&nbsp;local.<\/p>\n\n\n\n<p>En este context, i comptant amb la participaci\u00f3 de l\u2019<strong>Associaci\u00f3 d\u2019Amics del Castell de Bu\u00f1ol<\/strong>, l\u2019<strong>Associaci\u00f3 \u201cToma a toma por el cine en Bu\u00f1ol\u201d<\/strong>, l\u2019<strong>AMPA del Conservatori San Rafael<\/strong>\u00a0i l\u2019<strong>Associaci\u00f3 NADIBU, Naturalesa, Did\u00e0ctica Bu\u00f1ol<\/strong>, l\u2019objectiu \u00e9s crear una\u00a0<strong>Fila Zero<\/strong>\u00a0durant la\u00a0<strong>Tomatina<\/strong>\u00a0per a captar fons que contribu\u00efsquen a la\u00a0<strong>restauraci\u00f3 del monument<\/strong>, s\u00edmbol del patrimoni hist\u00f2ric local, crear diverses\u00a0<strong>experi\u00e8ncies<\/strong>\u00a0per a\u00a0<strong>millorar l\u2019impacte en el llegat natural<\/strong>de la zona i\u00a0<strong>fomentar el cinema i la m\u00fasica local<\/strong>\u00a0a trav\u00e9s de la plataforma\u00a0<a href=\"https:\/\/viajerossolidarios.com\/\">https:\/\/viajerossolidarios.com\/<\/a>.<\/p>\n\n\n\n<p>El&nbsp;<strong>Castell de Bu\u00f1ol<\/strong>&nbsp;\u00e9s una fortalesa cristiana dels segles XI i XII que ha patit el deteriorament i el despreniment d\u2019alguns dels seus llen\u00e7os i murs, que amenacen amb el col\u00b7lapse d\u2019un dels castells m\u00e9s importants de la Comunitat Valenciana.<\/p>\n\n\n\n<p><strong>Viatgers Solidaris<\/strong>&nbsp;compta amb el suport t\u00e8cnic d\u2019<strong>Intel\u00b7lig\u00e8ncia Tur\u00edstica<\/strong>, que opera com a&nbsp;<strong>oficina t\u00e8cnica de la Xarxa Mundial de Rutes Intel\u00b7ligents, Solid\u00e0ries i Regeneratives<\/strong>. Esta col\u00b7laboraci\u00f3 permetr\u00e0, al seu torn, implementar&nbsp;<strong>eines digitals avan\u00e7ades<\/strong>&nbsp;per a mesurar, fomentar i visualitzar l\u2019impacte positiu generat pels visitants durant l\u2019esdeveniment i recopilar totes les dades en l\u2019<strong>Observatori d\u2019Impacte Local<\/strong>&nbsp;per a fer seguiment del projecte.<\/p>\n\n\n\n<p>El projecte solidari pret\u00e9n tindre continu\u00eftat m\u00e9s enll\u00e0 de la&nbsp;<strong>Tomatina<\/strong>, amb les pr\u00f2ximes&nbsp;<strong>jornades Regenera Bu\u00f1ol<\/strong>&nbsp;que tindran lloc a l\u2019octubre. De fet,&nbsp;<strong>Bu\u00f1ol<\/strong>&nbsp;forma part de la&nbsp;<strong>Ruta de la Seda (BioSeda)<\/strong>, per la seua hist\u00f2rica vinculaci\u00f3 des del s. XIII amb el cultiu de moreres, essencials per a la cria de cucs de seda que abastien la pr\u00f2spera ind\u00fastria sedera valenciana durant el Renaixement. Esta inclusi\u00f3 en l\u2019itinerari reconegut per la xarxa de rutes transnacionals europees permetr\u00e0 connectar l\u2019atractiu tur\u00edstic que generen estes rutes amb el perfil de&nbsp;<strong>turista solidari i implicat en la regeneraci\u00f3 del territori<\/strong>.<\/p>\n","protected":false},"excerpt":{"rendered":"<div class=\"mh-excerpt\">L\u2019Ajuntament de Bu\u00f1ol, amb el suport de la\u00a0Xarxa Mundial de Rutes Intel\u00b7ligents, Solid\u00e0ries i Regeneratives\u00a0i\u00a0Intel\u00b7lig\u00e8ncia Tur\u00edstica, posar\u00e0 en marxa una\u00a0fila zero\u00a0en la plataforma\u00a0Viatgers Solidaris\u00a0per a mobilitzar als participants d\u2019una de les festes m\u00e9s multitudin\u00e0ries de <a class=\"mh-excerpt-more\" href=\"https:\/\/www.tucomarca.com\/wordpress\/segunda\/ca\/el-programa-regenera-bunyol-posa-en-marxa-la-plataforma-viatgers-solidaris-en-la-tomatina-per-a-recaptar-fons-per-a-rehabilitar-el-castell-i-el-patrimoni-natural-danyats-per-la-dana\/\" title=\"El programa Regenera Bunyol posa en marxa la plataforma \u201cviatgers solidaris\u201d en la Tomatina per a recaptar fons per a rehabilitar el castell i el patrimoni natural danyats per la DANA\">[+] <\/a><\/div>\n","protected":false},"author":13,"featured_media":276527,"comment_status":"open","ping_status":"open","sticky":false,"template":"","format":"standard","meta":{"footnotes":""},"categories":[10911,21466,10894,10904,10912,11007,10896],"tags":[15409,11199,10914,15856,11185],"class_list":{"0":"post-276529","1":"post","2":"type-post","3":"status-publish","4":"format-standard","5":"has-post-thumbnail","7":"category-bunol-ca","8":"category-dana-ca","9":"category-la-comarca-ca","10":"category-sin-categorizar-ca","11":"category-la-hoya-ca","12":"category-ocio-y-cultura-ca","13":"category-seccion-ca","14":"tag-dana-2-ca","15":"tag-la-comunitat-ca","16":"tag-la-hoya-de-bunol-chiva-ca","17":"tag-ocio-y-cultura-ca","18":"tag-tomatina-ca"},"_links":{"self":[{"href":"https:\/\/www.tucomarca.com\/wordpress\/segunda\/ca\/wp-json\/wp\/v2\/posts\/276529","targetHints":{"allow":["GET"]}}],"collection":[{"href":"https:\/\/www.tucomarca.com\/wordpress\/segunda\/ca\/wp-json\/wp\/v2\/posts"}],"about":[{"href":"https:\/\/www.tucomarca.com\/wordpress\/segunda\/ca\/wp-json\/wp\/v2\/types\/post"}],"author":[{"embeddable":true,"href":"https:\/\/www.tucomarca.com\/wordpress\/segunda\/ca\/wp-json\/wp\/v2\/users\/13"}],"replies":[{"embeddable":true,"href":"https:\/\/www.tucomarca.com\/wordpress\/segunda\/ca\/wp-json\/wp\/v2\/comments?post=276529"}],"version-history":[{"count":0,"href":"https:\/\/www.tucomarca.com\/wordpress\/segunda\/ca\/wp-json\/wp\/v2\/posts\/276529\/revisions"}],"wp:featuredmedia":[{"embeddable":true,"href":"https:\/\/www.tucomarca.com\/wordpress\/segunda\/ca\/wp-json\/wp\/v2\/media\/276527"}],"wp:attachment":[{"href":"https:\/\/www.tucomarca.com\/wordpress\/segunda\/ca\/wp-json\/wp\/v2\/media?parent=276529"}],"wp:term":[{"taxonomy":"category","embeddable":true,"href":"https:\/\/www.tucomarca.com\/wordpress\/segunda\/ca\/wp-json\/wp\/v2\/categories?post=276529"},{"taxonomy":"post_tag","embeddable":true,"href":"https:\/\/www.tucomarca.com\/wordpress\/segunda\/ca\/wp-json\/wp\/v2\/tags?post=276529"}],"curies":[{"name":"wp","href":"https:\/\/api.w.org\/{rel}","templated":true}]}}