{"id":276533,"date":"2025-08-26T10:00:00","date_gmt":"2025-08-26T08:00:00","guid":{"rendered":"https:\/\/www.tucomarca.com\/wordpress\/segunda\/?p=276533"},"modified":"2025-08-26T10:35:12","modified_gmt":"2025-08-26T08:35:12","slug":"la-tomatina-2025-ja-esta-llesta-un-esclat-de-tomaterapia-com-a-simbol-de-resiliencia","status":"publish","type":"post","link":"https:\/\/www.tucomarca.com\/wordpress\/segunda\/ca\/la-tomatina-2025-ja-esta-llesta-un-esclat-de-tomaterapia-com-a-simbol-de-resiliencia\/","title":{"rendered":"La Tomatina 2025 ja est\u00e0 llesta, un esclat de Tomaterapia com a s\u00edmbol de resili\u00e8ncia"},"content":{"rendered":"\n<p>La Tomatina, una de les festes m\u00e9s populars del m\u00f3n, est\u00e0 a punt de celebrar la seua 78a edici\u00f3. Amb un desplegament de 120.000 quilos de tomaca i un aforament de 22.000 participants, l&#8217;esdeveniment d&#8217;enguany es presenta com alguna cosa m\u00e9s que una celebraci\u00f3; s&#8217;ha posicionat com un s\u00edmbol de recuperaci\u00f3 i superaci\u00f3 col\u00b7lectiva sota el lema Tomaterapia, amb una connotaci\u00f3 especialment rellevant despr\u00e9s del pas de la DANA per la prov\u00edncia la passada tardor.<\/p>\n\n\n\n<p>La Tomatina, declarada Festa d&#8217;Inter\u00e9s Tur\u00edstic Internacional, atraur\u00e0 a milers de persones el pr\u00f2xim&nbsp;27 d&#8217;agost per a participar en una catarsi festiva que, en els seus 60 minuts de duraci\u00f3, transformar\u00e0 els carrers de Bunyol en un llen\u00e7 de color roig intens. Encara que nom\u00e9s poden entrar 22.000 persones per limitaci\u00f3 d&#8217;aforament, s&#8217;espera que acudisquen a la localitat valenciana unes 45.000 persones.&nbsp;<\/p>\n\n\n\n<p>\u201cPer a nosaltres, com bu\u00f1oleros, \u00e9s un honor i un orgull que el m\u00f3n sencer mire al nostre poble, per aix\u00f2 treballem durant molts mesos perqu\u00e8 tot isca b\u00e9. \u00c9s una hora de Tomaterapia per\u00f2 porta molta faena conjunta de voluntaris, professionals del camp, forces i cossos de seguretat de l&#8217;estat i tamb\u00e9 un esfor\u00e7 enorme per part dels habitants de Bunyol. Per\u00f2 estem conven\u00e7uts que cada any treballem m\u00e9s i millor perqu\u00e8 tot isca b\u00e9\u201d, comenta Sergio Galarza, regidor de Tomatina i Tinent Alcalde de Bunyol.&nbsp;<\/p>\n\n\n\n<p>L&#8217;organitzaci\u00f3 ha garantit la seguretat de tots els assistents, implementant un ampli dispositiu i punts violeta al llarg del recorregut per a un desenvolupament sense incidents. Aquest enfocament en la seguretat, combinat amb l&#8217;alegria de la celebraci\u00f3, refor\u00e7a el car\u00e0cter \u00fanic de La Tomatina com un esdeveniment cultural de refer\u00e8ncia mundial. \u201cLa Tomatina consisteix en una esp\u00e8cie de ter\u00e0pia, per a riure, per a soltar tensi\u00f3 des del bon rotllo. Cal viure-la. I perqu\u00e8 tots puguen viure-la b\u00e9 i sense problemes cal fer un esfor\u00e7 en la seguretat de tots\u201d, conclou Galarza.&nbsp;<\/p>\n\n\n\n<p><strong>Preparatius i agenda de La Tomatina 2025<\/strong><\/p>\n\n\n\n<p>El programa oficial de La Tomatina 2025 arranca abans de l&#8217;esdeveniment principal. El dissabte,&nbsp;23 d&#8217;agost, la Pla\u00e7a del Poble acollir\u00e0 la&nbsp;Tomatina Infantil, una versi\u00f3 de la festa per a xiquets de fins a 12 anys que es desenvolupar\u00e0 a partir de les 12.00 hores amb 3.000 quilos de tomaca.<\/p>\n\n\n\n<p>La log\u00edstica per a l&#8217;esdeveniment principal ja est\u00e0 en marxa. El&nbsp;26 d&#8217;agost, a les 12.00 hores, es dur\u00e0 a terme la c\u00e0rrega dels 120.000 quilos de tomaca en la nau de Bunyol, moment en el qual el regidor de Tomatina i Festes, Sergio Galarza, atendr\u00e0 els mitjans de comunicaci\u00f3 per a oferir els \u00faltims detalls sobre l&#8217;organitzaci\u00f3 i les expectatives per a la present edici\u00f3.<\/p>\n\n\n\n<p>La jornada principal, el&nbsp;dimecres 27 d&#8217;agost, comen\u00e7ar\u00e0 oficialment a les 11.00 hores amb el tradicional&nbsp;Pal Sab\u00f3, un desafiament previ a la batalla que congrega a un p\u00fablic entusiasta. A les&nbsp;12.00 hores, un tret de coet marcar\u00e0 l&#8217;inici de la Tomatina, i sis camions iniciaran el repartiment de la munici\u00f3 festiva al llarg del recorregut. Exactament una hora despr\u00e9s, a les&nbsp;13.00 hores, un segon coet assenyalar\u00e0 el final de la batalla, donant pas a les labors de neteja i al After Party RedBull Tomatina en el poliesportiu El Planel.<\/p>\n\n\n\n<p>Un any m\u00e9s, <strong>tucomarca televisi\u00f3<\/strong> oferir\u00e0 en directe per streeming el desenvolupament de La Tomatina amb entrevistes als diversos convidats que s&#8217;acosten fins a la casa consistorial; i ser\u00e0 retransmesa tamb\u00e9 en directe per aPunt, que oferir\u00e0 90 minuts de directe el mat\u00ed del 27 d&#8217;agost. Per a l&#8217;edici\u00f3 d&#8217;enguany hi ha m\u00e9s de 300 periodistes acreditats. Pa\u00efsos com la Xina, Holanda, el Jap\u00f3, L&#8217;\u00cdndia, B\u00e8lgica, Fran\u00e7a, el Brasil, els EUA, UK, Austr\u00e0lia i Alemanya es veuran representats per periodistes que vindran a cobrir la informaci\u00f3 de l&#8217;esdeveniment.<\/p>\n\n\n\n<p>A m\u00e9s, cal destacar la pres\u00e8ncia de influencers com la brasilera Helena Wranny, o els espanyols Diego Nister, Cuina amb Claudio i Zampi News, entre altres.&nbsp;<\/p>\n\n\n\n<p><strong>Un \u00e8xit consolidat amb impacte global<\/strong><\/p>\n\n\n\n<p>L&#8217;edici\u00f3 de 2024 va marcar una fita amb un sold out per primera vegada en anys, aconseguint els 22.000 participants, dels quals 15.000 van ser visitants amb entrada i 7.000 ve\u00efns del municipi. La festa ha demostrat una vegada m\u00e9s la seua capacitat per a atraure a un p\u00fablic global, amb una forta pres\u00e8ncia d&#8217;assistents del Regne Unit, l&#8217;\u00cdndia, el Jap\u00f3, Austr\u00e0lia i els Estats Units.<\/p>\n","protected":false},"excerpt":{"rendered":"<div class=\"mh-excerpt\">La Tomatina, una de les festes m\u00e9s populars del m\u00f3n, est\u00e0 a punt de celebrar la seua 78a edici\u00f3. Amb un desplegament de 120.000 quilos de tomaca i un aforament de 22.000 participants, l&#8217;esdeveniment d&#8217;enguany <a class=\"mh-excerpt-more\" href=\"https:\/\/www.tucomarca.com\/wordpress\/segunda\/ca\/la-tomatina-2025-ja-esta-llesta-un-esclat-de-tomaterapia-com-a-simbol-de-resiliencia\/\" title=\"La Tomatina 2025 ja est\u00e0 llesta, un esclat de Tomaterapia com a s\u00edmbol de resili\u00e8ncia\">[+] <\/a><\/div>\n","protected":false},"author":13,"featured_media":234637,"comment_status":"open","ping_status":"open","sticky":false,"template":"","format":"standard","meta":{"footnotes":""},"categories":[11019,10911,10898,10894,10912,11007,10896],"tags":[10913,10914,15856,11185],"class_list":{"0":"post-276533","1":"post","2":"type-post","3":"status-publish","4":"format-standard","5":"has-post-thumbnail","7":"category-agenda-ca","8":"category-bunol-ca","9":"category-ventana-ca","10":"category-la-comarca-ca","11":"category-la-hoya-ca","12":"category-ocio-y-cultura-ca","13":"category-seccion-ca","14":"tag-bunol-ca","15":"tag-la-hoya-de-bunol-chiva-ca","16":"tag-ocio-y-cultura-ca","17":"tag-tomatina-ca"},"_links":{"self":[{"href":"https:\/\/www.tucomarca.com\/wordpress\/segunda\/ca\/wp-json\/wp\/v2\/posts\/276533","targetHints":{"allow":["GET"]}}],"collection":[{"href":"https:\/\/www.tucomarca.com\/wordpress\/segunda\/ca\/wp-json\/wp\/v2\/posts"}],"about":[{"href":"https:\/\/www.tucomarca.com\/wordpress\/segunda\/ca\/wp-json\/wp\/v2\/types\/post"}],"author":[{"embeddable":true,"href":"https:\/\/www.tucomarca.com\/wordpress\/segunda\/ca\/wp-json\/wp\/v2\/users\/13"}],"replies":[{"embeddable":true,"href":"https:\/\/www.tucomarca.com\/wordpress\/segunda\/ca\/wp-json\/wp\/v2\/comments?post=276533"}],"version-history":[{"count":0,"href":"https:\/\/www.tucomarca.com\/wordpress\/segunda\/ca\/wp-json\/wp\/v2\/posts\/276533\/revisions"}],"wp:featuredmedia":[{"embeddable":true,"href":"https:\/\/www.tucomarca.com\/wordpress\/segunda\/ca\/wp-json\/wp\/v2\/media\/234637"}],"wp:attachment":[{"href":"https:\/\/www.tucomarca.com\/wordpress\/segunda\/ca\/wp-json\/wp\/v2\/media?parent=276533"}],"wp:term":[{"taxonomy":"category","embeddable":true,"href":"https:\/\/www.tucomarca.com\/wordpress\/segunda\/ca\/wp-json\/wp\/v2\/categories?post=276533"},{"taxonomy":"post_tag","embeddable":true,"href":"https:\/\/www.tucomarca.com\/wordpress\/segunda\/ca\/wp-json\/wp\/v2\/tags?post=276533"}],"curies":[{"name":"wp","href":"https:\/\/api.w.org\/{rel}","templated":true}]}}