{"id":276629,"date":"2025-08-25T12:00:00","date_gmt":"2025-08-25T10:00:00","guid":{"rendered":"https:\/\/www.tucomarca.com\/wordpress\/segunda\/?p=276629"},"modified":"2025-08-25T17:41:31","modified_gmt":"2025-08-25T15:41:31","slug":"el-cap-de-climatologia-de-aemet-admet-errors-en-la-gestio-de-la-dana-no-dire-que-ho-vam-fer-molt-be-perque-va-haver-hi-228-morts","status":"publish","type":"post","link":"https:\/\/www.tucomarca.com\/wordpress\/segunda\/ca\/el-cap-de-climatologia-de-aemet-admet-errors-en-la-gestio-de-la-dana-no-dire-que-ho-vam-fer-molt-be-perque-va-haver-hi-228-morts\/","title":{"rendered":"El cap de Climatologia de Aemet admet errors en la gesti\u00f3 de la DANA: \u201cNo dir\u00e9 que ho vam fer molt b\u00e9 perqu\u00e8 va haver-hi 228 morts\u201d"},"content":{"rendered":"\n<h3 class=\"wp-block-heading\">El cap de Climatologia de l&#8217;Ag\u00e8ncia Estatal de Meteorologia (Aemet) en la Comunitat Valenciana, Jos\u00e9 \u00c1ngel N\u00fa\u00f1ez, ha adm\u00e9s aquest dilluns que la gesti\u00f3 de la DANA del passat 29 d&#8217;octubre de 2024 &#8220;no va ser l&#8217;adequada&#8221;, ja que la trag\u00e8dia &#8220;va deixar 228 v\u00edctimes mortals&#8221; a la prov\u00edncia de Val\u00e8ncia.<\/h3>\n\n\n\n<p>En declaracions a&nbsp;\u00c0 Punt, el cap de Climatologia de l&#8217;Ag\u00e8ncia Estatal de Meteorologia (Aemet) en la Comunitat Valenciana, Jos\u00e9 \u00c1ngel N\u00fa\u00f1ez, ha adm\u00e9s aquest dilluns que la gesti\u00f3 de la DANA del passat 29 d&#8217;octubre de 2024 &#8220;no va ser l&#8217;adequada&#8221;, ja que la trag\u00e8dia &#8220;va deixar 228 v\u00edctimes mortals&#8221; a la prov\u00edncia de Val\u00e8ncia. N\u00fa\u00f1ez ha recalcat que la missi\u00f3 principal de la Aemet \u00e9s \u201cprotegir b\u00e9ns i vides\u201d i, en aquesta ocasi\u00f3, eixe objectiu no es va complir. \u201cNo dir\u00e9 que ho vam fer molt b\u00e9 perqu\u00e8 la realitat \u00e9s que va haver-hi 228 morts\u201d, ha lamentat.<\/p>\n\n\n\n<p>El meteor\u00f2leg ha reconegut que l&#8217;episodi va superar totes les previsions. \u201cEvidentment, jo no sabia que anaven a caure 770 litres a Tor\u00eds i ni en els meus pitjors somnis vaig pensar que anava a haver-hi 220 morts a causa d&#8217;eixa riuada\u201d, ha assegurat. Per a ell, la gesti\u00f3 d&#8217;emerg\u00e8ncies ha de basar-se en l&#8217;adopci\u00f3 de mesures preventives \u201cal m\u00e9s prompte possible, de manera massiva i amb una alerta clara a la poblaci\u00f3\u201d.<\/p>\n\n\n\n<p>En la seua an\u00e0lisi, ha subratllat que \u201cla ci\u00e8ncia ens deia eixe dia que era un dia de perill extraordinari\u201d, per\u00f2 ha apuntat que mentre en la riuada de 1957 no va haver-hi av\u00eds meteorol\u00f2gic encara que s\u00ed una alerta social difosa pels mitjans, a l&#8217;octubre de 2024 \u201cva haver-hi av\u00eds meteorol\u00f2gic, per\u00f2 l&#8217;alerta va arribar molt tard\u201d.<\/p>\n\n\n\n<p>N\u00fa\u00f1ez ha volgut destacar, no obstant aix\u00f2, la traject\u00f2ria dels equips de protecci\u00f3 civil de la Comunitat Valenciana, als quals ha qualificat com a \u201cexcel\u00b7lents\u201d i amb d\u00e8cades d&#8217;experi\u00e8ncia en la gesti\u00f3 de crisi. Aix\u00ed i tot, creu que un dels grans errors comesos va ser \u201cconfiar massa en la tecnologia i apartar el factor hum\u00e0\u201d.<\/p>\n\n\n\n<p>\u201cS&#8217;han gestionat emerg\u00e8ncies amb \u00e8xit, amb anticipaci\u00f3, i som els mateixos que fa deu o vint anys. Per tant, toca analitzar qu\u00e8 va fallar exactament\u201d, ha concl\u00f2s.<\/p>\n","protected":false},"excerpt":{"rendered":"<div class=\"mh-excerpt\">El cap de Climatologia de l&#8217;Ag\u00e8ncia Estatal de Meteorologia (Aemet) en la Comunitat Valenciana, Jos\u00e9 \u00c1ngel N\u00fa\u00f1ez, ha adm\u00e9s aquest dilluns que la gesti\u00f3 de la DANA del passat 29 d&#8217;octubre de 2024 &#8220;no va <a class=\"mh-excerpt-more\" href=\"https:\/\/www.tucomarca.com\/wordpress\/segunda\/ca\/el-cap-de-climatologia-de-aemet-admet-errors-en-la-gestio-de-la-dana-no-dire-que-ho-vam-fer-molt-be-perque-va-haver-hi-228-morts\/\" title=\"El cap de Climatologia de Aemet admet errors en la gesti\u00f3 de la DANA: \u201cNo dir\u00e9 que ho vam fer molt b\u00e9 perqu\u00e8 va haver-hi 228 morts\u201d\">[+] <\/a><\/div>\n","protected":false},"author":1,"featured_media":244128,"comment_status":"open","ping_status":"open","sticky":false,"template":"","format":"standard","meta":{"footnotes":""},"categories":[21466,10898,10948,10894,10904,10903,10947,10896,10897],"tags":[13456,11449,15409],"class_list":{"0":"post-276629","1":"post","2":"type-post","3":"status-publish","4":"format-standard","5":"has-post-thumbnail","7":"category-dana-ca","8":"category-ventana-ca","9":"category-infraestructuras-ca","10":"category-la-comarca-ca","11":"category-sin-categorizar-ca","12":"category-medio-ambiente-la-comarca-ca","13":"category-politica","14":"category-seccion-ca","15":"category-sucesos-la-comarca-ca","16":"tag-aemet-ca","17":"tag-agencia-estatal-de-meteorologia-aemet","18":"tag-dana-2-ca"},"_links":{"self":[{"href":"https:\/\/www.tucomarca.com\/wordpress\/segunda\/ca\/wp-json\/wp\/v2\/posts\/276629","targetHints":{"allow":["GET"]}}],"collection":[{"href":"https:\/\/www.tucomarca.com\/wordpress\/segunda\/ca\/wp-json\/wp\/v2\/posts"}],"about":[{"href":"https:\/\/www.tucomarca.com\/wordpress\/segunda\/ca\/wp-json\/wp\/v2\/types\/post"}],"author":[{"embeddable":true,"href":"https:\/\/www.tucomarca.com\/wordpress\/segunda\/ca\/wp-json\/wp\/v2\/users\/1"}],"replies":[{"embeddable":true,"href":"https:\/\/www.tucomarca.com\/wordpress\/segunda\/ca\/wp-json\/wp\/v2\/comments?post=276629"}],"version-history":[{"count":0,"href":"https:\/\/www.tucomarca.com\/wordpress\/segunda\/ca\/wp-json\/wp\/v2\/posts\/276629\/revisions"}],"wp:featuredmedia":[{"embeddable":true,"href":"https:\/\/www.tucomarca.com\/wordpress\/segunda\/ca\/wp-json\/wp\/v2\/media\/244128"}],"wp:attachment":[{"href":"https:\/\/www.tucomarca.com\/wordpress\/segunda\/ca\/wp-json\/wp\/v2\/media?parent=276629"}],"wp:term":[{"taxonomy":"category","embeddable":true,"href":"https:\/\/www.tucomarca.com\/wordpress\/segunda\/ca\/wp-json\/wp\/v2\/categories?post=276629"},{"taxonomy":"post_tag","embeddable":true,"href":"https:\/\/www.tucomarca.com\/wordpress\/segunda\/ca\/wp-json\/wp\/v2\/tags?post=276629"}],"curies":[{"name":"wp","href":"https:\/\/api.w.org\/{rel}","templated":true}]}}