{"id":276795,"date":"2025-08-26T07:45:00","date_gmt":"2025-08-26T05:45:00","guid":{"rendered":"https:\/\/www.tucomarca.com\/wordpress\/segunda\/?p=276795"},"modified":"2025-08-26T14:50:50","modified_gmt":"2025-08-26T12:50:50","slug":"la-diputacio-de-valencia-reafirma-la-seua-estrategia-contra-la-sobrepoblacio-de-senglars-en-collaboracio-amb-la-generalitat-i-els-ajuntaments","status":"publish","type":"post","link":"https:\/\/www.tucomarca.com\/wordpress\/segunda\/ca\/la-diputacio-de-valencia-reafirma-la-seua-estrategia-contra-la-sobrepoblacio-de-senglars-en-collaboracio-amb-la-generalitat-i-els-ajuntaments\/","title":{"rendered":"La Diputaci\u00f3 de Val\u00e8ncia reafirma la seua estrat\u00e8gia contra la sobrepoblaci\u00f3 de senglars en col\u00b7laboraci\u00f3 amb la Generalitat i els ajuntaments"},"content":{"rendered":"\n<h3 class=\"wp-block-heading\">Avelino Mascarell: \u201cLes administracions valencianes treballem coordinadament per a protegir la seguretat vi\u00e0ria, l&#8217;agricultura i l&#8217;entorn natural a trav\u00e9s de mesures efectives, innovadores i sostenibles\u201d.<\/h3>\n\n\n\n<h3 class=\"wp-block-heading\">El diputat de Medi Ambient assistix a X\u00e0bia a la presentaci\u00f3 del Pla de xoc contra la sobrepoblaci\u00f3 de senglars en la Comunitat Valenciana, impulsat per la Conselleria.<\/h3>\n\n\n\n<p>La Diputaci\u00f3 de Val\u00e8ncia reafirma la seua estrat\u00e8gia contra la sobrepoblaci\u00f3 de senglars i continua treballant en col\u00b7laboraci\u00f3 amb la Generalitat i els ajuntaments afectats. \u201cEls responsables pol\u00edtics i t\u00e8cnics de les \u00e0rees implicades de la Diputaci\u00f3 i la Generalitat estem treballant de manera coordinada amb els pobles, entitats agr\u00e0ries i ca\u00e7adors perqu\u00e8 estes actuacions siguen el m\u00e9s efectives possible amb l&#8217;objectiu de protegir la seguretat vi\u00e0ria, l&#8217;agricultura i l&#8217;entorn natural\u201d, ha esgrimit el diputat de Medi Ambient, Avelino Mascarell, qui ha assistit este mat\u00ed a X\u00e0bia a la presentaci\u00f3 del Pla de xoc contra la sobrepoblaci\u00f3 de senglars en la Comunitat Valenciana, impulsat per la Conselleria de Medi Ambient, Infraestructures i Territori.<\/p>\n\n\n\n<p>A m\u00e9s, ha explicat Mascarell, \u201cles mesures van encaminades tamb\u00e9 a aprofitar la carn de ca\u00e7a per a donar-li valor i evitar p\u00e8rdues i desaprofitaments, aix\u00ed com generar emprenedoria a l&#8217;interior i contribuir d&#8217;esta manera a frenar la despoblaci\u00f3\u201d.<\/p>\n\n\n\n<p>Aix\u00ed, entre altres actuacions, la corporaci\u00f3 provincial va finan\u00e7ar l&#8217;any passat a la Federaci\u00f3 Valenciana de Ca\u00e7a amb 50.000 euros per a l&#8217;elaboraci\u00f3 d&#8217;un informe de la sobrepoblaci\u00f3 de senglar a la prov\u00edncia de Val\u00e8ncia, identificant-se les necessitats principals per a combatre-ho i amb an\u00e0lisis de \u2018best practices\u2019 dutes a terme en altres regions, a nivell nacional i internacional.<\/p>\n\n\n\n<p>En 2025, el finan\u00e7ament de la Diputaci\u00f3 a la Federaci\u00f3 aconseguir\u00e0 els 600.000 euros, dels quals uns 300.000 es destinaran a la intensificaci\u00f3 de les batudes per a control, i la resta, a l&#8217;adquisici\u00f3 i adaptaci\u00f3 d&#8217;un cami\u00f3- escorxador que proporcione als ca\u00e7adors una soluci\u00f3 eficient i segura per a la realitzaci\u00f3 de les an\u00e0lisis i la conservaci\u00f3 dels exemplars en terminis idonis des del punt de vista sanitari i log\u00edstic.<\/p>\n\n\n\n<p>Igualment, els pobles valencians tamb\u00e9 poden aplicar el Pla Obert d\u00b4Inversions de la Diputaci\u00f3 o la l\u00ednia de la Generalitat per a adquirir paranys i menjadores per a la modalitat de ca\u00e7a d&#8217;espera, aix\u00ed com per a disposar de drons de vigil\u00e0ncia, visors t\u00e8rmics i precintes electr\u00f2nics que els auxilien en les actuacions de gesti\u00f3 del problema.<\/p>\n\n\n\n<p>En este sentit, el diputat Mascarell ha subratllat que el pla auton\u00f2mic presentat hui \u201cs&#8217;alinea amb l&#8217;estrat\u00e8gia de la Diputaci\u00f3 de Val\u00e8ncia, que des de l&#8217;inici del mandat ha apostat per invertir m\u00e9s i millor en la protecci\u00f3 dels nostres ve\u00efns, el nostre territori i en el futur de la nostra agricultura, tan afectada per la sobrepoblaci\u00f3 d&#8217;esp\u00e8cies cineg\u00e8tiques\u201d.<\/p>\n\n\n\n<p>En l&#8217;actualitat, prop del 90\u202f% dels municipis de la prov\u00edncia de Val\u00e8ncia patixen esta invasi\u00f3 (245 pobles dels 266 tenen declarada la sobreabund\u00e0ncia), la qual cosa representa una clara emerg\u00e8ncia per al medi rural i urb\u00e0. Durant l&#8217;\u00faltima temporada de ca\u00e7a es van abatre m\u00e9s de 54.000 exemplars en tota la Comunitat Valenciana, m\u00e9s del doble que fa una d\u00e8cada, i les llic\u00e8ncies de ca\u00e7adors han disminu\u00eft un 80%. Els accidents de tr\u00e0nsit causats per senglars s&#8217;han multiplicat fins als 800 casos anuals, i s&#8217;estan generant a m\u00e9s en tota la comunitat p\u00e8rdues agr\u00edcoles per valor de milions d&#8217;euros.<\/p>\n\n\n\n<p>Els senglars estan abandonant els que eren els seus h\u00e0bitats i accedint a zones en les quals no eren habituals, generant-se una situaci\u00f3 an\u00f2mala amb densitats inusuals, que amena\u00e7a l&#8217;equilibri dels ecosistemes i la seguretat de les persones, causada per l&#8217;encreuament de vies i accessos a zones poblades, especialment en zones de disseminats.<\/p>\n\n\n\n<p>Per tot aix\u00f2, \u00e9s necessari el treball conjunt de les administracions. Una col\u00b7laboraci\u00f3 que s&#8217;ha demostrat en la presentaci\u00f3 del pla de xoc auton\u00f2mic que ha comptat amb la pres\u00e8ncia del conseller de Medi Ambient, Vicente Mart\u00ednez Mus; el secretari auton\u00f2mic de Medi Ambient i Territori, Ra\u00fal M\u00e8rida; el director general de Medi natural i Animal, Luis Gomis; aix\u00ed com l&#8217;alcaldessa de X\u00e0bia, Rosa Cardona i regidors del municipi alacant\u00ed.<\/p>\n\n\n\n<h3 class=\"wp-block-heading\"><\/h3>\n","protected":false},"excerpt":{"rendered":"<div class=\"mh-excerpt\">Avelino Mascarell: \u201cLes administracions valencianes treballem coordinadament per a protegir la seguretat vi\u00e0ria, l&#8217;agricultura i l&#8217;entorn natural a trav\u00e9s de mesures efectives, innovadores i sostenibles\u201d. El diputat de Medi Ambient assistix a X\u00e0bia a la <a class=\"mh-excerpt-more\" href=\"https:\/\/www.tucomarca.com\/wordpress\/segunda\/ca\/la-diputacio-de-valencia-reafirma-la-seua-estrategia-contra-la-sobrepoblacio-de-senglars-en-collaboracio-amb-la-generalitat-i-els-ajuntaments\/\" title=\"La Diputaci\u00f3 de Val\u00e8ncia reafirma la seua estrat\u00e8gia contra la sobrepoblaci\u00f3 de senglars en col\u00b7laboraci\u00f3 amb la Generalitat i els ajuntaments\">[+] <\/a><\/div>\n","protected":false},"author":13,"featured_media":276793,"comment_status":"open","ping_status":"open","sticky":false,"template":"","format":"standard","meta":{"footnotes":""},"categories":[10898,10948,10894,10904,10903,10947,10896],"tags":[21009,12166],"class_list":{"0":"post-276795","1":"post","2":"type-post","3":"status-publish","4":"format-standard","5":"has-post-thumbnail","7":"category-ventana-ca","8":"category-infraestructuras-ca","9":"category-la-comarca-ca","10":"category-sin-categorizar-ca","11":"category-medio-ambiente-la-comarca-ca","12":"category-politica","13":"category-seccion-ca","14":"tag-la-diputacio-de-valencia-ca","15":"tag-medio-ambiente-ca"},"_links":{"self":[{"href":"https:\/\/www.tucomarca.com\/wordpress\/segunda\/ca\/wp-json\/wp\/v2\/posts\/276795","targetHints":{"allow":["GET"]}}],"collection":[{"href":"https:\/\/www.tucomarca.com\/wordpress\/segunda\/ca\/wp-json\/wp\/v2\/posts"}],"about":[{"href":"https:\/\/www.tucomarca.com\/wordpress\/segunda\/ca\/wp-json\/wp\/v2\/types\/post"}],"author":[{"embeddable":true,"href":"https:\/\/www.tucomarca.com\/wordpress\/segunda\/ca\/wp-json\/wp\/v2\/users\/13"}],"replies":[{"embeddable":true,"href":"https:\/\/www.tucomarca.com\/wordpress\/segunda\/ca\/wp-json\/wp\/v2\/comments?post=276795"}],"version-history":[{"count":0,"href":"https:\/\/www.tucomarca.com\/wordpress\/segunda\/ca\/wp-json\/wp\/v2\/posts\/276795\/revisions"}],"wp:featuredmedia":[{"embeddable":true,"href":"https:\/\/www.tucomarca.com\/wordpress\/segunda\/ca\/wp-json\/wp\/v2\/media\/276793"}],"wp:attachment":[{"href":"https:\/\/www.tucomarca.com\/wordpress\/segunda\/ca\/wp-json\/wp\/v2\/media?parent=276795"}],"wp:term":[{"taxonomy":"category","embeddable":true,"href":"https:\/\/www.tucomarca.com\/wordpress\/segunda\/ca\/wp-json\/wp\/v2\/categories?post=276795"},{"taxonomy":"post_tag","embeddable":true,"href":"https:\/\/www.tucomarca.com\/wordpress\/segunda\/ca\/wp-json\/wp\/v2\/tags?post=276795"}],"curies":[{"name":"wp","href":"https:\/\/api.w.org\/{rel}","templated":true}]}}