{"id":276936,"date":"2025-08-27T08:00:00","date_gmt":"2025-08-27T06:00:00","guid":{"rendered":"https:\/\/www.tucomarca.com\/wordpress\/segunda\/?p=276936"},"modified":"2025-08-27T15:18:11","modified_gmt":"2025-08-27T13:18:11","slug":"segueix-la-retransmissio-en-directe-de-la-tomatina-2025-de-bunyol-per-tucomarca-televisio","status":"publish","type":"post","link":"https:\/\/www.tucomarca.com\/wordpress\/segunda\/ca\/segueix-la-retransmissio-en-directe-de-la-tomatina-2025-de-bunyol-per-tucomarca-televisio\/","title":{"rendered":"Aix\u00ed ha sigut la retransmissi\u00f3 en directe de La Tomatina 2025 de Bunyol per tucomarca televisi\u00f3"},"content":{"rendered":"\n<figure class=\"wp-block-embed is-type-video is-provider-youtube wp-block-embed-youtube wp-embed-aspect-4-3 wp-has-aspect-ratio\"><div class=\"wp-block-embed__wrapper\">\n<iframe loading=\"lazy\" title=\"La Tomatina 2025 en directo desde el Ayuntamiento de Bu\u00f1ol a trav\u00e9s de tucomarca.com\" width=\"500\" height=\"375\" src=\"https:\/\/www.youtube.com\/embed\/MFsOC3gQSEg?feature=oembed\" frameborder=\"0\" allow=\"accelerometer; autoplay; clipboard-write; encrypted-media; gyroscope; picture-in-picture; web-share\" referrerpolicy=\"strict-origin-when-cross-origin\" allowfullscreen><\/iframe>\n<\/div><\/figure>\n\n\n\n<p>Aix\u00ed ha sigut la retransmissi\u00f3 de l&#8217;edici\u00f3 2025 de La Tomatina de Bunyol en directe a trav\u00e9s de tucomarca televisi\u00f3. Un any m\u00e9s, l&#8217;has poguda viure en directe amb nosaltres des d&#8217;un dels balcons de l&#8217;Ajuntament de la localitat amb els protagonistes i convidats en un programa condu\u00eft pel director de tucomarca.com Miguel \u00c1ngel Pall\u00e1s.<\/p>\n","protected":false},"excerpt":{"rendered":"<div class=\"mh-excerpt\">Aix\u00ed ha sigut la retransmissi\u00f3 de l&#8217;edici\u00f3 2025 de La Tomatina de Bunyol en directe a trav\u00e9s de tucomarca televisi\u00f3. Un any m\u00e9s, l&#8217;has poguda viure en directe amb nosaltres des d&#8217;un dels balcons de <a class=\"mh-excerpt-more\" href=\"https:\/\/www.tucomarca.com\/wordpress\/segunda\/ca\/segueix-la-retransmissio-en-directe-de-la-tomatina-2025-de-bunyol-per-tucomarca-televisio\/\" title=\"Aix\u00ed ha sigut la retransmissi\u00f3 en directe de La Tomatina 2025 de Bunyol per tucomarca televisi\u00f3\">[+] <\/a><\/div>\n","protected":false},"author":1,"featured_media":276944,"comment_status":"open","ping_status":"open","sticky":false,"template":"","format":"video","meta":{"footnotes":""},"categories":[11019,10911,10898,10894,10904,10912,11007,10896,11062],"tags":[22088,10913,10914,11740,11185],"class_list":{"0":"post-276936","1":"post","2":"type-post","3":"status-publish","4":"format-video","5":"has-post-thumbnail","7":"category-agenda-ca","8":"category-bunol-ca","9":"category-ventana-ca","10":"category-la-comarca-ca","11":"category-sin-categorizar-ca","12":"category-la-hoya-ca","13":"category-ocio-y-cultura-ca","14":"category-seccion-ca","15":"category-videos","16":"tag-2025-ca","17":"tag-bunol-ca","18":"tag-la-hoya-de-bunol-chiva-ca","19":"tag-la-tomatina-ca","20":"tag-tomatina-ca","21":"post_format-post-format-video"},"_links":{"self":[{"href":"https:\/\/www.tucomarca.com\/wordpress\/segunda\/ca\/wp-json\/wp\/v2\/posts\/276936","targetHints":{"allow":["GET"]}}],"collection":[{"href":"https:\/\/www.tucomarca.com\/wordpress\/segunda\/ca\/wp-json\/wp\/v2\/posts"}],"about":[{"href":"https:\/\/www.tucomarca.com\/wordpress\/segunda\/ca\/wp-json\/wp\/v2\/types\/post"}],"author":[{"embeddable":true,"href":"https:\/\/www.tucomarca.com\/wordpress\/segunda\/ca\/wp-json\/wp\/v2\/users\/1"}],"replies":[{"embeddable":true,"href":"https:\/\/www.tucomarca.com\/wordpress\/segunda\/ca\/wp-json\/wp\/v2\/comments?post=276936"}],"version-history":[{"count":0,"href":"https:\/\/www.tucomarca.com\/wordpress\/segunda\/ca\/wp-json\/wp\/v2\/posts\/276936\/revisions"}],"wp:featuredmedia":[{"embeddable":true,"href":"https:\/\/www.tucomarca.com\/wordpress\/segunda\/ca\/wp-json\/wp\/v2\/media\/276944"}],"wp:attachment":[{"href":"https:\/\/www.tucomarca.com\/wordpress\/segunda\/ca\/wp-json\/wp\/v2\/media?parent=276936"}],"wp:term":[{"taxonomy":"category","embeddable":true,"href":"https:\/\/www.tucomarca.com\/wordpress\/segunda\/ca\/wp-json\/wp\/v2\/categories?post=276936"},{"taxonomy":"post_tag","embeddable":true,"href":"https:\/\/www.tucomarca.com\/wordpress\/segunda\/ca\/wp-json\/wp\/v2\/tags?post=276936"}],"curies":[{"name":"wp","href":"https:\/\/api.w.org\/{rel}","templated":true}]}}