{"id":277110,"date":"2025-08-28T12:00:00","date_gmt":"2025-08-28T10:00:00","guid":{"rendered":"https:\/\/www.tucomarca.com\/wordpress\/segunda\/?p=277110"},"modified":"2025-08-28T17:13:30","modified_gmt":"2025-08-28T15:13:30","slug":"la-generalitat-activa-els-treballs-davaluacio-per-a-la-restauracio-ecologica-de-larea-afectada-per-lincendi-de-teresa-de-cofrents","status":"publish","type":"post","link":"https:\/\/www.tucomarca.com\/wordpress\/segunda\/ca\/la-generalitat-activa-els-treballs-davaluacio-per-a-la-restauracio-ecologica-de-larea-afectada-per-lincendi-de-teresa-de-cofrents\/","title":{"rendered":"La Generalitat activa els treballs d&#8217;avaluaci\u00f3 per a la restauraci\u00f3 ecol\u00f2gica de l&#8217;\u00e0rea afectada per l&#8217;incendi de Teresa de Cofrents"},"content":{"rendered":"\n<h3 class=\"wp-block-heading\">El conseller de Medi Ambient ressalta que \u201cla prioritat \u00e9s garantir una recuperaci\u00f3 integral de l&#8217;ecosistema de la zona\u201d.<\/h3>\n\n\n\n<h3 class=\"wp-block-heading\">Actualment, la Conselleria mant\u00e9 desplegats sobre el terreny de la Comunitat Valenciana prop de 500 professionals que conformen el Servei de Vigil\u00e0ncia Preventiva.<\/h3>\n\n\n\n<p>La Generalitat ha activat els treballs d&#8217;avaluaci\u00f3 per a la restauraci\u00f3 ecol\u00f2gica de l&#8217;\u00e0rea afectada per l&#8217;incendi de Teresa de Cofrents.<\/p>\n\n\n\n<p>Aix\u00ed ho ha confirmat el conseller de Medi Ambient, Infraestructures i Territori, Vicente Mart\u00ednez Mus, despr\u00e9s de visitar la zona acompanyat pel secretari auton\u00f2mic de Medi Ambient i Territori, Ra\u00fal M\u00e8rida; el director general de Medi natural i Animal, Luis Gomis; la directora general Prevenci\u00f3 d&#8217;Incendis Forestals, Rosa Touris i l&#8217;alcalde de la localitat, Jos\u00e9 Javier Jim\u00e9nez.<\/p>\n\n\n\n<p>Durant el recorregut per l&#8217;\u00e0rea afectada per l&#8217;incendi causat per un llamp durant una tempesta seca el 13 d&#8217;agost, Mart\u00ednez Mus ha traslladat que la voluntat del seu departament \u00e9s actuar com m\u00e9s prompte millor i ha ressaltat que \u201cla prioritat \u00e9s garantir una recuperaci\u00f3 integral de l&#8217;ecosistema de la zona\u201d.<\/p>\n\n\n\n<p>Aix\u00ed mateix, el conseller ha posat en valor el treball del personal de prevenci\u00f3 i d&#8217;extinci\u00f3 d&#8217;incendis i ha subratllat que \u201cla r\u00e0pida i efica\u00e7 detecci\u00f3 i intervenci\u00f3 del personal de vigil\u00e0ncia preventiva i dels equips d&#8217;emerg\u00e8ncies va ser clau per a minimitzar els efectes i evitar una major propagaci\u00f3 del foc, malgrat la complicada orografia i les condicions meteorol\u00f2giques adverses\u201d. Finalment, l&#8217;incendi va arrasar 504 hect\u00e0rees, de terrenys de titularitat privada a Teresa de Cofrents i a Aiora, i va provocar el desallotjament preventiu de 15 persones.<\/p>\n\n\n\n<p>A m\u00e9s, el titular de Medi Ambient ha explicat que, actualment, es mantenen desplegats sobre el terreny de la Comunitat Valenciana prop de 500 professionals que exerceixen labors clau en la prevenci\u00f3 i que conformen el Servei de Vigil\u00e0ncia Preventiva enfront del risc d&#8217;incendis forestals, incloent-hi personal en observatoris forestals, unitats de vigil\u00e0ncia, gesti\u00f3 de zones de seguretat i en les Centrals de Coordinaci\u00f3 de Prevenci\u00f3 d&#8217;Incendis Forestals.<\/p>\n\n\n\n<p>Assessorament als afectats<\/p>\n\n\n\n<p>Aquest incendi ha afectat una zona de terreny de titularitat privada, per la qual cosa no estan previstes inversions directes en treballs d&#8217;emerg\u00e8ncia o restauraci\u00f3 immediata per part de la Conselleria de Medi Ambient. No obstant aix\u00f2, s&#8217;obri la possibilitat que els propietaris particulars es beneficien d&#8217;ajudes destinades a la redacci\u00f3 d&#8217;instruments t\u00e8cnics de gesti\u00f3 forestal.<\/p>\n\n\n\n<p>Les ajudes se centren en la conservaci\u00f3 de masses forestals no incendiades, sense incloure directament l&#8217;execuci\u00f3 de treballs en zones cremades. Per part de la Conselleria, es facilitaran i agilitzaran tots els tr\u00e0mits necessaris per a l&#8217;aprofitament extraordinari de la fusta cremada, promovent aix\u00ed una gesti\u00f3 eficient dels recursos afectats.<\/p>\n\n\n\n<p>D&#8217;aquesta manera, la Generalitat tamb\u00e9 oferir\u00e0 als propietaris assessorament t\u00e8cnic especialitzat per a orientar les seues iniciatives de recuperaci\u00f3.<br>Es preveu que en 2026 el Fons Estrat\u00e8gic Municipal de Prevenci\u00f3 d&#8217;Incendis Forestals puga proporcionar recursos als ajuntaments per a dur a terme mesures dels seus plans locals de prevenci\u00f3, amb el manteniment de pistes forestals i infraestructures.<\/p>\n\n\n\n<p>Cal recordar que la Generalitat ha finan\u00e7at amb 14.2 milions d&#8217;euros, durant 2023 i 2024, les actuacions dels municipis de la Comunitat Valenciana incloses en els plans locals.<\/p>\n\n\n\n<p>En concret, en el cas de la zona d&#8217;Aiora-Teresa de Cofrents, la Conselleria ha invertit des de 2023 m\u00e9s de 300.000 euros en diferents l\u00ednies d&#8217;ajudes del fons estrat\u00e8gic i del voluntariat mediambiental.<\/p>\n\n\n\n<h3 class=\"wp-block-heading\"><\/h3>\n\n\n\n<figure class=\"wp-block-image size-large\"><img loading=\"lazy\" decoding=\"async\" width=\"1024\" height=\"576\" src=\"http:\/\/www.tucomarca.com\/wordpress\/segunda\/wp-content\/uploads\/2025\/08\/TeresadeCofrentesIncen-1024x576.jpeg\" alt=\"\" class=\"wp-image-277100\" srcset=\"https:\/\/www.tucomarca.com\/wordpress\/segunda\/wp-content\/uploads\/2025\/08\/TeresadeCofrentesIncen-1024x576.jpeg 1024w, https:\/\/www.tucomarca.com\/wordpress\/segunda\/wp-content\/uploads\/2025\/08\/TeresadeCofrentesIncen-300x169.jpeg 300w, https:\/\/www.tucomarca.com\/wordpress\/segunda\/wp-content\/uploads\/2025\/08\/TeresadeCofrentesIncen-768x432.jpeg 768w, https:\/\/www.tucomarca.com\/wordpress\/segunda\/wp-content\/uploads\/2025\/08\/TeresadeCofrentesIncen-1536x864.jpeg 1536w, https:\/\/www.tucomarca.com\/wordpress\/segunda\/wp-content\/uploads\/2025\/08\/TeresadeCofrentesIncen-678x381.jpeg 678w, https:\/\/www.tucomarca.com\/wordpress\/segunda\/wp-content\/uploads\/2025\/08\/TeresadeCofrentesIncen.jpeg 1600w\" sizes=\"auto, (max-width: 1024px) 100vw, 1024px\" \/><\/figure>\n","protected":false},"excerpt":{"rendered":"<div class=\"mh-excerpt\">El conseller de Medi Ambient ressalta que \u201cla prioritat \u00e9s garantir una recuperaci\u00f3 integral de l&#8217;ecosistema de la zona\u201d. Actualment, la Conselleria mant\u00e9 desplegats sobre el terreny de la Comunitat Valenciana prop de 500 professionals <a class=\"mh-excerpt-more\" href=\"https:\/\/www.tucomarca.com\/wordpress\/segunda\/ca\/la-generalitat-activa-els-treballs-davaluacio-per-a-la-restauracio-ecologica-de-larea-afectada-per-lincendi-de-teresa-de-cofrents\/\" title=\"La Generalitat activa els treballs d&#8217;avaluaci\u00f3 per a la restauraci\u00f3 ecol\u00f2gica de l&#8217;\u00e0rea afectada per l&#8217;incendi de Teresa de Cofrents\">[+] <\/a><\/div>\n","protected":false},"author":1,"featured_media":277103,"comment_status":"open","ping_status":"open","sticky":false,"template":"","format":"standard","meta":{"footnotes":""},"categories":[10951,10898,10948,10894,10904,10903,10947,10896,10897,10958],"tags":[11216,11498,12755,12166,11415],"class_list":{"0":"post-277110","1":"post","2":"type-post","3":"status-publish","4":"format-standard","5":"has-post-thumbnail","7":"category-ayora-cofrentes-ca","8":"category-ventana-ca","9":"category-infraestructuras-ca","10":"category-la-comarca-ca","11":"category-sin-categorizar-ca","12":"category-medio-ambiente-la-comarca-ca","13":"category-politica","14":"category-seccion-ca","15":"category-sucesos-la-comarca-ca","16":"category-teresa-de-cofrentes-ca","17":"tag-ayora-cofrentes-ca","18":"tag-generalitat-valenciana-ca","19":"tag-incendio-ca","20":"tag-medio-ambiente-ca","21":"tag-teresa-de-cofrentes-ca"},"_links":{"self":[{"href":"https:\/\/www.tucomarca.com\/wordpress\/segunda\/ca\/wp-json\/wp\/v2\/posts\/277110","targetHints":{"allow":["GET"]}}],"collection":[{"href":"https:\/\/www.tucomarca.com\/wordpress\/segunda\/ca\/wp-json\/wp\/v2\/posts"}],"about":[{"href":"https:\/\/www.tucomarca.com\/wordpress\/segunda\/ca\/wp-json\/wp\/v2\/types\/post"}],"author":[{"embeddable":true,"href":"https:\/\/www.tucomarca.com\/wordpress\/segunda\/ca\/wp-json\/wp\/v2\/users\/1"}],"replies":[{"embeddable":true,"href":"https:\/\/www.tucomarca.com\/wordpress\/segunda\/ca\/wp-json\/wp\/v2\/comments?post=277110"}],"version-history":[{"count":0,"href":"https:\/\/www.tucomarca.com\/wordpress\/segunda\/ca\/wp-json\/wp\/v2\/posts\/277110\/revisions"}],"wp:featuredmedia":[{"embeddable":true,"href":"https:\/\/www.tucomarca.com\/wordpress\/segunda\/ca\/wp-json\/wp\/v2\/media\/277103"}],"wp:attachment":[{"href":"https:\/\/www.tucomarca.com\/wordpress\/segunda\/ca\/wp-json\/wp\/v2\/media?parent=277110"}],"wp:term":[{"taxonomy":"category","embeddable":true,"href":"https:\/\/www.tucomarca.com\/wordpress\/segunda\/ca\/wp-json\/wp\/v2\/categories?post=277110"},{"taxonomy":"post_tag","embeddable":true,"href":"https:\/\/www.tucomarca.com\/wordpress\/segunda\/ca\/wp-json\/wp\/v2\/tags?post=277110"}],"curies":[{"name":"wp","href":"https:\/\/api.w.org\/{rel}","templated":true}]}}