{"id":277143,"date":"2025-08-28T14:00:00","date_gmt":"2025-08-28T12:00:00","guid":{"rendered":"https:\/\/www.tucomarca.com\/wordpress\/segunda\/?p=277143"},"modified":"2025-08-28T17:09:29","modified_gmt":"2025-08-28T15:09:29","slug":"video-resumeixen-aixi-ha-sigut-el-repartiment-de-la-tomaca-des-dels-camions-en-la-tomatina-2025-de-bunyol","status":"publish","type":"post","link":"https:\/\/www.tucomarca.com\/wordpress\/segunda\/ca\/video-resumeixen-aixi-ha-sigut-el-repartiment-de-la-tomaca-des-dels-camions-en-la-tomatina-2025-de-bunyol\/","title":{"rendered":"V\u00eddeo-resumeixen: aix\u00ed ha sigut el repartiment de la tomaca des dels camions en La Tomatina 2025 de Bunyol"},"content":{"rendered":"\n<figure class=\"wp-block-embed is-type-video is-provider-youtube wp-block-embed-youtube wp-embed-aspect-16-9 wp-has-aspect-ratio\"><div class=\"wp-block-embed__wrapper\">\n<iframe loading=\"lazy\" title=\"V\u00eddeo-resumen: as\u00ed ha sido el reparto del tomate desde los camiones en La Tomatina 2025 de Bu\u00f1ol\" width=\"500\" height=\"281\" src=\"https:\/\/www.youtube.com\/embed\/WhksbY4jcyk?feature=oembed\" frameborder=\"0\" allow=\"accelerometer; autoplay; clipboard-write; encrypted-media; gyroscope; picture-in-picture; web-share\" referrerpolicy=\"strict-origin-when-cross-origin\" allowfullscreen><\/iframe>\n<\/div><\/figure>\n\n\n\n<p>Aix\u00ed ha sigut el repartiment dels m\u00e9s de 120.00 quilos de tomaca des dels set camions que han participat aquest 2025 en la 78 edici\u00f3 de la festa de La Tomatina de Bunyol, que ademas has pogut seguir en directe a trav\u00e9s de Youtube des de tucomarca televisi\u00f3.<\/p>\n\n\n\n<p>Si la vols tornar a veure, pots fer-ho en aquest <a href=\"https:\/\/youtube.com\/live\/MFsOC3gQSEg?feature=share\">enlla\u00e7<\/a>.<\/p>\n","protected":false},"excerpt":{"rendered":"<div class=\"mh-excerpt\">Aix\u00ed ha sigut el repartiment dels m\u00e9s de 120.00 quilos de tomaca des dels set camions que han participat aquest 2025 en la 78 edici\u00f3 de la festa de La Tomatina de Bunyol, que ademas <a class=\"mh-excerpt-more\" href=\"https:\/\/www.tucomarca.com\/wordpress\/segunda\/ca\/video-resumeixen-aixi-ha-sigut-el-repartiment-de-la-tomaca-des-dels-camions-en-la-tomatina-2025-de-bunyol\/\" title=\"V\u00eddeo-resumeixen: aix\u00ed ha sigut el repartiment de la tomaca des dels camions en La Tomatina 2025 de Bunyol\">[+] <\/a><\/div>\n","protected":false},"author":1,"featured_media":277134,"comment_status":"open","ping_status":"open","sticky":false,"template":"","format":"video","meta":{"footnotes":""},"categories":[10911,10898,10894,10904,10912,11004,11007,11008,10896,11062],"tags":[22088,10913,22950,10914,22951,22952,11185],"class_list":{"0":"post-277143","1":"post","2":"type-post","3":"status-publish","4":"format-video","5":"has-post-thumbnail","7":"category-bunol-ca","8":"category-ventana-ca","9":"category-la-comarca-ca","10":"category-sin-categorizar-ca","11":"category-la-hoya-ca","12":"category-la-semana-en-imagenes-ca","13":"category-ocio-y-cultura-ca","14":"category-pueblos-en-fiestas-ca","15":"category-seccion-ca","16":"category-videos","17":"tag-2025-ca","18":"tag-bunol-ca","19":"tag-camiones-ca","20":"tag-la-hoya-de-bunol-chiva-ca","21":"tag-reparto-ca","22":"tag-tomate-ca","23":"tag-tomatina-ca","24":"post_format-post-format-video"},"_links":{"self":[{"href":"https:\/\/www.tucomarca.com\/wordpress\/segunda\/ca\/wp-json\/wp\/v2\/posts\/277143","targetHints":{"allow":["GET"]}}],"collection":[{"href":"https:\/\/www.tucomarca.com\/wordpress\/segunda\/ca\/wp-json\/wp\/v2\/posts"}],"about":[{"href":"https:\/\/www.tucomarca.com\/wordpress\/segunda\/ca\/wp-json\/wp\/v2\/types\/post"}],"author":[{"embeddable":true,"href":"https:\/\/www.tucomarca.com\/wordpress\/segunda\/ca\/wp-json\/wp\/v2\/users\/1"}],"replies":[{"embeddable":true,"href":"https:\/\/www.tucomarca.com\/wordpress\/segunda\/ca\/wp-json\/wp\/v2\/comments?post=277143"}],"version-history":[{"count":0,"href":"https:\/\/www.tucomarca.com\/wordpress\/segunda\/ca\/wp-json\/wp\/v2\/posts\/277143\/revisions"}],"wp:featuredmedia":[{"embeddable":true,"href":"https:\/\/www.tucomarca.com\/wordpress\/segunda\/ca\/wp-json\/wp\/v2\/media\/277134"}],"wp:attachment":[{"href":"https:\/\/www.tucomarca.com\/wordpress\/segunda\/ca\/wp-json\/wp\/v2\/media?parent=277143"}],"wp:term":[{"taxonomy":"category","embeddable":true,"href":"https:\/\/www.tucomarca.com\/wordpress\/segunda\/ca\/wp-json\/wp\/v2\/categories?post=277143"},{"taxonomy":"post_tag","embeddable":true,"href":"https:\/\/www.tucomarca.com\/wordpress\/segunda\/ca\/wp-json\/wp\/v2\/tags?post=277143"}],"curies":[{"name":"wp","href":"https:\/\/api.w.org\/{rel}","templated":true}]}}