{"id":277160,"date":"2025-08-28T09:15:00","date_gmt":"2025-08-28T07:15:00","guid":{"rendered":"https:\/\/www.tucomarca.com\/wordpress\/segunda\/?p=277160"},"modified":"2025-08-28T19:12:27","modified_gmt":"2025-08-28T17:12:27","slug":"la-diputacio-de-valencia-supervisa-els-treballs-de-prevencio-dincendis-a-dos-aguas-i-millares","status":"publish","type":"post","link":"https:\/\/www.tucomarca.com\/wordpress\/segunda\/ca\/la-diputacio-de-valencia-supervisa-els-treballs-de-prevencio-dincendis-a-dos-aguas-i-millares\/","title":{"rendered":"La Diputaci\u00f3 de Val\u00e8ncia supervisa els treballs de prevenci\u00f3 d&#8217;incendis a Dos Aguas i Millares"},"content":{"rendered":"\n<h3 class=\"wp-block-heading\">El diputat de Medi Ambient, Avelino Mascarell, visita les actuacions de les Brigades Forestals en la Hoya de Bu\u00f1ol i la Canal de Navarr\u00e9s.<\/h3>\n\n\n\n<h3 class=\"wp-block-heading\">Mascarell: \u201cLa prevenci\u00f3 \u00e9s fonamental, \u00e9s la base de l&#8217;extinci\u00f3 dels incendis, i a la prov\u00edncia de Val\u00e8ncia es fa des de fa molts anys\u201d.<\/h3>\n\n\n\n<p>El Consorci Provincial de Bombers (CPBV) de la Diputaci\u00f3 de Val\u00e8ncia continua realitzant labors de silvicultura per a previndre els incendis, uns treballs que el diputat de Medi Ambient, Avelino Mascarell, ha pogut comprovar este mat\u00ed a Dos Aguas i Millares: \u201cestem fent un seguiment dels treballs de les Brigades Forestals, que en el cas a Dos Aguas l&#8217;actuaci\u00f3 es basa en la protecci\u00f3 del municipi i en el de Millares en la neteja d&#8217;un cam\u00ed; en els dos casos s\u00f3n actuacions que afavorixen la prevenci\u00f3 i l&#8217;extinci\u00f3\u201d.&nbsp;<\/p>\n\n\n\n<p>En primer lloc, ha visitat el municipi de la Hoya de Bu\u00f1ol on fa un any i mig es va fer una interf\u00edcie urbana-forestal per a protegir el poble ja que \u00e9s una part forestal que abasta m\u00e9s de la zona nord del municipi. Esta actuaci\u00f3 \u00e9s important no sols per a protegir el nucli urb\u00e0, sin\u00f3 tamb\u00e9 per a permetre actuar als equips d&#8217;emerg\u00e8ncia en cas d&#8217;incendi. Es tracta d&#8217;una interf\u00edcie d&#8217;entre 30 i 50 metres d&#8217;ample en la qual es clareja l&#8217;arbratge i s&#8217;elimina el matoll, eliminat aix\u00ed el combustible.<\/p>\n\n\n\n<p>Una mesura de prevenci\u00f3 que l&#8217;alcalde de Dos Aguas i president de la Mancomunitat de la Hoya de Bu\u00f1ol-Chiva Juan Antonio D\u00edaz, qualifica de \u201cvital\u201d per al municipi ja que \u201cvivim envoltats d&#8217;esta massa forestal, tenim quasi 7.000 hect\u00e0rees i esta interf\u00edcie ens protegix\u201d.<\/p>\n\n\n\n<p>En segon lloc, Mascarell s&#8217;ha despla\u00e7at a Millares, a la Canal de Navarr\u00e9s, on&nbsp; s\u2019est\u00e0 treballant en netejar el cam\u00ed entre el d\u2019Hoya Valera i el d\u2019Otonel concretament dos metres a cada costat per a permetre que passe una autobomba en cas que fora necessari. Per tant, \u00e9s una actuaci\u00f3 no sols preventiva, en eliminar combustible, sin\u00f3 que tamb\u00e9 afavorix l&#8217;extinci\u00f3 d&#8217;incendis i l&#8217;evacuaci\u00f3 dels ve\u00efns. \u201cEl municipi t\u00e9 una massa forestal molt extensa i tots estos treballs s\u00f3n benvinguts perqu\u00e8 s\u00f3n efectius a l&#8217;hora de facilita l&#8217;acc\u00e9s als mitjans de prevenci\u00f3 i extinci\u00f3 del foc\u201d, explica Jos\u00e9 Ricardo P\u00e9rez G\u00f3mez, alcalde de Millares.<\/p>\n\n\n\n<p>Igualment, per a Avelino Mascarell, \u201cs\u00f3n uns treballs molt importants perqu\u00e8 la prevenci\u00f3 \u00e9s fonamental, \u00e9s la base de l&#8217;extinci\u00f3 dels incendis; aix\u00f2 \u00e9s el que la ciutadania est\u00e0 reclamant i a la prov\u00edncia de Val\u00e8ncia es fan des de fa molts anys, no sentim orgullosos i satisfets de tot el treball que fan les brigades\u201d. En dies com hui, amb alerta 3, les Brigades fan un treball de vigil\u00e0ncia, que tamb\u00e9 \u00e9s imprescindible per a previndre els incendis.<\/p>\n\n\n\n<figure class=\"wp-block-image size-large\"><img loading=\"lazy\" decoding=\"async\" width=\"1024\" height=\"666\" src=\"http:\/\/www.tucomarca.com\/wordpress\/segunda\/wp-content\/uploads\/2025\/08\/DipuIncendiosDosAguas2-1024x666.jpg\" alt=\"\" class=\"wp-image-277157\" srcset=\"https:\/\/www.tucomarca.com\/wordpress\/segunda\/wp-content\/uploads\/2025\/08\/DipuIncendiosDosAguas2-1024x666.jpg 1024w, https:\/\/www.tucomarca.com\/wordpress\/segunda\/wp-content\/uploads\/2025\/08\/DipuIncendiosDosAguas2-300x195.jpg 300w, https:\/\/www.tucomarca.com\/wordpress\/segunda\/wp-content\/uploads\/2025\/08\/DipuIncendiosDosAguas2-768x499.jpg 768w, https:\/\/www.tucomarca.com\/wordpress\/segunda\/wp-content\/uploads\/2025\/08\/DipuIncendiosDosAguas2.jpg 1181w\" sizes=\"auto, (max-width: 1024px) 100vw, 1024px\" \/><\/figure>\n","protected":false},"excerpt":{"rendered":"<div class=\"mh-excerpt\">El diputat de Medi Ambient, Avelino Mascarell, visita les actuacions de les Brigades Forestals en la Hoya de Bu\u00f1ol i la Canal de Navarr\u00e9s. Mascarell: \u201cLa prevenci\u00f3 \u00e9s fonamental, \u00e9s la base de l&#8217;extinci\u00f3 dels <a class=\"mh-excerpt-more\" href=\"https:\/\/www.tucomarca.com\/wordpress\/segunda\/ca\/la-diputacio-de-valencia-supervisa-els-treballs-de-prevencio-dincendis-a-dos-aguas-i-millares\/\" title=\"La Diputaci\u00f3 de Val\u00e8ncia supervisa els treballs de prevenci\u00f3 d&#8217;incendis a Dos Aguas i Millares\">[+] <\/a><\/div>\n","protected":false},"author":12,"featured_media":277156,"comment_status":"open","ping_status":"open","sticky":false,"template":"","format":"standard","meta":{"footnotes":""},"categories":[10976,10898,10948,10963,10894,10904,10912,10903,10970,10947,10896,10897],"tags":[12162,11246,11132,10914,11186,12350],"class_list":{"0":"post-277160","1":"post","2":"type-post","3":"status-publish","4":"format-standard","5":"has-post-thumbnail","7":"category-dos-aguas-ca","8":"category-ventana-ca","9":"category-infraestructuras-ca","10":"category-la-canal-de-navarres-ca","11":"category-la-comarca-ca","12":"category-sin-categorizar-ca","13":"category-la-hoya-ca","14":"category-medio-ambiente-la-comarca-ca","15":"category-millares-ca","16":"category-politica","17":"category-seccion-ca","18":"category-sucesos-la-comarca-ca","19":"tag-brigadas-forestales-ca","20":"tag-diputacio-de-valencia-ca","21":"tag-dos-aguas","22":"tag-la-hoya-de-bunol-chiva-ca","23":"tag-millares-ca","24":"tag-prevencion-de-incendios-ca"},"_links":{"self":[{"href":"https:\/\/www.tucomarca.com\/wordpress\/segunda\/ca\/wp-json\/wp\/v2\/posts\/277160","targetHints":{"allow":["GET"]}}],"collection":[{"href":"https:\/\/www.tucomarca.com\/wordpress\/segunda\/ca\/wp-json\/wp\/v2\/posts"}],"about":[{"href":"https:\/\/www.tucomarca.com\/wordpress\/segunda\/ca\/wp-json\/wp\/v2\/types\/post"}],"author":[{"embeddable":true,"href":"https:\/\/www.tucomarca.com\/wordpress\/segunda\/ca\/wp-json\/wp\/v2\/users\/12"}],"replies":[{"embeddable":true,"href":"https:\/\/www.tucomarca.com\/wordpress\/segunda\/ca\/wp-json\/wp\/v2\/comments?post=277160"}],"version-history":[{"count":0,"href":"https:\/\/www.tucomarca.com\/wordpress\/segunda\/ca\/wp-json\/wp\/v2\/posts\/277160\/revisions"}],"wp:featuredmedia":[{"embeddable":true,"href":"https:\/\/www.tucomarca.com\/wordpress\/segunda\/ca\/wp-json\/wp\/v2\/media\/277156"}],"wp:attachment":[{"href":"https:\/\/www.tucomarca.com\/wordpress\/segunda\/ca\/wp-json\/wp\/v2\/media?parent=277160"}],"wp:term":[{"taxonomy":"category","embeddable":true,"href":"https:\/\/www.tucomarca.com\/wordpress\/segunda\/ca\/wp-json\/wp\/v2\/categories?post=277160"},{"taxonomy":"post_tag","embeddable":true,"href":"https:\/\/www.tucomarca.com\/wordpress\/segunda\/ca\/wp-json\/wp\/v2\/tags?post=277160"}],"curies":[{"name":"wp","href":"https:\/\/api.w.org\/{rel}","templated":true}]}}