{"id":277954,"date":"2025-09-01T11:05:00","date_gmt":"2025-09-01T09:05:00","guid":{"rendered":"https:\/\/www.tucomarca.com\/wordpress\/segunda\/?p=277954"},"modified":"2025-09-01T14:34:07","modified_gmt":"2025-09-01T12:34:07","slug":"fotogaleria-el-cd-bunyol-presenta-a-la-seua-plantilla-despres-de-lascens-a-tercera-divisio-categoria-en-la-qual-lluitara-per-mantindres","status":"publish","type":"post","link":"https:\/\/www.tucomarca.com\/wordpress\/segunda\/ca\/fotogaleria-el-cd-bunyol-presenta-a-la-seua-plantilla-despres-de-lascens-a-tercera-divisio-categoria-en-la-qual-lluitara-per-mantindres\/","title":{"rendered":"Fotogaler\u00eda: el CD Bunyol presenta a la seua plantilla despr\u00e9s de l&#8217;ascens a Tercera Divisi\u00f3, categoria en la qual lluitar\u00e0 per mantindre&#8217;s"},"content":{"rendered":"\n<p>El CD Bunyol va celebrar dijous passat, 29 d&#8217;agost, la presentaci\u00f3 oficial de la seua plantilla de cara a la nova temporada en Tercera Divisi\u00f3, despr\u00e9s de l&#8217;hist\u00f2ric ascens aconseguit el curs passat.<\/p>\n\n\n\n<p>L&#8217;acte, que va tindre lloc en l&#8217;estadi del club, va comptar amb la pres\u00e8ncia de la reina de les festes, Carmen Al\u00eds Marzal, i de la representant del CD Bunyol, Alba Fe-Castell Recuero, que van acompanyar als jugadors i cos t\u00e8cnic en aquest inici d&#8217;etapa il\u00b7lusionant per a l&#8217;entitat.<\/p>\n\n\n\n<p>Despr\u00e9s de la presentaci\u00f3, el Bunyol va disputar un partit amist\u00f3s enfront del Manises CF que va servir com a posada a punt abans de l&#8217;arrancada de lliga. La trobada va finalitzar amb vict\u00f2ria visitant per la m\u00ednima (0-1), en un xoc igualat en el qual els locals no van aconseguir materialitzar les seues ocasions.<\/p>\n\n\n\n<p>La cita, no obstant aix\u00f2, va deixar bon sabor de boca entre l&#8217;afici\u00f3 bu\u00f1olense, que va acudir en gran nombre al camp per a abrigallar al seu equip en aquesta nova aventura en Tercera Divisi\u00f3.<\/p>\n\n\n\n<p>Fotos: <strong>Jos\u00e9 L. Mont\u00f3n<\/strong>.<\/p>\n\n\n\n<figure class=\"wp-block-gallery has-nested-images columns-2 is-cropped wp-block-gallery-1 is-layout-flex wp-block-gallery-is-layout-flex\">\n<figure class=\"wp-block-image size-large\"><img loading=\"lazy\" decoding=\"async\" width=\"683\" height=\"1024\" data-id=\"277771\" src=\"https:\/\/www.tucomarca.com\/wordpress\/segunda\/wp-content\/uploads\/2025\/09\/PresentacionCDBunol_JLM_02-683x1024.jpg\" alt=\"\" class=\"wp-image-277771\" srcset=\"https:\/\/www.tucomarca.com\/wordpress\/segunda\/wp-content\/uploads\/2025\/09\/PresentacionCDBunol_JLM_02-683x1024.jpg 683w, https:\/\/www.tucomarca.com\/wordpress\/segunda\/wp-content\/uploads\/2025\/09\/PresentacionCDBunol_JLM_02-200x300.jpg 200w, https:\/\/www.tucomarca.com\/wordpress\/segunda\/wp-content\/uploads\/2025\/09\/PresentacionCDBunol_JLM_02-768x1152.jpg 768w, https:\/\/www.tucomarca.com\/wordpress\/segunda\/wp-content\/uploads\/2025\/09\/PresentacionCDBunol_JLM_02-1024x1536.jpg 1024w, https:\/\/www.tucomarca.com\/wordpress\/segunda\/wp-content\/uploads\/2025\/09\/PresentacionCDBunol_JLM_02-1365x2048.jpg 1365w, https:\/\/www.tucomarca.com\/wordpress\/segunda\/wp-content\/uploads\/2025\/09\/PresentacionCDBunol_JLM_02-scaled.jpg 1707w\" sizes=\"auto, (max-width: 683px) 100vw, 683px\" \/><\/figure>\n\n\n\n<figure class=\"wp-block-image size-large\"><img loading=\"lazy\" decoding=\"async\" width=\"683\" height=\"1024\" data-id=\"277773\" src=\"https:\/\/www.tucomarca.com\/wordpress\/segunda\/wp-content\/uploads\/2025\/09\/PresentacionCDBunol_JLM_03-683x1024.jpg\" alt=\"\" class=\"wp-image-277773\" srcset=\"https:\/\/www.tucomarca.com\/wordpress\/segunda\/wp-content\/uploads\/2025\/09\/PresentacionCDBunol_JLM_03-683x1024.jpg 683w, https:\/\/www.tucomarca.com\/wordpress\/segunda\/wp-content\/uploads\/2025\/09\/PresentacionCDBunol_JLM_03-200x300.jpg 200w, https:\/\/www.tucomarca.com\/wordpress\/segunda\/wp-content\/uploads\/2025\/09\/PresentacionCDBunol_JLM_03-768x1152.jpg 768w, https:\/\/www.tucomarca.com\/wordpress\/segunda\/wp-content\/uploads\/2025\/09\/PresentacionCDBunol_JLM_03-1024x1536.jpg 1024w, https:\/\/www.tucomarca.com\/wordpress\/segunda\/wp-content\/uploads\/2025\/09\/PresentacionCDBunol_JLM_03-1365x2048.jpg 1365w, https:\/\/www.tucomarca.com\/wordpress\/segunda\/wp-content\/uploads\/2025\/09\/PresentacionCDBunol_JLM_03-scaled.jpg 1707w\" sizes=\"auto, (max-width: 683px) 100vw, 683px\" \/><\/figure>\n\n\n\n<figure class=\"wp-block-image size-large\"><img loading=\"lazy\" decoding=\"async\" width=\"1024\" height=\"683\" data-id=\"277779\" src=\"https:\/\/www.tucomarca.com\/wordpress\/segunda\/wp-content\/uploads\/2025\/09\/PresentacionCDBunol_JLM_04-1024x683.jpg\" alt=\"\" class=\"wp-image-277779\" srcset=\"https:\/\/www.tucomarca.com\/wordpress\/segunda\/wp-content\/uploads\/2025\/09\/PresentacionCDBunol_JLM_04-1024x683.jpg 1024w, https:\/\/www.tucomarca.com\/wordpress\/segunda\/wp-content\/uploads\/2025\/09\/PresentacionCDBunol_JLM_04-300x200.jpg 300w, https:\/\/www.tucomarca.com\/wordpress\/segunda\/wp-content\/uploads\/2025\/09\/PresentacionCDBunol_JLM_04-768x512.jpg 768w, https:\/\/www.tucomarca.com\/wordpress\/segunda\/wp-content\/uploads\/2025\/09\/PresentacionCDBunol_JLM_04-1536x1024.jpg 1536w, https:\/\/www.tucomarca.com\/wordpress\/segunda\/wp-content\/uploads\/2025\/09\/PresentacionCDBunol_JLM_04-2048x1365.jpg 2048w\" sizes=\"auto, (max-width: 1024px) 100vw, 1024px\" \/><\/figure>\n\n\n\n<figure class=\"wp-block-image size-large\"><img loading=\"lazy\" decoding=\"async\" width=\"1024\" height=\"683\" data-id=\"277769\" src=\"https:\/\/www.tucomarca.com\/wordpress\/segunda\/wp-content\/uploads\/2025\/09\/PresentacionCDBunol_JLM_05-1024x683.jpg\" alt=\"\" class=\"wp-image-277769\" srcset=\"https:\/\/www.tucomarca.com\/wordpress\/segunda\/wp-content\/uploads\/2025\/09\/PresentacionCDBunol_JLM_05-1024x683.jpg 1024w, https:\/\/www.tucomarca.com\/wordpress\/segunda\/wp-content\/uploads\/2025\/09\/PresentacionCDBunol_JLM_05-300x200.jpg 300w, https:\/\/www.tucomarca.com\/wordpress\/segunda\/wp-content\/uploads\/2025\/09\/PresentacionCDBunol_JLM_05-768x512.jpg 768w, https:\/\/www.tucomarca.com\/wordpress\/segunda\/wp-content\/uploads\/2025\/09\/PresentacionCDBunol_JLM_05-1536x1024.jpg 1536w, https:\/\/www.tucomarca.com\/wordpress\/segunda\/wp-content\/uploads\/2025\/09\/PresentacionCDBunol_JLM_05-2048x1365.jpg 2048w\" sizes=\"auto, (max-width: 1024px) 100vw, 1024px\" \/><\/figure>\n\n\n\n<figure class=\"wp-block-image size-large\"><img loading=\"lazy\" decoding=\"async\" width=\"1024\" height=\"683\" data-id=\"277775\" src=\"https:\/\/www.tucomarca.com\/wordpress\/segunda\/wp-content\/uploads\/2025\/09\/PresentacionCDBunol_JLM_06-1024x683.jpg\" alt=\"\" class=\"wp-image-277775\" srcset=\"https:\/\/www.tucomarca.com\/wordpress\/segunda\/wp-content\/uploads\/2025\/09\/PresentacionCDBunol_JLM_06-1024x683.jpg 1024w, https:\/\/www.tucomarca.com\/wordpress\/segunda\/wp-content\/uploads\/2025\/09\/PresentacionCDBunol_JLM_06-300x200.jpg 300w, https:\/\/www.tucomarca.com\/wordpress\/segunda\/wp-content\/uploads\/2025\/09\/PresentacionCDBunol_JLM_06-768x512.jpg 768w, https:\/\/www.tucomarca.com\/wordpress\/segunda\/wp-content\/uploads\/2025\/09\/PresentacionCDBunol_JLM_06-1536x1024.jpg 1536w, https:\/\/www.tucomarca.com\/wordpress\/segunda\/wp-content\/uploads\/2025\/09\/PresentacionCDBunol_JLM_06-2048x1365.jpg 2048w\" sizes=\"auto, (max-width: 1024px) 100vw, 1024px\" \/><\/figure>\n\n\n\n<figure class=\"wp-block-image size-large\"><img loading=\"lazy\" decoding=\"async\" width=\"1024\" height=\"683\" data-id=\"277785\" src=\"https:\/\/www.tucomarca.com\/wordpress\/segunda\/wp-content\/uploads\/2025\/09\/PresentacionCDBunol_JLM_07-1024x683.jpg\" alt=\"\" class=\"wp-image-277785\" srcset=\"https:\/\/www.tucomarca.com\/wordpress\/segunda\/wp-content\/uploads\/2025\/09\/PresentacionCDBunol_JLM_07-1024x683.jpg 1024w, https:\/\/www.tucomarca.com\/wordpress\/segunda\/wp-content\/uploads\/2025\/09\/PresentacionCDBunol_JLM_07-300x200.jpg 300w, https:\/\/www.tucomarca.com\/wordpress\/segunda\/wp-content\/uploads\/2025\/09\/PresentacionCDBunol_JLM_07-768x512.jpg 768w, https:\/\/www.tucomarca.com\/wordpress\/segunda\/wp-content\/uploads\/2025\/09\/PresentacionCDBunol_JLM_07-1536x1024.jpg 1536w, https:\/\/www.tucomarca.com\/wordpress\/segunda\/wp-content\/uploads\/2025\/09\/PresentacionCDBunol_JLM_07-2048x1365.jpg 2048w\" sizes=\"auto, (max-width: 1024px) 100vw, 1024px\" \/><\/figure>\n\n\n\n<figure class=\"wp-block-image size-large\"><img loading=\"lazy\" decoding=\"async\" width=\"683\" height=\"1024\" data-id=\"277777\" src=\"https:\/\/www.tucomarca.com\/wordpress\/segunda\/wp-content\/uploads\/2025\/09\/PresentacionCDBunol_JLM_01-683x1024.jpg\" alt=\"\" class=\"wp-image-277777\" srcset=\"https:\/\/www.tucomarca.com\/wordpress\/segunda\/wp-content\/uploads\/2025\/09\/PresentacionCDBunol_JLM_01-683x1024.jpg 683w, https:\/\/www.tucomarca.com\/wordpress\/segunda\/wp-content\/uploads\/2025\/09\/PresentacionCDBunol_JLM_01-200x300.jpg 200w, https:\/\/www.tucomarca.com\/wordpress\/segunda\/wp-content\/uploads\/2025\/09\/PresentacionCDBunol_JLM_01-768x1152.jpg 768w, https:\/\/www.tucomarca.com\/wordpress\/segunda\/wp-content\/uploads\/2025\/09\/PresentacionCDBunol_JLM_01-1024x1536.jpg 1024w, https:\/\/www.tucomarca.com\/wordpress\/segunda\/wp-content\/uploads\/2025\/09\/PresentacionCDBunol_JLM_01-1365x2048.jpg 1365w, https:\/\/www.tucomarca.com\/wordpress\/segunda\/wp-content\/uploads\/2025\/09\/PresentacionCDBunol_JLM_01-scaled.jpg 1707w\" sizes=\"auto, (max-width: 683px) 100vw, 683px\" \/><\/figure>\n\n\n\n<figure class=\"wp-block-image size-large\"><img loading=\"lazy\" decoding=\"async\" width=\"683\" height=\"1024\" data-id=\"277787\" src=\"https:\/\/www.tucomarca.com\/wordpress\/segunda\/wp-content\/uploads\/2025\/09\/PresentacionCDBunol_JLM_08-683x1024.jpg\" alt=\"\" class=\"wp-image-277787\" srcset=\"https:\/\/www.tucomarca.com\/wordpress\/segunda\/wp-content\/uploads\/2025\/09\/PresentacionCDBunol_JLM_08-683x1024.jpg 683w, https:\/\/www.tucomarca.com\/wordpress\/segunda\/wp-content\/uploads\/2025\/09\/PresentacionCDBunol_JLM_08-200x300.jpg 200w, https:\/\/www.tucomarca.com\/wordpress\/segunda\/wp-content\/uploads\/2025\/09\/PresentacionCDBunol_JLM_08-768x1152.jpg 768w, https:\/\/www.tucomarca.com\/wordpress\/segunda\/wp-content\/uploads\/2025\/09\/PresentacionCDBunol_JLM_08-1024x1536.jpg 1024w, https:\/\/www.tucomarca.com\/wordpress\/segunda\/wp-content\/uploads\/2025\/09\/PresentacionCDBunol_JLM_08-1365x2048.jpg 1365w, https:\/\/www.tucomarca.com\/wordpress\/segunda\/wp-content\/uploads\/2025\/09\/PresentacionCDBunol_JLM_08-scaled.jpg 1707w\" sizes=\"auto, (max-width: 683px) 100vw, 683px\" \/><\/figure>\n\n\n\n<figure class=\"wp-block-image size-large\"><img loading=\"lazy\" decoding=\"async\" width=\"683\" height=\"1024\" data-id=\"277782\" src=\"https:\/\/www.tucomarca.com\/wordpress\/segunda\/wp-content\/uploads\/2025\/09\/PresentacionCDBunol_JLM_09-683x1024.jpg\" alt=\"\" class=\"wp-image-277782\" srcset=\"https:\/\/www.tucomarca.com\/wordpress\/segunda\/wp-content\/uploads\/2025\/09\/PresentacionCDBunol_JLM_09-683x1024.jpg 683w, https:\/\/www.tucomarca.com\/wordpress\/segunda\/wp-content\/uploads\/2025\/09\/PresentacionCDBunol_JLM_09-200x300.jpg 200w, https:\/\/www.tucomarca.com\/wordpress\/segunda\/wp-content\/uploads\/2025\/09\/PresentacionCDBunol_JLM_09-768x1152.jpg 768w, https:\/\/www.tucomarca.com\/wordpress\/segunda\/wp-content\/uploads\/2025\/09\/PresentacionCDBunol_JLM_09-1024x1536.jpg 1024w, https:\/\/www.tucomarca.com\/wordpress\/segunda\/wp-content\/uploads\/2025\/09\/PresentacionCDBunol_JLM_09-1365x2048.jpg 1365w, https:\/\/www.tucomarca.com\/wordpress\/segunda\/wp-content\/uploads\/2025\/09\/PresentacionCDBunol_JLM_09-scaled.jpg 1707w\" sizes=\"auto, (max-width: 683px) 100vw, 683px\" \/><\/figure>\n\n\n\n<figure class=\"wp-block-image size-large\"><img loading=\"lazy\" decoding=\"async\" width=\"683\" height=\"1024\" data-id=\"277781\" src=\"https:\/\/www.tucomarca.com\/wordpress\/segunda\/wp-content\/uploads\/2025\/09\/PresentacionCDBunol_JLM_10-683x1024.jpg\" alt=\"\" class=\"wp-image-277781\" srcset=\"https:\/\/www.tucomarca.com\/wordpress\/segunda\/wp-content\/uploads\/2025\/09\/PresentacionCDBunol_JLM_10-683x1024.jpg 683w, https:\/\/www.tucomarca.com\/wordpress\/segunda\/wp-content\/uploads\/2025\/09\/PresentacionCDBunol_JLM_10-200x300.jpg 200w, https:\/\/www.tucomarca.com\/wordpress\/segunda\/wp-content\/uploads\/2025\/09\/PresentacionCDBunol_JLM_10-768x1152.jpg 768w, https:\/\/www.tucomarca.com\/wordpress\/segunda\/wp-content\/uploads\/2025\/09\/PresentacionCDBunol_JLM_10-1024x1536.jpg 1024w, https:\/\/www.tucomarca.com\/wordpress\/segunda\/wp-content\/uploads\/2025\/09\/PresentacionCDBunol_JLM_10-1365x2048.jpg 1365w, https:\/\/www.tucomarca.com\/wordpress\/segunda\/wp-content\/uploads\/2025\/09\/PresentacionCDBunol_JLM_10-scaled.jpg 1707w\" sizes=\"auto, (max-width: 683px) 100vw, 683px\" \/><\/figure>\n<\/figure>\n","protected":false},"excerpt":{"rendered":"<div class=\"mh-excerpt\">El CD Bunyol va celebrar dijous passat, 29 d&#8217;agost, la presentaci\u00f3 oficial de la seua plantilla de cara a la nova temporada en Tercera Divisi\u00f3, despr\u00e9s de l&#8217;hist\u00f2ric ascens aconseguit el curs passat. L&#8217;acte, que <a class=\"mh-excerpt-more\" href=\"https:\/\/www.tucomarca.com\/wordpress\/segunda\/ca\/fotogaleria-el-cd-bunyol-presenta-a-la-seua-plantilla-despres-de-lascens-a-tercera-divisio-categoria-en-la-qual-lluitara-per-mantindres\/\" title=\"Fotogaler\u00eda: el CD Bunyol presenta a la seua plantilla despr\u00e9s de l&#8217;ascens a Tercera Divisi\u00f3, categoria en la qual lluitar\u00e0 per mantindre&#8217;s\">[+] <\/a><\/div>\n","protected":false},"author":13,"featured_media":277770,"comment_status":"open","ping_status":"open","sticky":false,"template":"","format":"gallery","meta":{"footnotes":""},"categories":[10911,11015,11003,10894,10904,10912,11004,11008,10896],"tags":[10913,11126,11075,10914],"class_list":{"0":"post-277954","1":"post","2":"type-post","3":"status-publish","4":"format-gallery","5":"has-post-thumbnail","7":"category-bunol-ca","8":"category-canal-futbol","9":"category-sports","10":"category-la-comarca-ca","11":"category-sin-categorizar-ca","12":"category-la-hoya-ca","13":"category-la-semana-en-imagenes-ca","14":"category-pueblos-en-fiestas-ca","15":"category-seccion-ca","16":"tag-bunol-ca","17":"tag-cd-bunol-ca","18":"tag-futbol-ca","19":"tag-la-hoya-de-bunol-chiva-ca","20":"post_format-post-format-gallery"},"_links":{"self":[{"href":"https:\/\/www.tucomarca.com\/wordpress\/segunda\/ca\/wp-json\/wp\/v2\/posts\/277954","targetHints":{"allow":["GET"]}}],"collection":[{"href":"https:\/\/www.tucomarca.com\/wordpress\/segunda\/ca\/wp-json\/wp\/v2\/posts"}],"about":[{"href":"https:\/\/www.tucomarca.com\/wordpress\/segunda\/ca\/wp-json\/wp\/v2\/types\/post"}],"author":[{"embeddable":true,"href":"https:\/\/www.tucomarca.com\/wordpress\/segunda\/ca\/wp-json\/wp\/v2\/users\/13"}],"replies":[{"embeddable":true,"href":"https:\/\/www.tucomarca.com\/wordpress\/segunda\/ca\/wp-json\/wp\/v2\/comments?post=277954"}],"version-history":[{"count":0,"href":"https:\/\/www.tucomarca.com\/wordpress\/segunda\/ca\/wp-json\/wp\/v2\/posts\/277954\/revisions"}],"wp:featuredmedia":[{"embeddable":true,"href":"https:\/\/www.tucomarca.com\/wordpress\/segunda\/ca\/wp-json\/wp\/v2\/media\/277770"}],"wp:attachment":[{"href":"https:\/\/www.tucomarca.com\/wordpress\/segunda\/ca\/wp-json\/wp\/v2\/media?parent=277954"}],"wp:term":[{"taxonomy":"category","embeddable":true,"href":"https:\/\/www.tucomarca.com\/wordpress\/segunda\/ca\/wp-json\/wp\/v2\/categories?post=277954"},{"taxonomy":"post_tag","embeddable":true,"href":"https:\/\/www.tucomarca.com\/wordpress\/segunda\/ca\/wp-json\/wp\/v2\/tags?post=277954"}],"curies":[{"name":"wp","href":"https:\/\/api.w.org\/{rel}","templated":true}]}}