{"id":278222,"date":"2025-09-03T09:00:00","date_gmt":"2025-09-03T07:00:00","guid":{"rendered":"https:\/\/www.tucomarca.com\/wordpress\/segunda\/?p=278222"},"modified":"2025-09-03T18:28:50","modified_gmt":"2025-09-03T16:28:50","slug":"les-ames-de-casa-celebren-el-sopar-dinici-de-curs-amb-reconeixements-i-bon-ambient","status":"publish","type":"post","link":"https:\/\/www.tucomarca.com\/wordpress\/segunda\/ca\/les-ames-de-casa-celebren-el-sopar-dinici-de-curs-amb-reconeixements-i-bon-ambient\/","title":{"rendered":"Les Ames de Casa celebren el sopar d\u2019inici de curs amb reconeixements i bon ambient"},"content":{"rendered":"\n<p>La passada setmana, l\u2019Associaci\u00f3 d\u2019Ames de Casa va celebrar el seu tradicional sopar d\u2019inici de curs en un ambient festiu i de conviv\u00e8ncia. A la trobada tamb\u00e9 van assistir l\u2019alcalde i membres de la corporaci\u00f3 municipal, que van acompanyar les s\u00f2cies en aquesta cita tan especial.<\/p>\n\n\n\n<p>Durant la vetlada es va retre homenatge a&nbsp;<strong>Lola Gonz\u00e1lez<\/strong>, una de les integrants m\u00e9s veteranes de l\u2019associaci\u00f3, en un emotiu reconeixement a la seua traject\u00f2ria i comprom\u00eds.<\/p>\n\n\n\n<p>A m\u00e9s, l\u2019Ajuntament, a trav\u00e9s de la Regidoria de Serveis Socials, va obsequiar els presents amb una botella de cervesa local&nbsp;<strong>Obsidiana<\/strong>, mentre que&nbsp;<strong>Caixatur\u00eds<\/strong>&nbsp;va repartir bosses plegables i l\u2019associaci\u00f3 va entregar una planta com a record de l\u2019acte.<\/p>\n\n\n\n<figure class=\"wp-block-gallery has-nested-images columns-default is-cropped wp-block-gallery-1 is-layout-flex wp-block-gallery-is-layout-flex\">\n<figure class=\"wp-block-image size-large\"><img loading=\"lazy\" decoding=\"async\" width=\"1024\" height=\"461\" data-id=\"278217\" src=\"https:\/\/www.tucomarca.com\/wordpress\/segunda\/wp-content\/uploads\/2025\/09\/Turis_AmasDeCasa02-1024x461.jpeg\" alt=\"\" class=\"wp-image-278217\" srcset=\"https:\/\/www.tucomarca.com\/wordpress\/segunda\/wp-content\/uploads\/2025\/09\/Turis_AmasDeCasa02-1024x461.jpeg 1024w, https:\/\/www.tucomarca.com\/wordpress\/segunda\/wp-content\/uploads\/2025\/09\/Turis_AmasDeCasa02-300x135.jpeg 300w, https:\/\/www.tucomarca.com\/wordpress\/segunda\/wp-content\/uploads\/2025\/09\/Turis_AmasDeCasa02-768x346.jpeg 768w, https:\/\/www.tucomarca.com\/wordpress\/segunda\/wp-content\/uploads\/2025\/09\/Turis_AmasDeCasa02-1536x691.jpeg 1536w, https:\/\/www.tucomarca.com\/wordpress\/segunda\/wp-content\/uploads\/2025\/09\/Turis_AmasDeCasa02.jpeg 2000w\" sizes=\"auto, (max-width: 1024px) 100vw, 1024px\" \/><\/figure>\n\n\n\n<figure class=\"wp-block-image size-large\"><img loading=\"lazy\" decoding=\"async\" width=\"1024\" height=\"461\" data-id=\"278215\" src=\"https:\/\/www.tucomarca.com\/wordpress\/segunda\/wp-content\/uploads\/2025\/09\/Turis_AmasDeCasa01-1024x461.jpeg\" alt=\"\" class=\"wp-image-278215\" srcset=\"https:\/\/www.tucomarca.com\/wordpress\/segunda\/wp-content\/uploads\/2025\/09\/Turis_AmasDeCasa01-1024x461.jpeg 1024w, https:\/\/www.tucomarca.com\/wordpress\/segunda\/wp-content\/uploads\/2025\/09\/Turis_AmasDeCasa01-300x135.jpeg 300w, https:\/\/www.tucomarca.com\/wordpress\/segunda\/wp-content\/uploads\/2025\/09\/Turis_AmasDeCasa01-768x346.jpeg 768w, https:\/\/www.tucomarca.com\/wordpress\/segunda\/wp-content\/uploads\/2025\/09\/Turis_AmasDeCasa01-1536x691.jpeg 1536w, https:\/\/www.tucomarca.com\/wordpress\/segunda\/wp-content\/uploads\/2025\/09\/Turis_AmasDeCasa01.jpeg 1600w\" sizes=\"auto, (max-width: 1024px) 100vw, 1024px\" \/><\/figure>\n<\/figure>\n","protected":false},"excerpt":{"rendered":"<div class=\"mh-excerpt\">La passada setmana, l\u2019Associaci\u00f3 d\u2019Ames de Casa va celebrar el seu tradicional sopar d\u2019inici de curs en un ambient festiu i de conviv\u00e8ncia. A la trobada tamb\u00e9 van assistir l\u2019alcalde i membres de la corporaci\u00f3 <a class=\"mh-excerpt-more\" href=\"https:\/\/www.tucomarca.com\/wordpress\/segunda\/ca\/les-ames-de-casa-celebren-el-sopar-dinici-de-curs-amb-reconeixements-i-bon-ambient\/\" title=\"Les Ames de Casa celebren el sopar d\u2019inici de curs amb reconeixements i bon ambient\">[+] <\/a><\/div>\n","protected":false},"author":13,"featured_media":278220,"comment_status":"open","ping_status":"open","sticky":false,"template":"","format":"gallery","meta":{"footnotes":""},"categories":[10894,10902,11007,10896,11047],"tags":[11077,15856,11093],"class_list":{"0":"post-278222","1":"post","2":"type-post","3":"status-publish","4":"format-gallery","5":"has-post-thumbnail","7":"category-la-comarca-ca","8":"category-la-ribera-ca","9":"category-ocio-y-cultura-ca","10":"category-seccion-ca","11":"category-turis-ca","12":"tag-la-ribera-alta-ca","13":"tag-ocio-y-cultura-ca","14":"tag-turis-ca","15":"post_format-post-format-gallery"},"_links":{"self":[{"href":"https:\/\/www.tucomarca.com\/wordpress\/segunda\/ca\/wp-json\/wp\/v2\/posts\/278222","targetHints":{"allow":["GET"]}}],"collection":[{"href":"https:\/\/www.tucomarca.com\/wordpress\/segunda\/ca\/wp-json\/wp\/v2\/posts"}],"about":[{"href":"https:\/\/www.tucomarca.com\/wordpress\/segunda\/ca\/wp-json\/wp\/v2\/types\/post"}],"author":[{"embeddable":true,"href":"https:\/\/www.tucomarca.com\/wordpress\/segunda\/ca\/wp-json\/wp\/v2\/users\/13"}],"replies":[{"embeddable":true,"href":"https:\/\/www.tucomarca.com\/wordpress\/segunda\/ca\/wp-json\/wp\/v2\/comments?post=278222"}],"version-history":[{"count":0,"href":"https:\/\/www.tucomarca.com\/wordpress\/segunda\/ca\/wp-json\/wp\/v2\/posts\/278222\/revisions"}],"wp:featuredmedia":[{"embeddable":true,"href":"https:\/\/www.tucomarca.com\/wordpress\/segunda\/ca\/wp-json\/wp\/v2\/media\/278220"}],"wp:attachment":[{"href":"https:\/\/www.tucomarca.com\/wordpress\/segunda\/ca\/wp-json\/wp\/v2\/media?parent=278222"}],"wp:term":[{"taxonomy":"category","embeddable":true,"href":"https:\/\/www.tucomarca.com\/wordpress\/segunda\/ca\/wp-json\/wp\/v2\/categories?post=278222"},{"taxonomy":"post_tag","embeddable":true,"href":"https:\/\/www.tucomarca.com\/wordpress\/segunda\/ca\/wp-json\/wp\/v2\/tags?post=278222"}],"curies":[{"name":"wp","href":"https:\/\/api.w.org\/{rel}","templated":true}]}}