{"id":278324,"date":"2025-09-03T09:30:00","date_gmt":"2025-09-03T07:30:00","guid":{"rendered":"https:\/\/www.tucomarca.com\/wordpress\/segunda\/?p=278324"},"modified":"2025-09-03T19:26:54","modified_gmt":"2025-09-03T17:26:54","slug":"lantic-convent-de-castielfabib-acull-un-estiu-mes-les-seues-jornades-dexcavacio-arqueologica-amb-una-amplia-participacio-veinal","status":"publish","type":"post","link":"https:\/\/www.tucomarca.com\/wordpress\/segunda\/ca\/lantic-convent-de-castielfabib-acull-un-estiu-mes-les-seues-jornades-dexcavacio-arqueologica-amb-una-amplia-participacio-veinal\/","title":{"rendered":"L\u2019antic convent de Castielfabib acull un estiu m\u00e9s les seues jornades d\u2019excavaci\u00f3 arqueol\u00f2gica amb una \u00e0mplia participaci\u00f3 ve\u00efnal"},"content":{"rendered":"\n<p>El municipi de Castielfabib ha celebrat durant la passada setmana una nova edici\u00f3 de les ja tradicionals jornades d\u2019excavaci\u00f3 a l\u2019antic convent de Sant Guillem, un projecte que compta amb la col\u00b7laboraci\u00f3 activa de professionals del patrimoni, voluntaris i, de manera molt especial, dels habitants de la localitat.<\/p>\n\n\n\n<p>Aquestes jornades, que any rere any contribueixen a la recuperaci\u00f3 i estudi de l\u2019important patrimoni hist\u00f2ric del municipi, tenen com a objectiu donar a con\u00e9ixer els descobriments arqueol\u00f2gics a la ciutadania i fomentar la consci\u00e8ncia sobre la necessitat de conservar i dotar de dignitat i d\u2019usos futurs aquest llegat com\u00fa.<\/p>\n\n\n\n<p>Com a novetat, en l\u2019edici\u00f3 d\u2019enguany s\u2019han desenvolupat dos tallers pr\u00e0ctics de restauraci\u00f3 i construcci\u00f3 de murs de ma\u00e7oneria de cal\u00e7 i pedra en sec, oberts a participants de totes les edats. Amb aquesta proposta s\u2019ha buscat complementar el treball d\u2019excavaci\u00f3 amb activitats formatives que posen en valor les t\u00e8cniques constructives tradicionals de la zona, afavorint tant l\u2019aprenentatge pr\u00e0ctic com la sensibilitzaci\u00f3 cap al manteniment del patrimoni arquitect\u00f2nic. Aquests tallers s\u2019han dut a terme gr\u00e0cies al Pla Recuperem Val\u00e8ncia, entre altres activitats.<\/p>\n\n\n\n<p>Coincidint amb la recent convocat\u00f2ria de les subvencions de b\u00e9ns immobles de la Conselleria de Cultura, es va celebrar tamb\u00e9 una reuni\u00f3 entre tots els agents implicats en el projecte (propietat, professionals, coordinadors de les activitats al voltant del convent, entre altres) amb l\u2019objectiu de consensuar les pr\u00f2ximes actuacions i definir una fulla de ruta que permeta garantir una planificaci\u00f3 s\u00f2lida, orientada a obtindre una valoraci\u00f3 favorable en la convocat\u00f2ria d\u2019ajudes auton\u00f2miques. Aquesta trobada refor\u00e7a la coordinaci\u00f3 institucional i social al voltant del Convent, garantint una planificaci\u00f3 sostenible de les actuacions futures.<\/p>\n\n\n\n<p>La implicaci\u00f3 dels ve\u00efns i ve\u00efnes ha sigut, un any m\u00e9s, fonamental per a l\u2019\u00e8xit de les jornades, que no sols permeten avan\u00e7ar en el coneixement de la hist\u00f2ria local, sin\u00f3 tamb\u00e9 mantindre viu un projecte que enfortix la identitat cultural de Castielfabib i projecta la seua riquesa patrimonial cap al futur.<\/p>\n\n\n\n<p>Amb iniciatives com aquesta, Castielfabib referma el seu comprom\u00eds amb la difusi\u00f3, conservaci\u00f3 i posada en valor del seu patrimoni hist\u00f2ric, assegurant que tant residents com visitants puguen continuar descobrint i apreciant l\u2019her\u00e8ncia cultural d\u2019aquest enclavament singular.<\/p>\n\n\n\n<figure class=\"wp-block-gallery has-nested-images columns-default is-cropped wp-block-gallery-1 is-layout-flex wp-block-gallery-is-layout-flex\">\n<figure class=\"wp-block-image size-large\"><img loading=\"lazy\" decoding=\"async\" width=\"1024\" height=\"768\" data-id=\"278319\" src=\"https:\/\/www.tucomarca.com\/wordpress\/segunda\/wp-content\/uploads\/2025\/09\/ExcavacionCastielfabib02-1024x768.jpg\" alt=\"\" class=\"wp-image-278319\" srcset=\"https:\/\/www.tucomarca.com\/wordpress\/segunda\/wp-content\/uploads\/2025\/09\/ExcavacionCastielfabib02-1024x768.jpg 1024w, https:\/\/www.tucomarca.com\/wordpress\/segunda\/wp-content\/uploads\/2025\/09\/ExcavacionCastielfabib02-300x225.jpg 300w, https:\/\/www.tucomarca.com\/wordpress\/segunda\/wp-content\/uploads\/2025\/09\/ExcavacionCastielfabib02-768x576.jpg 768w, https:\/\/www.tucomarca.com\/wordpress\/segunda\/wp-content\/uploads\/2025\/09\/ExcavacionCastielfabib02-1536x1152.jpg 1536w, https:\/\/www.tucomarca.com\/wordpress\/segunda\/wp-content\/uploads\/2025\/09\/ExcavacionCastielfabib02-2048x1536.jpg 2048w, https:\/\/www.tucomarca.com\/wordpress\/segunda\/wp-content\/uploads\/2025\/09\/ExcavacionCastielfabib02-678x509.jpg 678w, https:\/\/www.tucomarca.com\/wordpress\/segunda\/wp-content\/uploads\/2025\/09\/ExcavacionCastielfabib02-326x245.jpg 326w, https:\/\/www.tucomarca.com\/wordpress\/segunda\/wp-content\/uploads\/2025\/09\/ExcavacionCastielfabib02-80x60.jpg 80w\" sizes=\"auto, (max-width: 1024px) 100vw, 1024px\" \/><\/figure>\n\n\n\n<figure class=\"wp-block-image size-large\"><img loading=\"lazy\" decoding=\"async\" width=\"693\" height=\"1024\" data-id=\"278321\" src=\"https:\/\/www.tucomarca.com\/wordpress\/segunda\/wp-content\/uploads\/2025\/09\/ExcavacionCastielfabib03-693x1024.jpg\" alt=\"\" class=\"wp-image-278321\" srcset=\"https:\/\/www.tucomarca.com\/wordpress\/segunda\/wp-content\/uploads\/2025\/09\/ExcavacionCastielfabib03-693x1024.jpg 693w, https:\/\/www.tucomarca.com\/wordpress\/segunda\/wp-content\/uploads\/2025\/09\/ExcavacionCastielfabib03-203x300.jpg 203w, https:\/\/www.tucomarca.com\/wordpress\/segunda\/wp-content\/uploads\/2025\/09\/ExcavacionCastielfabib03-768x1134.jpg 768w, https:\/\/www.tucomarca.com\/wordpress\/segunda\/wp-content\/uploads\/2025\/09\/ExcavacionCastielfabib03-1040x1536.jpg 1040w, https:\/\/www.tucomarca.com\/wordpress\/segunda\/wp-content\/uploads\/2025\/09\/ExcavacionCastielfabib03-1387x2048.jpg 1387w, https:\/\/www.tucomarca.com\/wordpress\/segunda\/wp-content\/uploads\/2025\/09\/ExcavacionCastielfabib03-scaled.jpg 1734w\" sizes=\"auto, (max-width: 693px) 100vw, 693px\" \/><\/figure>\n<\/figure>\n","protected":false},"excerpt":{"rendered":"<div class=\"mh-excerpt\">El municipi de Castielfabib ha celebrat durant la passada setmana una nova edici\u00f3 de les ja tradicionals jornades d\u2019excavaci\u00f3 a l\u2019antic convent de Sant Guillem, un projecte que compta amb la col\u00b7laboraci\u00f3 activa de professionals <a class=\"mh-excerpt-more\" href=\"https:\/\/www.tucomarca.com\/wordpress\/segunda\/ca\/lantic-convent-de-castielfabib-acull-un-estiu-mes-les-seues-jornades-dexcavacio-arqueologica-amb-una-amplia-participacio-veinal\/\" title=\"L\u2019antic convent de Castielfabib acull un estiu m\u00e9s les seues jornades d\u2019excavaci\u00f3 arqueol\u00f2gica amb una \u00e0mplia participaci\u00f3 ve\u00efnal\">[+] <\/a><\/div>\n","protected":false},"author":13,"featured_media":278318,"comment_status":"open","ping_status":"open","sticky":false,"template":"","format":"gallery","meta":{"footnotes":""},"categories":[10890,10925,10948,10894,11007,10896],"tags":[11097,22959,17521,15856],"class_list":{"0":"post-278324","1":"post","2":"type-post","3":"status-publish","4":"format-gallery","5":"has-post-thumbnail","7":"category-ademus","8":"category-castielfabib-ca","9":"category-infraestructuras-ca","10":"category-la-comarca-ca","11":"category-ocio-y-cultura-ca","12":"category-seccion-ca","13":"tag-ademuz-ca","14":"tag-arqueologia-ca","15":"tag-castielfabib-ca","16":"tag-ocio-y-cultura-ca","17":"post_format-post-format-gallery"},"_links":{"self":[{"href":"https:\/\/www.tucomarca.com\/wordpress\/segunda\/ca\/wp-json\/wp\/v2\/posts\/278324","targetHints":{"allow":["GET"]}}],"collection":[{"href":"https:\/\/www.tucomarca.com\/wordpress\/segunda\/ca\/wp-json\/wp\/v2\/posts"}],"about":[{"href":"https:\/\/www.tucomarca.com\/wordpress\/segunda\/ca\/wp-json\/wp\/v2\/types\/post"}],"author":[{"embeddable":true,"href":"https:\/\/www.tucomarca.com\/wordpress\/segunda\/ca\/wp-json\/wp\/v2\/users\/13"}],"replies":[{"embeddable":true,"href":"https:\/\/www.tucomarca.com\/wordpress\/segunda\/ca\/wp-json\/wp\/v2\/comments?post=278324"}],"version-history":[{"count":0,"href":"https:\/\/www.tucomarca.com\/wordpress\/segunda\/ca\/wp-json\/wp\/v2\/posts\/278324\/revisions"}],"wp:featuredmedia":[{"embeddable":true,"href":"https:\/\/www.tucomarca.com\/wordpress\/segunda\/ca\/wp-json\/wp\/v2\/media\/278318"}],"wp:attachment":[{"href":"https:\/\/www.tucomarca.com\/wordpress\/segunda\/ca\/wp-json\/wp\/v2\/media?parent=278324"}],"wp:term":[{"taxonomy":"category","embeddable":true,"href":"https:\/\/www.tucomarca.com\/wordpress\/segunda\/ca\/wp-json\/wp\/v2\/categories?post=278324"},{"taxonomy":"post_tag","embeddable":true,"href":"https:\/\/www.tucomarca.com\/wordpress\/segunda\/ca\/wp-json\/wp\/v2\/tags?post=278324"}],"curies":[{"name":"wp","href":"https:\/\/api.w.org\/{rel}","templated":true}]}}