{"id":278341,"date":"2025-09-03T08:30:00","date_gmt":"2025-09-03T06:30:00","guid":{"rendered":"https:\/\/www.tucomarca.com\/wordpress\/segunda\/?p=278341"},"modified":"2025-09-03T20:31:30","modified_gmt":"2025-09-03T18:31:30","slug":"siete-aguas-celebra-la-quarta-edicio-de-la-nit-dels-ciris-este-dissabte-6-de-setembre","status":"publish","type":"post","link":"https:\/\/www.tucomarca.com\/wordpress\/segunda\/ca\/siete-aguas-celebra-la-quarta-edicio-de-la-nit-dels-ciris-este-dissabte-6-de-setembre\/","title":{"rendered":"Siete Aguas celebra la quarta edici\u00f3 de la Nit dels Ciris este dissabte, 6 de setembre"},"content":{"rendered":"\n<p>Siete Aguas es prepara per a viure un dels seus esdeveniments culturals m\u00e9s especials i esperats: la 4a edici\u00f3 de la Nit dels Ciris, que tindr\u00e0 lloc el pr\u00f2xim dissabte, 6 de setembre de 2025. Una cita organitzada per Siete Aguas Teatro en col\u00b7laboraci\u00f3 amb totes les associacions culturals del municipi i que omplir\u00e0 de llum, m\u00fasica i art els carrers del poble.<\/p>\n\n\n\n<p>La vetlada comen\u00e7ar\u00e0 a les 21:45 hores, quan la batucada eixir\u00e0 des del Parc de les Associacions en passacarrer cap a les cantonades del recorregut. Des de El Boleo, baixar\u00e0 el cor de xiquets amb els seus fanalets, que en les quatre cantonades llegiran poesia infantil.<\/p>\n\n\n\n<p>Un dels moments m\u00e9s emotius ser\u00e0 el \u201cCant per la pau\u201d, on els xiquets iniciaran la interpretaci\u00f3 de l\u2019himne <em>\u201cDona nobis pacem\u201d<\/em> i progressivament s\u2019hi aniran sumant les veus dels adults.<\/p>\n\n\n\n<p>La m\u00fasica continuar\u00e0 sent protagonista amb l\u2019actuaci\u00f3 del Quintet de Vent al carrer Nou cap a La Carchata, mentre que a la Pla\u00e7a de l\u2019Ajuntament, Siete Aguas Teatro presentar\u00e0 la performance <em>\u201cHist\u00f2ria del Teatre\u201d<\/em>.<\/p>\n\n\n\n<p>La nit es tancar\u00e0 al Parc de les Associacions amb el concert del grup musical \u201cLas WOT\u201d, posant el fermall final a una jornada que promet unir tradici\u00f3, cultura i emoci\u00f3 davall la m\u00e0gica il\u00b7luminaci\u00f3 de milers de ciris.<\/p>\n","protected":false},"excerpt":{"rendered":"<div class=\"mh-excerpt\">Siete Aguas es prepara per a viure un dels seus esdeveniments culturals m\u00e9s especials i esperats: la 4a edici\u00f3 de la Nit dels Ciris, que tindr\u00e0 lloc el pr\u00f2xim dissabte, 6 de setembre de 2025. <a class=\"mh-excerpt-more\" href=\"https:\/\/www.tucomarca.com\/wordpress\/segunda\/ca\/siete-aguas-celebra-la-quarta-edicio-de-la-nit-dels-ciris-este-dissabte-6-de-setembre\/\" title=\"Siete Aguas celebra la quarta edici\u00f3 de la Nit dels Ciris este dissabte, 6 de setembre\">[+] <\/a><\/div>\n","protected":false},"author":12,"featured_media":278339,"comment_status":"open","ping_status":"open","sticky":false,"template":"","format":"standard","meta":{"footnotes":""},"categories":[11019,10894,10912,11007,10896,10979],"tags":[10914,22960,11157],"class_list":{"0":"post-278341","1":"post","2":"type-post","3":"status-publish","4":"format-standard","5":"has-post-thumbnail","7":"category-agenda-ca","8":"category-la-comarca-ca","9":"category-la-hoya-ca","10":"category-ocio-y-cultura-ca","11":"category-seccion-ca","12":"category-siete-aguas-ca","13":"tag-la-hoya-de-bunol-chiva-ca","14":"tag-noche-de-las-velas-ca","15":"tag-siete-aguas-ca"},"_links":{"self":[{"href":"https:\/\/www.tucomarca.com\/wordpress\/segunda\/ca\/wp-json\/wp\/v2\/posts\/278341","targetHints":{"allow":["GET"]}}],"collection":[{"href":"https:\/\/www.tucomarca.com\/wordpress\/segunda\/ca\/wp-json\/wp\/v2\/posts"}],"about":[{"href":"https:\/\/www.tucomarca.com\/wordpress\/segunda\/ca\/wp-json\/wp\/v2\/types\/post"}],"author":[{"embeddable":true,"href":"https:\/\/www.tucomarca.com\/wordpress\/segunda\/ca\/wp-json\/wp\/v2\/users\/12"}],"replies":[{"embeddable":true,"href":"https:\/\/www.tucomarca.com\/wordpress\/segunda\/ca\/wp-json\/wp\/v2\/comments?post=278341"}],"version-history":[{"count":0,"href":"https:\/\/www.tucomarca.com\/wordpress\/segunda\/ca\/wp-json\/wp\/v2\/posts\/278341\/revisions"}],"wp:featuredmedia":[{"embeddable":true,"href":"https:\/\/www.tucomarca.com\/wordpress\/segunda\/ca\/wp-json\/wp\/v2\/media\/278339"}],"wp:attachment":[{"href":"https:\/\/www.tucomarca.com\/wordpress\/segunda\/ca\/wp-json\/wp\/v2\/media?parent=278341"}],"wp:term":[{"taxonomy":"category","embeddable":true,"href":"https:\/\/www.tucomarca.com\/wordpress\/segunda\/ca\/wp-json\/wp\/v2\/categories?post=278341"},{"taxonomy":"post_tag","embeddable":true,"href":"https:\/\/www.tucomarca.com\/wordpress\/segunda\/ca\/wp-json\/wp\/v2\/tags?post=278341"}],"curies":[{"name":"wp","href":"https:\/\/api.w.org\/{rel}","templated":true}]}}