{"id":278463,"date":"2025-09-05T08:00:00","date_gmt":"2025-09-05T06:00:00","guid":{"rendered":"https:\/\/www.tucomarca.com\/wordpress\/segunda\/?p=278463"},"modified":"2025-09-05T15:06:35","modified_gmt":"2025-09-05T13:06:35","slug":"el-pcpv-inaugura-a-lateneu-de-cheste-lexposicio-arte-en-resistencia","status":"publish","type":"post","link":"https:\/\/www.tucomarca.com\/wordpress\/segunda\/ca\/el-pcpv-inaugura-a-lateneu-de-cheste-lexposicio-arte-en-resistencia\/","title":{"rendered":"El PCPV inaugura a l\u2019Ateneu de Xest l\u2019exposici\u00f3 Arte en Resistencia"},"content":{"rendered":"<div class=\"wp-block-image\">\n<figure class=\"alignleft size-large is-resized\"><img loading=\"lazy\" decoding=\"async\" width=\"819\" height=\"1024\" src=\"http:\/\/www.tucomarca.com\/wordpress\/segunda\/wp-content\/uploads\/2025\/09\/PCPVAteneoCheste-819x1024.jpg\" alt=\"\" class=\"wp-image-278458\" style=\"width:370px;height:auto\" srcset=\"https:\/\/www.tucomarca.com\/wordpress\/segunda\/wp-content\/uploads\/2025\/09\/PCPVAteneoCheste-819x1024.jpg 819w, https:\/\/www.tucomarca.com\/wordpress\/segunda\/wp-content\/uploads\/2025\/09\/PCPVAteneoCheste-240x300.jpg 240w, https:\/\/www.tucomarca.com\/wordpress\/segunda\/wp-content\/uploads\/2025\/09\/PCPVAteneoCheste-768x960.jpg 768w, https:\/\/www.tucomarca.com\/wordpress\/segunda\/wp-content\/uploads\/2025\/09\/PCPVAteneoCheste.jpg 1080w\" sizes=\"auto, (max-width: 819px) 100vw, 819px\" \/><\/figure>\n<\/div>\n\n\n<p>El <strong>Partit Comunista del Pa\u00eds Valenci\u00e0 (PCPV)<\/strong>, en col\u00b7laboraci\u00f3 amb la societat <strong>Ateneu de Xest<\/strong>, inaugura este divendres 5 de setembre, a les 20 hores, l\u2019exposici\u00f3 <strong>Arte en Resistencia<\/strong>, una mostra que reuneix obres de destacats autors com <strong>Pablo Picasso, Juan Genov\u00e9s, l\u2019Equip Cr\u00f2nica o Rafael Alberti<\/strong>, entre altres.<\/p>\n\n\n\n<p>Les peces procedeixen de la col\u00b7lecci\u00f3 art\u00edstica del PCPV i formen part d\u2019un recorregut que la formaci\u00f3 ha iniciat per distintes poblacions del Pa\u00eds Valenci\u00e0 amb l\u2019objectiu de donar a con\u00e9ixer al p\u00fablic estos fons art\u00edstics de gran valor hist\u00f2ric i cultural.<\/p>\n\n\n\n<p>La inauguraci\u00f3 comptar\u00e0 amb un acte de presentaci\u00f3 i, posteriorment, s\u2019oferir\u00e0 un \u00e0gap al p\u00fablic assistent.<\/p>\n\n\n\n<p>L\u2019exposici\u00f3 romandr\u00e0 oberta al hall de l\u2019Ateneu de Cheste fins al <strong>3 d\u2019octubre<\/strong>.<\/p>\n","protected":false},"excerpt":{"rendered":"<div class=\"mh-excerpt\">El Partit Comunista del Pa\u00eds Valenci\u00e0 (PCPV), en col\u00b7laboraci\u00f3 amb la societat Ateneu de Xest, inaugura este divendres 5 de setembre, a les 20 hores, l\u2019exposici\u00f3 Arte en Resistencia, una mostra que reuneix obres de <a class=\"mh-excerpt-more\" href=\"https:\/\/www.tucomarca.com\/wordpress\/segunda\/ca\/el-pcpv-inaugura-a-lateneu-de-cheste-lexposicio-arte-en-resistencia\/\" title=\"El PCPV inaugura a l\u2019Ateneu de Xest l\u2019exposici\u00f3 Arte en Resistencia\">[+] <\/a><\/div>\n","protected":false},"author":12,"featured_media":278462,"comment_status":"open","ping_status":"open","sticky":false,"template":"","format":"standard","meta":{"footnotes":""},"categories":[11019,10894,10912,11007,10896,10974],"tags":[11071,22968,10914,11553],"class_list":{"0":"post-278463","1":"post","2":"type-post","3":"status-publish","4":"format-standard","5":"has-post-thumbnail","7":"category-agenda-ca","8":"category-la-comarca-ca","9":"category-la-hoya-ca","10":"category-ocio-y-cultura-ca","11":"category-seccion-ca","12":"category-cheste-ca","13":"tag-cheste","14":"tag-exposicion-arte-en-resistencia-ca","15":"tag-la-hoya-de-bunol-chiva-ca","16":"tag-pcpv-ca"},"_links":{"self":[{"href":"https:\/\/www.tucomarca.com\/wordpress\/segunda\/ca\/wp-json\/wp\/v2\/posts\/278463","targetHints":{"allow":["GET"]}}],"collection":[{"href":"https:\/\/www.tucomarca.com\/wordpress\/segunda\/ca\/wp-json\/wp\/v2\/posts"}],"about":[{"href":"https:\/\/www.tucomarca.com\/wordpress\/segunda\/ca\/wp-json\/wp\/v2\/types\/post"}],"author":[{"embeddable":true,"href":"https:\/\/www.tucomarca.com\/wordpress\/segunda\/ca\/wp-json\/wp\/v2\/users\/12"}],"replies":[{"embeddable":true,"href":"https:\/\/www.tucomarca.com\/wordpress\/segunda\/ca\/wp-json\/wp\/v2\/comments?post=278463"}],"version-history":[{"count":0,"href":"https:\/\/www.tucomarca.com\/wordpress\/segunda\/ca\/wp-json\/wp\/v2\/posts\/278463\/revisions"}],"wp:featuredmedia":[{"embeddable":true,"href":"https:\/\/www.tucomarca.com\/wordpress\/segunda\/ca\/wp-json\/wp\/v2\/media\/278462"}],"wp:attachment":[{"href":"https:\/\/www.tucomarca.com\/wordpress\/segunda\/ca\/wp-json\/wp\/v2\/media?parent=278463"}],"wp:term":[{"taxonomy":"category","embeddable":true,"href":"https:\/\/www.tucomarca.com\/wordpress\/segunda\/ca\/wp-json\/wp\/v2\/categories?post=278463"},{"taxonomy":"post_tag","embeddable":true,"href":"https:\/\/www.tucomarca.com\/wordpress\/segunda\/ca\/wp-json\/wp\/v2\/tags?post=278463"}],"curies":[{"name":"wp","href":"https:\/\/api.w.org\/{rel}","templated":true}]}}