{"id":278518,"date":"2025-09-05T13:00:00","date_gmt":"2025-09-05T11:00:00","guid":{"rendered":"https:\/\/www.tucomarca.com\/wordpress\/segunda\/?p=278518"},"modified":"2025-09-05T15:18:02","modified_gmt":"2025-09-05T13:18:02","slug":"la-diputacio-reobri-el-pont-que-recupera-la-connexio-entre-riba-roja-i-les-urbanitzacions-del-marge-nord-del-riu-turia","status":"publish","type":"post","link":"https:\/\/www.tucomarca.com\/wordpress\/segunda\/ca\/la-diputacio-reobri-el-pont-que-recupera-la-connexio-entre-riba-roja-i-les-urbanitzacions-del-marge-nord-del-riu-turia\/","title":{"rendered":"La Diputaci\u00f3 reobri el pont que recupera la connexi\u00f3 entre Riba-roja i les urbanitzacions del marge nord del riu T\u00faria"},"content":{"rendered":"\n<h3 class=\"wp-block-heading\">Una vegada operatiu el pas de vehicles, les obres es culminaran en les pr\u00f2ximes setmanes amb rematades de neteja i retirada que no afecten els serveis viaris.<\/h3>\n\n\n\n<h3 class=\"wp-block-heading\">El pont de la CV-336 \u00e9s clau tamb\u00e9 per a comunicar amb les poblacions ve\u00efnes de la Pobla de Vallbona, San Antonio de Benag\u00e9ber i l&#8217;Eliana.<\/h3>\n\n\n\n<p>La Diputaci\u00f3 de Val\u00e8ncia ha reobert al tr\u00e0nsit el pont de la CV-336 sobre el riu T\u00faria, en Riba-roja, despr\u00e9s de completar les obres d&#8217;emerg\u00e8ncia iniciades despr\u00e9s dels danys ocasionats per la dana del passat 29 d&#8217;octubre.\u00a0<\/p>\n\n\n\n<p>La intervenci\u00f3 retorna la normalitat a una infraestructura clau per a la connexi\u00f3 entre el nucli urb\u00e0 i les urbanitzacions situades al nord del T\u00faria, aix\u00ed com amb altres municipis de la zona com la Pobla de Vallbona, San Antonio de Benag\u00e9ber o l&#8217;Eliana.<\/p>\n\n\n\n<p>El president de la Diputaci\u00f3, Vicent Momp\u00f3, ha visitat este mat\u00ed el pont acompanyat pel secretari d&#8217;Estat de Pol\u00edtica Territorial, Arcadi Espa\u00f1a; la comissionada per a la Reconstrucci\u00f3 i Reparaci\u00f3 dels danys provocats per la dana, Zulima P\u00e9rez; el conseller de Medi Ambient, Infraestructures i Territori, Vicente Mart\u00ednez Mus; la diputada de Carreteres i vicepresidenta segona de la corporaci\u00f3 provincial, Reme Mazzolari; i l&#8217;alcalde de Riba-roja de T\u00faria, Robert Raga.&nbsp;<\/p>\n\n\n\n<p>Momp\u00f3 ha posat en valor la col\u00b7laboraci\u00f3 entre institucions i ha incidit en la necessitat de &#8220;seguir en la mateixa l\u00ednia i continuar treballant per a donar tranquil\u00b7litat a les persones&#8221;. &#8220;Quan les administracions van totes a una i es coordinen -continua- els prop\u00f2sits es complixen, i el nostre era obrir al tr\u00e0nsit la infraestructura abans de l&#8217;inici del curs escolar&#8221;.&nbsp;<\/p>\n\n\n\n<p>A m\u00e9s, el president provincial ha considerat que es tracta d&#8217;una infraestructura &#8220;important&#8221; a nivell comarcal i provincial. &#8220;No sols comunicar\u00e0 millor el municipi de Riba-roja i les seues urbanitzacions, tamb\u00e9 amb els municipis de San Antonio de Benag\u00e9ber, l&#8217;Eliana, o la Pobla de Vallbona&#8221;, apunta.<\/p>\n\n\n\n<p>En la mateixa l\u00ednia, el secretari d&#8217;Estat de Pol\u00edtica Territorial, Arcadi Espa\u00f1a, ha destacat tamb\u00e9 el treball conjunt entre les diferents administracions p\u00fabliques: &#8220;en este cas, l&#8217;Ajuntament de Riba-roja, la Diputaci\u00f3 de Val\u00e8ncia que ha executat l&#8217;obra i el Govern d&#8217;Espanya que l&#8217;ha finan\u00e7ada&#8221;.<\/p>\n\n\n\n<p>Per part seua, la vicepresidenta segona i diputada de Carreteres, Reme Mazzolari, ha apuntat que &#8220;les obres continuen per a rematar l&#8217;obra a l&#8217;entorn de la plataforma de pas&#8221;, al mateix temps que ha mostrat la seua satisfacci\u00f3 per &#8220;atorgar mobilitat als m\u00e9s de 3.000 ve\u00efns de Riba-roja que viuen en la zona nord del T\u00faria&#8221;.<\/p>\n\n\n\n<p>En esta mateixa l\u00ednia s&#8217;ha pronunciat l&#8217;alcalde, Robert Raga, qui ha ressaltat tamb\u00e9 que &#8220;els nostres ve\u00efns ja poden anar de manera r\u00e0pida del cas urb\u00e0 a la zona nord i al rev\u00e9s: eixa \u00e9s la verdadera import\u00e0ncia i l&#8217;\u00e8xit d&#8217;esta obra&#8221;. Aix\u00ed mateix, ha destacat tamb\u00e9 que &#8220;el que hui es demostra \u00e9s que quan es coordinen totes les administracions, el resultat \u00e9s millor per a tots&#8221;.&nbsp;<\/p>\n\n\n\n<p><strong>Reconstrucci\u00f3 del pont<\/strong><\/p>\n\n\n\n<p>La dana va provocar importants distorsions en el tauler del pont i fissures horitzontals en la base de diverses piles, la qual cosa va obligar a demolir i reconstruir els elements danyats. Com a mesura provisional, l&#8217;ex\u00e8rcit de Terra va instal\u00b7lar un pont militar tipus Mabey de 48 metres per a garantir la mobilitat mentres s&#8217;executaven els treballs principals; encarregant-se l&#8217;\u00e0rea provincial de Carreteres d&#8217;habilitar els accessos.&nbsp;<\/p>\n\n\n\n<p>L&#8217;actuaci\u00f3 d&#8217;emerg\u00e8ncia ha incl\u00f2s la fitaci\u00f3 del tram afectat, la demolici\u00f3 de tres obertures i tres piles, la fonamentaci\u00f3 profunda amb pilotes in situ i la reconstrucci\u00f3 de les piles i tauler, mantenint la morfologia i geometria originals. Tamb\u00e9 s&#8217;han reposat tots els elements funcionals i de seguretat necessaris per a la circulaci\u00f3.<\/p>\n\n\n\n<p>El pont actual, projectat en 1961 despr\u00e9s de la riuada de 1957, compta amb 11 obertures i una longitud de 148,5 metres, amb dos carrils i vorera per als vianants. La reobertura al tr\u00e0nsit ha sigut possible despr\u00e9s de realitzar la prova de c\u00e0rrega abans del comen\u00e7ament del curs escolar, quedant rematades de neteja i retirada que no afecten els serveis viaris.<\/p>\n\n\n\n<figure class=\"wp-block-gallery has-nested-images columns-1 is-cropped wp-block-gallery-1 is-layout-flex wp-block-gallery-is-layout-flex\">\n<figure class=\"wp-block-image size-large\"><img loading=\"lazy\" decoding=\"async\" width=\"1024\" height=\"665\" data-id=\"278511\" src=\"https:\/\/www.tucomarca.com\/wordpress\/segunda\/wp-content\/uploads\/2025\/09\/RibarojaReapertura3-1024x665.jpg\" alt=\"\" class=\"wp-image-278511\" srcset=\"https:\/\/www.tucomarca.com\/wordpress\/segunda\/wp-content\/uploads\/2025\/09\/RibarojaReapertura3-1024x665.jpg 1024w, https:\/\/www.tucomarca.com\/wordpress\/segunda\/wp-content\/uploads\/2025\/09\/RibarojaReapertura3-300x195.jpg 300w, https:\/\/www.tucomarca.com\/wordpress\/segunda\/wp-content\/uploads\/2025\/09\/RibarojaReapertura3-768x499.jpg 768w, https:\/\/www.tucomarca.com\/wordpress\/segunda\/wp-content\/uploads\/2025\/09\/RibarojaReapertura3-1536x998.jpg 1536w, https:\/\/www.tucomarca.com\/wordpress\/segunda\/wp-content\/uploads\/2025\/09\/RibarojaReapertura3-2048x1331.jpg 2048w\" sizes=\"auto, (max-width: 1024px) 100vw, 1024px\" \/><\/figure>\n\n\n\n<figure class=\"wp-block-image size-large\"><img loading=\"lazy\" decoding=\"async\" width=\"1024\" height=\"665\" data-id=\"278515\" src=\"https:\/\/www.tucomarca.com\/wordpress\/segunda\/wp-content\/uploads\/2025\/09\/RibarojaReaperturaDipu-1024x665.jpg\" alt=\"\" class=\"wp-image-278515\" srcset=\"https:\/\/www.tucomarca.com\/wordpress\/segunda\/wp-content\/uploads\/2025\/09\/RibarojaReaperturaDipu-1024x665.jpg 1024w, https:\/\/www.tucomarca.com\/wordpress\/segunda\/wp-content\/uploads\/2025\/09\/RibarojaReaperturaDipu-300x195.jpg 300w, https:\/\/www.tucomarca.com\/wordpress\/segunda\/wp-content\/uploads\/2025\/09\/RibarojaReaperturaDipu-768x499.jpg 768w, https:\/\/www.tucomarca.com\/wordpress\/segunda\/wp-content\/uploads\/2025\/09\/RibarojaReaperturaDipu-1536x998.jpg 1536w, https:\/\/www.tucomarca.com\/wordpress\/segunda\/wp-content\/uploads\/2025\/09\/RibarojaReaperturaDipu-2048x1331.jpg 2048w\" sizes=\"auto, (max-width: 1024px) 100vw, 1024px\" \/><\/figure>\n<\/figure>\n","protected":false},"excerpt":{"rendered":"<div class=\"mh-excerpt\">Una vegada operatiu el pas de vehicles, les obres es culminaran en les pr\u00f2ximes setmanes amb rematades de neteja i retirada que no afecten els serveis viaris. El pont de la CV-336 \u00e9s clau tamb\u00e9 <a class=\"mh-excerpt-more\" href=\"https:\/\/www.tucomarca.com\/wordpress\/segunda\/ca\/la-diputacio-reobri-el-pont-que-recupera-la-connexio-entre-riba-roja-i-les-urbanitzacions-del-marge-nord-del-riu-turia\/\" title=\"La Diputaci\u00f3 reobri el pont que recupera la connexi\u00f3 entre Riba-roja i les urbanitzacions del marge nord del riu T\u00faria\">[+] <\/a><\/div>\n","protected":false},"author":1,"featured_media":278514,"comment_status":"open","ping_status":"open","sticky":false,"template":"","format":"gallery","meta":{"footnotes":""},"categories":[10892,21466,10898,10948,10894,10904,10903,10947,10906,10896,10897],"tags":[10899,15409,11246,11199],"class_list":{"0":"post-278518","1":"post","2":"type-post","3":"status-publish","4":"format-gallery","5":"has-post-thumbnail","7":"category-camp-de-turia-ca","8":"category-dana-ca","9":"category-ventana-ca","10":"category-infraestructuras-ca","11":"category-la-comarca-ca","12":"category-sin-categorizar-ca","13":"category-medio-ambiente-la-comarca-ca","14":"category-politica","15":"category-riba-roja-ca","16":"category-seccion-ca","17":"category-sucesos-la-comarca-ca","18":"tag-camp-de-turia-ca","19":"tag-dana-2-ca","20":"tag-diputacio-de-valencia-ca","21":"tag-la-comunitat-ca","22":"post_format-post-format-gallery"},"_links":{"self":[{"href":"https:\/\/www.tucomarca.com\/wordpress\/segunda\/ca\/wp-json\/wp\/v2\/posts\/278518","targetHints":{"allow":["GET"]}}],"collection":[{"href":"https:\/\/www.tucomarca.com\/wordpress\/segunda\/ca\/wp-json\/wp\/v2\/posts"}],"about":[{"href":"https:\/\/www.tucomarca.com\/wordpress\/segunda\/ca\/wp-json\/wp\/v2\/types\/post"}],"author":[{"embeddable":true,"href":"https:\/\/www.tucomarca.com\/wordpress\/segunda\/ca\/wp-json\/wp\/v2\/users\/1"}],"replies":[{"embeddable":true,"href":"https:\/\/www.tucomarca.com\/wordpress\/segunda\/ca\/wp-json\/wp\/v2\/comments?post=278518"}],"version-history":[{"count":0,"href":"https:\/\/www.tucomarca.com\/wordpress\/segunda\/ca\/wp-json\/wp\/v2\/posts\/278518\/revisions"}],"wp:featuredmedia":[{"embeddable":true,"href":"https:\/\/www.tucomarca.com\/wordpress\/segunda\/ca\/wp-json\/wp\/v2\/media\/278514"}],"wp:attachment":[{"href":"https:\/\/www.tucomarca.com\/wordpress\/segunda\/ca\/wp-json\/wp\/v2\/media?parent=278518"}],"wp:term":[{"taxonomy":"category","embeddable":true,"href":"https:\/\/www.tucomarca.com\/wordpress\/segunda\/ca\/wp-json\/wp\/v2\/categories?post=278518"},{"taxonomy":"post_tag","embeddable":true,"href":"https:\/\/www.tucomarca.com\/wordpress\/segunda\/ca\/wp-json\/wp\/v2\/tags?post=278518"}],"curies":[{"name":"wp","href":"https:\/\/api.w.org\/{rel}","templated":true}]}}