{"id":278528,"date":"2025-09-05T14:00:00","date_gmt":"2025-09-05T12:00:00","guid":{"rendered":"https:\/\/www.tucomarca.com\/wordpress\/segunda\/?p=278528"},"modified":"2025-09-05T18:58:36","modified_gmt":"2025-09-05T16:58:36","slug":"el-consell-amplia-quatre-linies-dajudes-per-3535-milions-deuros-per-als-damnificats-de-les-inundacions","status":"publish","type":"post","link":"https:\/\/www.tucomarca.com\/wordpress\/segunda\/ca\/el-consell-amplia-quatre-linies-dajudes-per-3535-milions-deuros-per-als-damnificats-de-les-inundacions\/","title":{"rendered":"El Consell amplia quatre l\u00ednies d\u2019ajudes per 353,5 milions d\u2019euros per als damnificats de les inundacions"},"content":{"rendered":"\n<h3 class=\"wp-block-heading\">Susana Camarero informa que ja s\u2019ha abonat al 100 % el primer paquet d\u2019ajudes d\u2019aut\u00f2noms i les del complement de l\u2019ERTO i quasi totalment les de b\u00e9ns de primera necessitat i de vehicles sinistrats.<\/h3>\n\n\n\n<h3 class=\"wp-block-heading\">El Consell autoritza rec\u00f3rrer el decret del Govern central que aprova la \u2018capacitat ordin\u00e0ria\u2019 del sistema de protecci\u00f3 de menors estrangers no acompanyats i sol\u00b7licita la suspensi\u00f3 cautelar de la norma.<\/h3>\n\n\n<div class=\"wp-block-image\">\n<figure class=\"alignleft size-large is-resized\"><img loading=\"lazy\" decoding=\"async\" width=\"1024\" height=\"682\" src=\"http:\/\/www.tucomarca.com\/wordpress\/segunda\/wp-content\/uploads\/2025\/09\/SusanaCamarero-1024x682.jpeg\" alt=\"\" class=\"wp-image-278525\" style=\"width:343px;height:auto\" srcset=\"https:\/\/www.tucomarca.com\/wordpress\/segunda\/wp-content\/uploads\/2025\/09\/SusanaCamarero-1024x682.jpeg 1024w, https:\/\/www.tucomarca.com\/wordpress\/segunda\/wp-content\/uploads\/2025\/09\/SusanaCamarero-300x200.jpeg 300w, https:\/\/www.tucomarca.com\/wordpress\/segunda\/wp-content\/uploads\/2025\/09\/SusanaCamarero-768x512.jpeg 768w, https:\/\/www.tucomarca.com\/wordpress\/segunda\/wp-content\/uploads\/2025\/09\/SusanaCamarero-1536x1023.jpeg 1536w, https:\/\/www.tucomarca.com\/wordpress\/segunda\/wp-content\/uploads\/2025\/09\/SusanaCamarero.jpeg 1600w\" sizes=\"auto, (max-width: 1024px) 100vw, 1024px\" \/><\/figure>\n<\/div>\n\n\n<p>El Consell ha aprovat quatre nous decrets, per un import conjunt de 353,5 milions d\u2019euros, amb els quals amplia les ajudes dirigides als damnificats per la riuada del passat 29 d\u2019octubre.<\/p>\n\n\n\n<p>Despr\u00e9s de la sessi\u00f3 del Ple del Consell, la portaveu Susana Camarero ha explicat que les ajudes que s\u2019amplien s\u00f3n les de gastos de primera necessitat (120 milions d\u2019euros addicionals i 3.000 euros m\u00e9s per beneficiari), vehicles sinistrats (174 milions d\u2019euros i duplica la quantitat percebuda per cada perceptor), aut\u00f2noms sense treballadors a c\u00e0rrec seu (55,1 milions i 3.000 euros addicionals per cada un) i persones treballadores per compte d\u2019altri amb suspensi\u00f3 del contracte de treball a trav\u00e9s d\u2019un expedient de regulaci\u00f3 d\u2019ocupaci\u00f3 (4,4 milions i 360 euros m\u00e9s a cada beneficiari).<\/p>\n\n\n\n<p>Camarero ha detallat que estes ajudes, \u201ccom va explicar el president en la seua compareixen\u00e7a del passat dimarts, seran objecte de pagament autom\u00e0tic, sense que els beneficiaris que ja les han rebudes hagen de dur a terme cap tr\u00e0mit\u201d.<\/p>\n\n\n\n<p>Aix\u00ed mateix, Camarero ha informat que, del primer paquet d\u2019ajudes, s\u2019han pagat per complet les d\u2019aut\u00f2noms sense treballadors (55 milions d\u2019euros) i les del complement de l\u2019expedient de regulaci\u00f3 d\u2019ocupaci\u00f3 temporal (ERTO) i s\u2019han abonat pr\u00e0cticament \u00edntegrament les de b\u00e9ns de primera necessitat (160,4 milions d\u2019euros) i la de vehicles sinistrats (166 milions d\u2019euros).<\/p>\n\n\n\n<p><strong>Menors<\/strong><\/p>\n\n\n\n<p>Aix\u00ed mateix, el Consell ha pres ra\u00f3 de l\u2019autoritzaci\u00f3 a l\u2019Advocacia General de la Generalitat per a interposar un recurs contenci\u00f3s administratiu contra el Reial decret 743\/2025, de 26 d\u2019agost, pel qual s\u2019aprova la denominada \u2018capacitat ordin\u00e0ria\u2019 del sistema de protecci\u00f3 i tutela de persones menors d\u2019edat estrangeres no acompanyades.<\/p>\n\n\n\n<p>Juntament amb este recurs, el Consell ha sol\u00b7licitat la suspensi\u00f3 cautelar de la norma, perqu\u00e8 la considera contr\u00e0ria a dret i perqu\u00e8 suposa una vulneraci\u00f3 de l\u2019inter\u00e9s superior dels menors migrants no acompanyats.<\/p>\n\n\n\n<p>Referent a aix\u00f2, Susana Camarero ha informat que la Generalitat fa diverses setmanes que demana col\u00b7laboraci\u00f3 per a atendre estos menors. Aix\u00ed, ha destacat que \u201chem enviat cartes a ajuntaments traslladant la situaci\u00f3 i sol\u00b7licitant informaci\u00f3 sobre possibles infraestructures, espais o recursos disponibles en els seus municipis, en els quals es pogueren atendre estos menors migrants no acompanyats\u201d.<\/p>\n\n\n\n<p>A m\u00e9s, Camarero ha indicat que \u201chem enviat cartes al s\u00edndic de greuges i al defensor del poble per a informar sobre les actuacions del Govern central realitzades per al trasllat de menors sense comptar amb l\u2019adequada capacitat, i alertar del risc de ruptura del sistema de protecci\u00f3 existent en el nostre territori\u201d.<\/p>\n\n\n\n<p><strong>Altres assumptes<\/strong><\/p>\n\n\n\n<p>D\u2019altra banda, en mat\u00e8ria de Medi Ambient, Infraestructures i Territori, el Ple ha donat llum verda per a executar les obres de reparaci\u00f3 del viari auxiliar i estructura d\u2019acc\u00e9s al Centre Comercial Bonaire des de la CV-410 (Aldaia), i la restituci\u00f3 de la CV-4126 (Alfafar).<\/p>\n\n\n\n<p>Aix\u00ed mateix, s\u2019ha validat l\u2019emerg\u00e8ncia per a reparar els col\u00b7lectors 3, 4 i 7 del sistema de sanejament de la Pobla de Farnals a Massalfassar i el Puig de Santa Maria, danyats per les pluges de juliol.<\/p>\n","protected":false},"excerpt":{"rendered":"<div class=\"mh-excerpt\">Susana Camarero informa que ja s\u2019ha abonat al 100 % el primer paquet d\u2019ajudes d\u2019aut\u00f2noms i les del complement de l\u2019ERTO i quasi totalment les de b\u00e9ns de primera necessitat i de vehicles sinistrats. El <a class=\"mh-excerpt-more\" href=\"https:\/\/www.tucomarca.com\/wordpress\/segunda\/ca\/el-consell-amplia-quatre-linies-dajudes-per-3535-milions-deuros-per-als-damnificats-de-les-inundacions\/\" title=\"El Consell amplia quatre l\u00ednies d\u2019ajudes per 353,5 milions d\u2019euros per als damnificats de les inundacions\">[+] <\/a><\/div>\n","protected":false},"author":1,"featured_media":243687,"comment_status":"open","ping_status":"open","sticky":false,"template":"","format":"standard","meta":{"footnotes":""},"categories":[21466,10898,10948,10894,10904,10903,10947,10896,10897],"tags":[13821,12683,15409,11199],"class_list":{"0":"post-278528","1":"post","2":"type-post","3":"status-publish","4":"format-standard","5":"has-post-thumbnail","7":"category-dana-ca","8":"category-ventana-ca","9":"category-infraestructuras-ca","10":"category-la-comarca-ca","11":"category-sin-categorizar-ca","12":"category-medio-ambiente-la-comarca-ca","13":"category-politica","14":"category-seccion-ca","15":"category-sucesos-la-comarca-ca","16":"tag-ayudas-ca","17":"tag-consell-ca","18":"tag-dana-2-ca","19":"tag-la-comunitat-ca"},"_links":{"self":[{"href":"https:\/\/www.tucomarca.com\/wordpress\/segunda\/ca\/wp-json\/wp\/v2\/posts\/278528","targetHints":{"allow":["GET"]}}],"collection":[{"href":"https:\/\/www.tucomarca.com\/wordpress\/segunda\/ca\/wp-json\/wp\/v2\/posts"}],"about":[{"href":"https:\/\/www.tucomarca.com\/wordpress\/segunda\/ca\/wp-json\/wp\/v2\/types\/post"}],"author":[{"embeddable":true,"href":"https:\/\/www.tucomarca.com\/wordpress\/segunda\/ca\/wp-json\/wp\/v2\/users\/1"}],"replies":[{"embeddable":true,"href":"https:\/\/www.tucomarca.com\/wordpress\/segunda\/ca\/wp-json\/wp\/v2\/comments?post=278528"}],"version-history":[{"count":0,"href":"https:\/\/www.tucomarca.com\/wordpress\/segunda\/ca\/wp-json\/wp\/v2\/posts\/278528\/revisions"}],"wp:featuredmedia":[{"embeddable":true,"href":"https:\/\/www.tucomarca.com\/wordpress\/segunda\/ca\/wp-json\/wp\/v2\/media\/243687"}],"wp:attachment":[{"href":"https:\/\/www.tucomarca.com\/wordpress\/segunda\/ca\/wp-json\/wp\/v2\/media?parent=278528"}],"wp:term":[{"taxonomy":"category","embeddable":true,"href":"https:\/\/www.tucomarca.com\/wordpress\/segunda\/ca\/wp-json\/wp\/v2\/categories?post=278528"},{"taxonomy":"post_tag","embeddable":true,"href":"https:\/\/www.tucomarca.com\/wordpress\/segunda\/ca\/wp-json\/wp\/v2\/tags?post=278528"}],"curies":[{"name":"wp","href":"https:\/\/api.w.org\/{rel}","templated":true}]}}